{"id":3768,"date":"2020-03-13T17:47:23","date_gmt":"2020-03-13T20:47:23","guid":{"rendered":"http:\/\/oasisfm935.com\/site\/?p=3768"},"modified":"2020-03-13T22:36:52","modified_gmt":"2020-03-14T01:36:52","slug":"ingeniero-luiggi-becas-provinciales-solicitudes-y-renovaciones","status":"publish","type":"post","link":"https:\/\/oasisfm935.com.ar\/site\/ingeniero-luiggi-becas-provinciales-solicitudes-y-renovaciones\/","title":{"rendered":"INGENIERO LUIGGI : Becas Provinciales: Solicitudes y Renovaciones"},"content":{"rendered":"<blockquote><p><b>Las inscripciones ya se encuentran disponibles hasta el \u00a0pr\u00f3ximo 20 de Marzo , te pod\u00e9s inscribir en la sede de Juventud del Municipio Local \u00a0, de Lunes a Viernes de 7:00 Horas a 13:00.<\/b><\/p>\n<p>Seg\u00fan informo Marianela Chiaraluce\u00a0 \u00a0para solicitar la beca tienen que acercarse al Auditorio Municipal , se le entregan unas planillas y se piden todos los datos de la persona que la solicita y el representante legal, y las \u00fanicas dos condiciones para soltarlas es que no pueden tener ning\u00fan otro tipo de becas, y no deben adeudar ninguna materia. Y en el caso de terciario universitario, tienen que tener aprobado el 50 por ciento de las materias del a\u00f1o que cursan, o sea del a\u00f1o anterior.<\/p>\n<p><a href=\"http:\/\/oasisfm935.com\/site\/wp-content\/uploads\/2020\/03\/88945728_2882120921871388_6530817254710312960_n.jpg\"><img loading=\"lazy\" decoding=\"async\" class=\"alignnone size-full wp-image-3769\" src=\"http:\/\/oasisfm935.com\/site\/wp-content\/uploads\/2020\/03\/88945728_2882120921871388_6530817254710312960_n.jpg\" alt=\"\" width=\"947\" height=\"653\" srcset=\"https:\/\/oasisfm935.com.ar\/site\/wp-content\/uploads\/2020\/03\/88945728_2882120921871388_6530817254710312960_n.jpg 947w, https:\/\/oasisfm935.com.ar\/site\/wp-content\/uploads\/2020\/03\/88945728_2882120921871388_6530817254710312960_n-300x207.jpg 300w, https:\/\/oasisfm935.com.ar\/site\/wp-content\/uploads\/2020\/03\/88945728_2882120921871388_6530817254710312960_n-768x530.jpg 768w\" sizes=\"auto, (max-width: 947px) 100vw, 947px\" \/><\/a><\/p>\n<p>&nbsp;<\/p>\n<p>Adem\u00e1s de esto estamos tramitando la Tarjeta Joven. As\u00ed que tienen tiempo hasta el d\u00eda 20 de marzo de este a\u00f1o para presentar todos los papeles<\/p><\/blockquote>\n<p>&nbsp;<\/p>\n<p>&nbsp;<\/p>\n<p>&nbsp;<\/p>\n<p>&nbsp;<\/p>\n<div>Fotos : Gobierno de Ingeniero Luiggi<\/div>\n<div>\n<div class=\"WI9k4c\">\n<div class=\"GgmXif jY7QFf\">\n<div class=\"DgZBFd\">\n<div class=\"WI9k4c\">\n<div class=\"GgmXif jY7QFf\">\n<div class=\"DgZBFd\"><span data-dobid=\"hdw\">Redacci\u00f3n: Mario Sergio S\u00e1ez<\/span><\/div>\n<\/div>\n<\/div>\n<\/div>\n<\/div>\n<\/div>\n<\/div>\n<div class=\"oasis-despues-del-contenido\" id=\"oasis-2598772543\"><img loading=\"lazy\" decoding=\"async\" src=\"https:\/\/oasisfm935.com.ar\/site\/wp-content\/uploads\/2020\/08\/47806202-8741-49f2-a5c9-d2f930e5baa1.jpg\" alt=\"\"  srcset=\"https:\/\/oasisfm935.com.ar\/site\/wp-content\/uploads\/2020\/08\/47806202-8741-49f2-a5c9-d2f930e5baa1.jpg 1080w, https:\/\/oasisfm935.com.ar\/site\/wp-content\/uploads\/2020\/08\/47806202-8741-49f2-a5c9-d2f930e5baa1-300x300.jpg 300w, https:\/\/oasisfm935.com.ar\/site\/wp-content\/uploads\/2020\/08\/47806202-8741-49f2-a5c9-d2f930e5baa1-1024x1024.jpg 1024w, https:\/\/oasisfm935.com.ar\/site\/wp-content\/uploads\/2020\/08\/47806202-8741-49f2-a5c9-d2f930e5baa1-150x150.jpg 150w, https:\/\/oasisfm935.com.ar\/site\/wp-content\/uploads\/2020\/08\/47806202-8741-49f2-a5c9-d2f930e5baa1-768x768.jpg 768w\" sizes=\"(max-width: 1080px) 100vw, 1080px\" class=\"no-lazyload\" width=\"1080\" height=\"1080\"  style=\"display: inline-block;\" \/><\/div>","protected":false},"excerpt":{"rendered":"<p>Las inscripciones ya se encuentran disponibles hasta el \u00a0pr\u00f3ximo 20 de Marzo , te pod\u00e9s inscribir en la sede de Juventud del<\/p>\n","protected":false},"author":4,"featured_media":3786,"comment_status":"closed","ping_status":"open","sticky":false,"template":"","format":"standard","meta":{"colormag_page_layout":"default_layout","footnotes":""},"categories":[2],"tags":[],"class_list":["post-3768","post","type-post","status-publish","format-standard","has-post-thumbnail","hentry","category-noticias"],"_links":{"self":[{"href":"https:\/\/oasisfm935.com.ar\/site\/wp-json\/wp\/v2\/posts\/3768","targetHints":{"allow":["GET"]}}],"collection":[{"href":"https:\/\/oasisfm935.com.ar\/site\/wp-json\/wp\/v2\/posts"}],"about":[{"href":"https:\/\/oasisfm935.com.ar\/site\/wp-json\/wp\/v2\/types\/post"}],"author":[{"embeddable":true,"href":"https:\/\/oasisfm935.com.ar\/site\/wp-json\/wp\/v2\/users\/4"}],"replies":[{"embeddable":true,"href":"https:\/\/oasisfm935.com.ar\/site\/wp-json\/wp\/v2\/comments?post=3768"}],"version-history":[{"count":11,"href":"https:\/\/oasisfm935.com.ar\/site\/wp-json\/wp\/v2\/posts\/3768\/revisions"}],"predecessor-version":[{"id":3794,"href":"https:\/\/oasisfm935.com.ar\/site\/wp-json\/wp\/v2\/posts\/3768\/revisions\/3794"}],"wp:featuredmedia":[{"embeddable":true,"href":"https:\/\/oasisfm935.com.ar\/site\/wp-json\/wp\/v2\/media\/3786"}],"wp:attachment":[{"href":"https:\/\/oasisfm935.com.ar\/site\/wp-json\/wp\/v2\/media?parent=3768"}],"wp:term":[{"taxonomy":"category","embeddable":true,"href":"https:\/\/oasisfm935.com.ar\/site\/wp-json\/wp\/v2\/categories?post=3768"},{"taxonomy":"post_tag","embeddable":true,"href":"https:\/\/oasisfm935.com.ar\/site\/wp-json\/wp\/v2\/tags?post=3768"}],"curies":[{"name":"wp","href":"https:\/\/api.w.org\/{rel}","templated":true}]}}