{"id":3790,"date":"2020-03-13T18:37:40","date_gmt":"2020-03-13T21:37:40","guid":{"rendered":"http:\/\/oasisfm935.com\/site\/?p=3790"},"modified":"2020-03-13T18:38:14","modified_gmt":"2020-03-13T21:38:14","slug":"madres-reclaman-que-sus-hijos-puedan-ir-a-la-escuela-hogar-de-el-tala","status":"publish","type":"post","link":"https:\/\/oasisfm935.com.ar\/site\/madres-reclaman-que-sus-hijos-puedan-ir-a-la-escuela-hogar-de-el-tala\/","title":{"rendered":"Madres reclaman que sus hijos puedan ir a la Escuela Hogar de El Tala"},"content":{"rendered":"<p>Algunos madres de Ingeniero Luiggi y Rancul reclamaron que sus hijos puedan concurrir a la Escuela Hogar 107 de \u201cEl Tala\u201d, en tanto desde la Coordinaci\u00f3n de \u00e1rea aseguraron que<strong>\u00a0\u201cpara el ingreso a las Escuelas Hogares hay que seguir una serie de tr\u00e1mites que no se hicieron\u201d.<\/strong><\/p>\n<p>Mariela Iglesias de Ingeniero Luiggi y Soraya\u00a0 R\u00edos de Rancul se acercaron a FM Oasis de Ingeniero Luiggi para manifestar que est\u00e1n juntando firmas para que sus hijos puedan concurrir a la Escuela Hogar de El Tala.<\/p>\n<p><strong>\u201cEstamos juntando firmas a trav\u00e9s de una nota para que los vecinos nos apoyen en este reclamo para que nuestros hijos puedan seguir yendo a la escuela de El Tala<\/strong>\u201d, expresaron.<\/p>\n<p><strong>\u201cSon unos cuantos los chicos\u00a0 de Luiggi, de Rancul, de Parera que est\u00e1n en esta situaci\u00f3n\u201d<\/strong>, explic\u00f3 una de las madres en di\u00e1logo con FM Oasis.<\/p>\n<p>\u201cPara nosotros que por ah\u00ed somos madre solteras, no tenemos con quien dejar a nuestros hijos, y pagar una ni\u00f1era mientras trabajamos, se nos hace imposible, por eso los mandamos all\u00e1 porque no les falta nada, est\u00e1n muy bien atendidos, les brindan mucho cari\u00f1o\u201d, explicaron las madres Mariela Iglesias de Ingeniero Luiggi y Soraya\u00a0 R\u00edos de Rancul.<\/p>\n<p>&nbsp;<\/p>\n<p><strong>Comentaron que las notas que distribuyeron en comercios del medio juntando firmas, est\u00e1n dirigidas al \u00a0Ministro de Educaci\u00f3n Maccione y a la Coordinadora Marisa Sarria.<\/strong><\/p>\n<p><strong>\u201cVoy a tratar de reunirme el lunes con la coordinadora porque ella no se encontraba en Luiggi\u201d,<\/strong>\u00a0expres\u00f3 una de las madres.<\/p>\n<p>\u201cEsperemos juntar firmas para que nos apoyen en este reclamo\u201d, expresaron.<\/p>\n<p>Las madres pidieron que\u00a0<strong>\u00abse respete<\/strong>\u00a0<strong>nuestra decisi\u00f3n a elegir la modalidad educativa que parezca mejor para nuestros hijos\u201d.<\/strong><\/p>\n<p><strong>Respuesta de la Coordinaci\u00f3n<\/strong><\/p>\n<p><strong>Zonal Noticias<\/strong>\u00a0consult\u00f3 a la\u00a0<strong>coordinadora Marisa Sarria,<\/strong>\u00a0quien indic\u00f3 que \u201ca la Coordinaci\u00f3n de Area no lleg\u00f3 ninguna nota\u201d<\/p>\n<p>En este sentido la Coordinadora de Area afirm\u00f3 que\u00a0<strong>\u201cpara el ingreso a las Escuelas Hogares hay que seguir una serie de tr\u00e1mites que se inician con una serie de informes desde lo social, desde salud y desde otros organismos, eso llega a la Coordinaci\u00f3n, es elevado a la Direcci\u00f3n de Nivel Primario y despu\u00e9s pueden estar autorizados o no esos ingresos, de acuerdo al estudio que se haga de cada familia\u201d.<\/strong><\/p>\n<p>Sarria indic\u00f3 que \u00a0\u201c<strong>estos tr\u00e1mites no se hicieron\u201d<\/strong>, al tiempo que reiter\u00f3 que<strong>\u00a0\u00aben la Coordinaci\u00f3n no dejaron ninguna nota\u00bb.<\/strong><\/p>\n<p>Adem\u00e1s destac\u00f3 que<strong>\u00a0\u201cel ingreso es una cuesti\u00f3n que es muy analizada y no lo determino yo \u00fanicamente\u201d.<\/strong><\/p>\n<p><strong>La nota expresa lo siguiente:<\/strong><\/p>\n<p><em><strong>Nosotros lo padres de los ni\u00f1os que concurren a la Escuela 107 del Paraje El Tala queremos manifestar que elegimos una escuela hogar para la educaci\u00f3n de nuestros hijos, como cualquiera otra opci\u00f3n, como se \u00a0estableceen el art\u00edculo de\u00a0 la Ley Nacional\u201d.<\/strong><\/em><\/p>\n<p><strong><em>\u201cEstamos en conocimiento de los requisitos del Ministerio de Educaci\u00f3n de la provincia de La Pampa, ha implementado en gestiones anteriores donde los ingresos de los alumnos de las Escuelas Hogares se encuentran condicionados a ciertos requisitos que no son implementados o requeridos para otras modalidades\u201d.<\/em><\/strong><\/p>\n<p><strong><em>\u201cA sabiendas que aunque se presenten estos requisitos, los alumnos no est\u00e1n pudiendo ingresar a las Escuelas Hogares y en la nuestra se est\u00e1 pidiendo desde la Coordinaci\u00f3n que saquen los alumnos que est\u00e1n concurriendo desde el inicio del persente ciclo lectivo, queremos expresar nuestro total desacuerdo con las pol\u00edticas de ingreso en Escuelas Hogares ya que nos parece arbitrarias y discriminativas\u201d.<\/em><\/strong><\/p>\n<p><strong><em>\u201cPor lo tanto pedimos que se respete nuestra decisi\u00f3n a elegir la modalidad educativa que nos parezca mejor para nuestros hijos\u201d.<\/em><\/strong><\/p>\n<p><strong>COBERTURA FM OASIS Y ZONAL NOTICIAS<\/strong><\/p>\n<div class=\"oasis-despues-del-contenido\" id=\"oasis-3409205838\"><img loading=\"lazy\" decoding=\"async\" src=\"https:\/\/oasisfm935.com.ar\/site\/wp-content\/uploads\/2020\/08\/47806202-8741-49f2-a5c9-d2f930e5baa1.jpg\" alt=\"\"  srcset=\"https:\/\/oasisfm935.com.ar\/site\/wp-content\/uploads\/2020\/08\/47806202-8741-49f2-a5c9-d2f930e5baa1.jpg 1080w, https:\/\/oasisfm935.com.ar\/site\/wp-content\/uploads\/2020\/08\/47806202-8741-49f2-a5c9-d2f930e5baa1-300x300.jpg 300w, https:\/\/oasisfm935.com.ar\/site\/wp-content\/uploads\/2020\/08\/47806202-8741-49f2-a5c9-d2f930e5baa1-1024x1024.jpg 1024w, https:\/\/oasisfm935.com.ar\/site\/wp-content\/uploads\/2020\/08\/47806202-8741-49f2-a5c9-d2f930e5baa1-150x150.jpg 150w, https:\/\/oasisfm935.com.ar\/site\/wp-content\/uploads\/2020\/08\/47806202-8741-49f2-a5c9-d2f930e5baa1-768x768.jpg 768w\" sizes=\"(max-width: 1080px) 100vw, 1080px\" class=\"no-lazyload\" width=\"1080\" height=\"1080\"  style=\"display: inline-block;\" \/><\/div>","protected":false},"excerpt":{"rendered":"<p>Algunos madres de Ingeniero Luiggi y Rancul reclamaron que sus hijos puedan concurrir a la Escuela Hogar 107 de \u201cEl Tala\u201d, en<\/p>\n","protected":false},"author":4,"featured_media":3791,"comment_status":"closed","ping_status":"open","sticky":false,"template":"","format":"standard","meta":{"colormag_page_layout":"default_layout","footnotes":""},"categories":[2],"tags":[],"class_list":["post-3790","post","type-post","status-publish","format-standard","has-post-thumbnail","hentry","category-noticias"],"_links":{"self":[{"href":"https:\/\/oasisfm935.com.ar\/site\/wp-json\/wp\/v2\/posts\/3790","targetHints":{"allow":["GET"]}}],"collection":[{"href":"https:\/\/oasisfm935.com.ar\/site\/wp-json\/wp\/v2\/posts"}],"about":[{"href":"https:\/\/oasisfm935.com.ar\/site\/wp-json\/wp\/v2\/types\/post"}],"author":[{"embeddable":true,"href":"https:\/\/oasisfm935.com.ar\/site\/wp-json\/wp\/v2\/users\/4"}],"replies":[{"embeddable":true,"href":"https:\/\/oasisfm935.com.ar\/site\/wp-json\/wp\/v2\/comments?post=3790"}],"version-history":[{"count":1,"href":"https:\/\/oasisfm935.com.ar\/site\/wp-json\/wp\/v2\/posts\/3790\/revisions"}],"predecessor-version":[{"id":3792,"href":"https:\/\/oasisfm935.com.ar\/site\/wp-json\/wp\/v2\/posts\/3790\/revisions\/3792"}],"wp:featuredmedia":[{"embeddable":true,"href":"https:\/\/oasisfm935.com.ar\/site\/wp-json\/wp\/v2\/media\/3791"}],"wp:attachment":[{"href":"https:\/\/oasisfm935.com.ar\/site\/wp-json\/wp\/v2\/media?parent=3790"}],"wp:term":[{"taxonomy":"category","embeddable":true,"href":"https:\/\/oasisfm935.com.ar\/site\/wp-json\/wp\/v2\/categories?post=3790"},{"taxonomy":"post_tag","embeddable":true,"href":"https:\/\/oasisfm935.com.ar\/site\/wp-json\/wp\/v2\/tags?post=3790"}],"curies":[{"name":"wp","href":"https:\/\/api.w.org\/{rel}","templated":true}]}}