{"id":3798,"date":"2020-03-15T20:06:04","date_gmt":"2020-03-15T23:06:04","guid":{"rendered":"http:\/\/oasisfm935.com\/site\/?p=3798"},"modified":"2020-03-15T20:06:04","modified_gmt":"2020-03-15T23:06:04","slug":"alberto-fernandez-anuncio-la-suspension-de-las-clases-por-15-dias-para-minimizar-la-circulacion-del-coronavirus","status":"publish","type":"post","link":"https:\/\/oasisfm935.com.ar\/site\/alberto-fernandez-anuncio-la-suspension-de-las-clases-por-15-dias-para-minimizar-la-circulacion-del-coronavirus\/","title":{"rendered":"Alberto Fern\u00e1ndez anunci\u00f3 la suspensi\u00f3n de las clases por 15 d\u00edas para minimizar la circulaci\u00f3n del coronavirus"},"content":{"rendered":"<p>&nbsp;<\/p>\n<div class=\"row pb-content-type-text\">\n<div class=\"col-xs-12 col-print-12\">\n<p class=\"element element-paragraph\">El presidente\u00a0<b>Alberto Fern\u00e1nez<\/b>\u00a0anunci\u00f3 hoy<mark class=\"hl_yellow\"><b>\u00a0la suspensi\u00f3n de las clases por 15 d\u00edas\u00a0<\/b><\/mark>para minimizar la circulaci\u00f3n del\u00a0<b>coronavirus.<\/b>\u00a0Lo hizo luego de encabezar una reuni\u00f3n en la quinta de Olivos donde participaron funcionarios del gabinete, dirigentes de la oposici\u00f3n y especialistas sanitarios<\/p>\n<\/div>\n<\/div>\n<div class=\"row pb-content-type-text\">\n<div class=\"col-xs-12 col-print-12\">\n<p class=\"element element-paragraph\">El Jefe de Estado estuvo acompa\u00f1ado por el gobernador de la provincia de Buenos Aires,\u00a0<b>Axel Kicillof\u00a0<\/b>y el jefe de Gobierno porte\u00f1o,\u00a0<b>Horacio Rodr\u00edguez Larreta<\/b>. Tambi\u00e9n, anunci\u00f3 que<b>\u00a0las fronteras argentinas estar\u00e1n cerradas durante 15 d\u00edas<\/b>, y se dispuso licencias laborales para todos los mayores de 65 a\u00f1os.<\/p>\n<div id=\"right_1_300x600\" class=\"ad-slot col-xs-12\" data-adtype=\"bigbox\"><\/div>\n<\/div>\n<\/div>\n<div class=\"row pb-content-type-text\">\n<div class=\"col-xs-12 col-print-12\">\n<p class=\"element element-paragraph\">\u201cTodo indica que lo que tenemos que lograr es minimizar la circulaci\u00f3n del virus. Hacer todo lo posible para que el virus no circule entre nosotros\u201d, explic\u00f3 el Presidente durante la conferencia de prensa, al tiempo que remarc\u00f3: \u201cTenemos que ganar tiempo para poder administrar de la mejor manera la cuesti\u00f3n sanitaria\u201d.<\/p>\n<\/div>\n<\/div>\n<div class=\"row pb-content-type-text\">\n<div class=\"col-xs-12 col-print-12\">\n<p class=\"element element-paragraph\">Fern\u00e1ndez asegur\u00f3 que durante la tarde analizaron al detalle las medidas a tomar y que llegaron a la conclusi\u00f3n de que tienen que ser \u201cdr\u00e1sticas\u201d para que \u201cse ataque en conjunto\u201d y se pueda \u201cimpedir la proliferaci\u00f3n del virus\u00bb<\/p>\n<\/div>\n<\/div>\n<div class=\"oasis-despues-del-contenido\" id=\"oasis-2150535456\"><img loading=\"lazy\" decoding=\"async\" src=\"https:\/\/oasisfm935.com.ar\/site\/wp-content\/uploads\/2020\/08\/47806202-8741-49f2-a5c9-d2f930e5baa1.jpg\" alt=\"\"  srcset=\"https:\/\/oasisfm935.com.ar\/site\/wp-content\/uploads\/2020\/08\/47806202-8741-49f2-a5c9-d2f930e5baa1.jpg 1080w, https:\/\/oasisfm935.com.ar\/site\/wp-content\/uploads\/2020\/08\/47806202-8741-49f2-a5c9-d2f930e5baa1-300x300.jpg 300w, https:\/\/oasisfm935.com.ar\/site\/wp-content\/uploads\/2020\/08\/47806202-8741-49f2-a5c9-d2f930e5baa1-1024x1024.jpg 1024w, https:\/\/oasisfm935.com.ar\/site\/wp-content\/uploads\/2020\/08\/47806202-8741-49f2-a5c9-d2f930e5baa1-150x150.jpg 150w, https:\/\/oasisfm935.com.ar\/site\/wp-content\/uploads\/2020\/08\/47806202-8741-49f2-a5c9-d2f930e5baa1-768x768.jpg 768w\" sizes=\"(max-width: 1080px) 100vw, 1080px\" class=\"no-lazyload\" width=\"1080\" height=\"1080\"  style=\"display: inline-block;\" \/><\/div>","protected":false},"excerpt":{"rendered":"<p>&nbsp; El presidente\u00a0Alberto Fern\u00e1nez\u00a0anunci\u00f3 hoy\u00a0la suspensi\u00f3n de las clases por 15 d\u00edas\u00a0para minimizar la circulaci\u00f3n del\u00a0coronavirus.\u00a0Lo hizo luego de encabezar una reuni\u00f3n<\/p>\n","protected":false},"author":4,"featured_media":3799,"comment_status":"closed","ping_status":"open","sticky":false,"template":"","format":"standard","meta":{"colormag_page_layout":"default_layout","footnotes":""},"categories":[2],"tags":[],"class_list":["post-3798","post","type-post","status-publish","format-standard","has-post-thumbnail","hentry","category-noticias"],"_links":{"self":[{"href":"https:\/\/oasisfm935.com.ar\/site\/wp-json\/wp\/v2\/posts\/3798","targetHints":{"allow":["GET"]}}],"collection":[{"href":"https:\/\/oasisfm935.com.ar\/site\/wp-json\/wp\/v2\/posts"}],"about":[{"href":"https:\/\/oasisfm935.com.ar\/site\/wp-json\/wp\/v2\/types\/post"}],"author":[{"embeddable":true,"href":"https:\/\/oasisfm935.com.ar\/site\/wp-json\/wp\/v2\/users\/4"}],"replies":[{"embeddable":true,"href":"https:\/\/oasisfm935.com.ar\/site\/wp-json\/wp\/v2\/comments?post=3798"}],"version-history":[{"count":1,"href":"https:\/\/oasisfm935.com.ar\/site\/wp-json\/wp\/v2\/posts\/3798\/revisions"}],"predecessor-version":[{"id":3800,"href":"https:\/\/oasisfm935.com.ar\/site\/wp-json\/wp\/v2\/posts\/3798\/revisions\/3800"}],"wp:featuredmedia":[{"embeddable":true,"href":"https:\/\/oasisfm935.com.ar\/site\/wp-json\/wp\/v2\/media\/3799"}],"wp:attachment":[{"href":"https:\/\/oasisfm935.com.ar\/site\/wp-json\/wp\/v2\/media?parent=3798"}],"wp:term":[{"taxonomy":"category","embeddable":true,"href":"https:\/\/oasisfm935.com.ar\/site\/wp-json\/wp\/v2\/categories?post=3798"},{"taxonomy":"post_tag","embeddable":true,"href":"https:\/\/oasisfm935.com.ar\/site\/wp-json\/wp\/v2\/tags?post=3798"}],"curies":[{"name":"wp","href":"https:\/\/api.w.org\/{rel}","templated":true}]}}