{"id":380,"date":"2019-01-18T08:56:59","date_gmt":"2019-01-18T11:56:59","guid":{"rendered":"http:\/\/oasisfm935.com\/site\/?p=380"},"modified":"2019-01-18T09:26:31","modified_gmt":"2019-01-18T12:26:31","slug":"tragedia-murio-un-nene-de-4-anos-en-caleufu","status":"publish","type":"post","link":"https:\/\/oasisfm935.com.ar\/site\/tragedia-murio-un-nene-de-4-anos-en-caleufu\/","title":{"rendered":"Tragedia: Muri\u00f3 un nene de 4 a\u00f1os en Caleuf\u00fa"},"content":{"rendered":"<p>El ni\u00f1o hab\u00eda ingresado ya fallecido esta tarde al hospital del pueblo. Trasladaron el cuerpo a Pico para la autopsia.<\/p>\n<p>Por el momento es escasa la informaci\u00f3n respecto al hecho. Aparentemente el ni\u00f1o viv\u00eda junto a sus padres en un predio rural cercano a Caleuf\u00fa cuando esta tarde, cerca de las 18:40 horas, falleci\u00f3 en circunstancias no precisadas.<\/p>\n<p>El peque\u00f1o ya hab\u00eda ingresado muerto al hospital de su localidad, por lo que luego fue trasladado hacia General Pico por la morguera de la Unidad Regional II, con la finalidad de que se le practique la correspondiente autopsia en la Morgue del hospital \u201cGobernador Centeno\u201d.<\/p>\n<p>Se inici\u00f3 una causa judicial que est\u00e1 en manos del fiscal Guillermo Komarofsky, de la Segunda Circunscripci\u00f3n Judicial.<\/p>\n<p>&nbsp;<\/p>\n<p>fuente : Info Pico<\/p>\n<div class=\"oasis-despues-del-contenido\" id=\"oasis-827412398\"><img loading=\"lazy\" decoding=\"async\" src=\"https:\/\/oasisfm935.com.ar\/site\/wp-content\/uploads\/2020\/08\/47806202-8741-49f2-a5c9-d2f930e5baa1.jpg\" alt=\"\"  srcset=\"https:\/\/oasisfm935.com.ar\/site\/wp-content\/uploads\/2020\/08\/47806202-8741-49f2-a5c9-d2f930e5baa1.jpg 1080w, https:\/\/oasisfm935.com.ar\/site\/wp-content\/uploads\/2020\/08\/47806202-8741-49f2-a5c9-d2f930e5baa1-300x300.jpg 300w, https:\/\/oasisfm935.com.ar\/site\/wp-content\/uploads\/2020\/08\/47806202-8741-49f2-a5c9-d2f930e5baa1-1024x1024.jpg 1024w, https:\/\/oasisfm935.com.ar\/site\/wp-content\/uploads\/2020\/08\/47806202-8741-49f2-a5c9-d2f930e5baa1-150x150.jpg 150w, https:\/\/oasisfm935.com.ar\/site\/wp-content\/uploads\/2020\/08\/47806202-8741-49f2-a5c9-d2f930e5baa1-768x768.jpg 768w\" sizes=\"(max-width: 1080px) 100vw, 1080px\" class=\"no-lazyload\" width=\"1080\" height=\"1080\"  style=\"display: inline-block;\" \/><\/div>","protected":false},"excerpt":{"rendered":"<p>El ni\u00f1o hab\u00eda ingresado ya fallecido esta tarde al hospital del pueblo. Trasladaron el cuerpo a Pico para la autopsia. Por el<\/p>\n","protected":false},"author":4,"featured_media":381,"comment_status":"closed","ping_status":"open","sticky":false,"template":"","format":"standard","meta":{"colormag_page_layout":"default_layout","footnotes":""},"categories":[2],"tags":[],"class_list":["post-380","post","type-post","status-publish","format-standard","has-post-thumbnail","hentry","category-noticias"],"_links":{"self":[{"href":"https:\/\/oasisfm935.com.ar\/site\/wp-json\/wp\/v2\/posts\/380","targetHints":{"allow":["GET"]}}],"collection":[{"href":"https:\/\/oasisfm935.com.ar\/site\/wp-json\/wp\/v2\/posts"}],"about":[{"href":"https:\/\/oasisfm935.com.ar\/site\/wp-json\/wp\/v2\/types\/post"}],"author":[{"embeddable":true,"href":"https:\/\/oasisfm935.com.ar\/site\/wp-json\/wp\/v2\/users\/4"}],"replies":[{"embeddable":true,"href":"https:\/\/oasisfm935.com.ar\/site\/wp-json\/wp\/v2\/comments?post=380"}],"version-history":[{"count":2,"href":"https:\/\/oasisfm935.com.ar\/site\/wp-json\/wp\/v2\/posts\/380\/revisions"}],"predecessor-version":[{"id":383,"href":"https:\/\/oasisfm935.com.ar\/site\/wp-json\/wp\/v2\/posts\/380\/revisions\/383"}],"wp:featuredmedia":[{"embeddable":true,"href":"https:\/\/oasisfm935.com.ar\/site\/wp-json\/wp\/v2\/media\/381"}],"wp:attachment":[{"href":"https:\/\/oasisfm935.com.ar\/site\/wp-json\/wp\/v2\/media?parent=380"}],"wp:term":[{"taxonomy":"category","embeddable":true,"href":"https:\/\/oasisfm935.com.ar\/site\/wp-json\/wp\/v2\/categories?post=380"},{"taxonomy":"post_tag","embeddable":true,"href":"https:\/\/oasisfm935.com.ar\/site\/wp-json\/wp\/v2\/tags?post=380"}],"curies":[{"name":"wp","href":"https:\/\/api.w.org\/{rel}","templated":true}]}}