{"id":3801,"date":"2020-03-15T20:54:35","date_gmt":"2020-03-15T23:54:35","guid":{"rendered":"http:\/\/oasisfm935.com\/site\/?p=3801"},"modified":"2020-03-15T20:54:35","modified_gmt":"2020-03-15T23:54:35","slug":"la-pampa-tambien-suspende-las-clases-y-da-asueto-este-lunes","status":"publish","type":"post","link":"https:\/\/oasisfm935.com.ar\/site\/la-pampa-tambien-suspende-las-clases-y-da-asueto-este-lunes\/","title":{"rendered":"La Pampa tambi\u00e9n suspende las clases y da asueto este lunes"},"content":{"rendered":"<p>&nbsp;<\/p>\n<p>El gobernador Sergio Ziliotto decidi\u00f3 dar asueto a trabajadores y trabajadoras de la Administraci\u00f3n P\u00fablica, con excepci\u00f3n de los afectados a Salud P\u00fablica y Seguridad.<\/p>\n<p>El gobernador Sergio Ziliotto oficializ\u00f3 la adhesi\u00f3n a la medida adoptada por el Gobierno nacional y decidi\u00f3 suspender el ciclo lectivo hasta el 31 de marzo. Pero adem\u00e1s, dio asueto a empleados y empleadas de la Administraci\u00f3n P\u00fablica, con excepci\u00f3n de los afectados a Salud P\u00fablicas y Seguridad, para \u00ab<span class=\"css-901oao css-16my406 r-1qd0xha r-ad9z0x r-bcqeeo r-qvutc0\">facilitar la organizaci\u00f3n familiar durante el periodo sin clases de nuestros alumnos\u00bb.<\/span><\/p>\n<p>Tras la nueva reuni\u00f3n del Comit\u00e9 de Crisis provincial sobre la problem\u00e1tica del coronavirus, el Gobierno provincial decidi\u00f3 adherir a los lineamientos de Naci\u00f3n anunciados durante este domingo. Esto significa que el ciclo lectivo tambi\u00e9n se suspender\u00e1 en La Pampa hasta el 31 de marzo.<\/p>\n<p>La \u00faltima reuni\u00f3n se realiz\u00f3 en la jornada de hoy desde la hora 17. En el informe posterior, se remarc\u00f3 que en la provincia no hay casos confirmados de COVID-19. \u00abHoras atr\u00e1s, mediante la aplicaci\u00f3n del protocolo vigente, se han descartado tres casos sospechosos\u00bb, detallaron.<\/p>\n<p>Los y las integrantes del Comit\u00e9 \u00abcruzaron datos relacionados a los controles en cotos de caza, en el Aeropuerto de la ciudad de Santa Rosa, en los distintos espacios con circulaci\u00f3n de visitantes extraprovinciales, los \u00faltimos informes recabados desde las \u00e1reas de Salud P\u00fablica, la respuesta de la poblaci\u00f3n a las distintas medidas planteadas a trav\u00e9s de los medios de prensa y\/o redes sociales y los hechos concretos que ameritaron intervenci\u00f3n del Ministerio de Seguridad\u00bb.<\/p>\n<p>\u00abConcluido el encuentro formal se consider\u00f3 necesario reiterar a la poblaci\u00f3n el concepto de casos sospechosos a tener en cuenta. En ese contexto se reafirm\u00f3 que Argentina contin\u00faa en fase de contenci\u00f3n para detectar casos sospechosos de manera temprana, asegurar el aislamiento de los mismos, brindar la atenci\u00f3n adecuada a los pacientes e implementar las medidas de investigaci\u00f3n, prevenci\u00f3n y control tendientes a reducir el riesgo de diseminaci\u00f3n de la infecci\u00f3n en la poblaci\u00f3n\u00bb, advirtieron.<\/p>\n<p>Recordaron que la consideraci\u00f3n de \u00abcaso sospechoso\u00bb comprende \u00aba toda persona que presente fiebre y uno o m\u00e1s s\u00edntomas respiratorios (tos, dificultad respiratoria, odinofagia) sin otra etiolog\u00eda que explique completamente la presentaci\u00f3n cl\u00ednica, y que en los \u00faltimos 14 d\u00edas haya estado en contacto con casos confirmados o probables por laboratorio de COVID-19 o tenga un historial de viaje o que haya estado en zonas con transmisi\u00f3n local de SARS CoV-2 (China, Corea del Sur, Jap\u00f3n, Ir\u00e1n, Europa y Estados Unidos)\u00bb.<\/p>\n<p>Tambi\u00e9n a \u00abtodo paciente con enfermedad respiratoria aguda grave que requiera asistencia respiratoria mec\u00e1nica debido a su cuadro respiratorio y sin otra etiolog\u00eda que explique el cuadro cl\u00ednico.<br \/>\nEl pa\u00eds se encuentra en m\u00e1ximo alerta para sensibilizar la vigilancia epidemiol\u00f3gica y la respuesta integrada y oportuna\u00bb.<\/p>\n<p>\u00abEl Ministerio de Salud junto al Ministerio de Seguridad contin\u00faa realizando controles en distintos cotos de caza constatando aislamiento correcto. Adem\u00e1s, se realizan controles epidemiol\u00f3gicos a pasajeros en el aeropuerto de Santa Rosa, brindando recomendaciones e informaci\u00f3n y traslado seguro de sintom\u00e1ticos si correspondiera\u00bb, agregaron.<\/p>\n<p>Recordaron que la Direcci\u00f3n de Epidemiolog\u00eda mantiene un call center de 24 horas con personal capacitado a fin de contener y brindar informaci\u00f3n a la poblaci\u00f3n. \u00abEl mismo atiende un promedio de 100 llamadas diarias. Adem\u00e1s realiza el contacto de aquellas personas que hayan retornado de pa\u00edses extranjeros con circulaci\u00f3n viral sostenida para asegurar aislamiento social y seguimiento del mismo\u00bb, remarcaron.<\/p>\n<p>Pidieron que ante la presencia de fiebre y s\u00edntomas respiratorios como tos, dolor de garganta, dificultad para respirar y haber permanecido en \u00e1reas con circulaci\u00f3n del virus (actualizado o al haber estado en contacto con un caso confirmado por laboratorio), se realice \u00abun contacto telef\u00f3nico de inmediato con el sistema de salud, refiera el antecedente de viaje y evite el contacto social\u00bb.<\/p>\n<p>\u00abA las personas que ingresan al pa\u00eds y que hayan permanecido en zonas de transmisi\u00f3n del nuevo coronavirus deben realizar un aislamiento preventivo durante 14 d\u00edas y no concurrir a lugares p\u00fablicos como \u00e1mbitos laborales, recreativos, deportivos y sociales\u00bb, recordaron.<\/p>\n<div class=\"oasis-despues-del-contenido\" id=\"oasis-1037555019\"><img loading=\"lazy\" decoding=\"async\" src=\"https:\/\/oasisfm935.com.ar\/site\/wp-content\/uploads\/2020\/08\/47806202-8741-49f2-a5c9-d2f930e5baa1.jpg\" alt=\"\"  srcset=\"https:\/\/oasisfm935.com.ar\/site\/wp-content\/uploads\/2020\/08\/47806202-8741-49f2-a5c9-d2f930e5baa1.jpg 1080w, https:\/\/oasisfm935.com.ar\/site\/wp-content\/uploads\/2020\/08\/47806202-8741-49f2-a5c9-d2f930e5baa1-300x300.jpg 300w, https:\/\/oasisfm935.com.ar\/site\/wp-content\/uploads\/2020\/08\/47806202-8741-49f2-a5c9-d2f930e5baa1-1024x1024.jpg 1024w, https:\/\/oasisfm935.com.ar\/site\/wp-content\/uploads\/2020\/08\/47806202-8741-49f2-a5c9-d2f930e5baa1-150x150.jpg 150w, https:\/\/oasisfm935.com.ar\/site\/wp-content\/uploads\/2020\/08\/47806202-8741-49f2-a5c9-d2f930e5baa1-768x768.jpg 768w\" sizes=\"(max-width: 1080px) 100vw, 1080px\" class=\"no-lazyload\" width=\"1080\" height=\"1080\"  style=\"display: inline-block;\" \/><\/div>","protected":false},"excerpt":{"rendered":"<p>&nbsp; El gobernador Sergio Ziliotto decidi\u00f3 dar asueto a trabajadores y trabajadoras de la Administraci\u00f3n P\u00fablica, con excepci\u00f3n de los afectados a<\/p>\n","protected":false},"author":4,"featured_media":3802,"comment_status":"closed","ping_status":"open","sticky":false,"template":"","format":"standard","meta":{"colormag_page_layout":"default_layout","footnotes":""},"categories":[2],"tags":[],"class_list":["post-3801","post","type-post","status-publish","format-standard","has-post-thumbnail","hentry","category-noticias"],"_links":{"self":[{"href":"https:\/\/oasisfm935.com.ar\/site\/wp-json\/wp\/v2\/posts\/3801","targetHints":{"allow":["GET"]}}],"collection":[{"href":"https:\/\/oasisfm935.com.ar\/site\/wp-json\/wp\/v2\/posts"}],"about":[{"href":"https:\/\/oasisfm935.com.ar\/site\/wp-json\/wp\/v2\/types\/post"}],"author":[{"embeddable":true,"href":"https:\/\/oasisfm935.com.ar\/site\/wp-json\/wp\/v2\/users\/4"}],"replies":[{"embeddable":true,"href":"https:\/\/oasisfm935.com.ar\/site\/wp-json\/wp\/v2\/comments?post=3801"}],"version-history":[{"count":1,"href":"https:\/\/oasisfm935.com.ar\/site\/wp-json\/wp\/v2\/posts\/3801\/revisions"}],"predecessor-version":[{"id":3803,"href":"https:\/\/oasisfm935.com.ar\/site\/wp-json\/wp\/v2\/posts\/3801\/revisions\/3803"}],"wp:featuredmedia":[{"embeddable":true,"href":"https:\/\/oasisfm935.com.ar\/site\/wp-json\/wp\/v2\/media\/3802"}],"wp:attachment":[{"href":"https:\/\/oasisfm935.com.ar\/site\/wp-json\/wp\/v2\/media?parent=3801"}],"wp:term":[{"taxonomy":"category","embeddable":true,"href":"https:\/\/oasisfm935.com.ar\/site\/wp-json\/wp\/v2\/categories?post=3801"},{"taxonomy":"post_tag","embeddable":true,"href":"https:\/\/oasisfm935.com.ar\/site\/wp-json\/wp\/v2\/tags?post=3801"}],"curies":[{"name":"wp","href":"https:\/\/api.w.org\/{rel}","templated":true}]}}