{"id":3813,"date":"2020-03-16T19:12:35","date_gmt":"2020-03-16T22:12:35","guid":{"rendered":"http:\/\/oasisfm935.com\/site\/?p=3813"},"modified":"2020-03-16T19:12:35","modified_gmt":"2020-03-16T22:12:35","slug":"lavin-se-reunio-con-el-comite-operativo-de-emergencia-y-anuncio-medidas-para-prevenir-el-coronavirus","status":"publish","type":"post","link":"https:\/\/oasisfm935.com.ar\/site\/lavin-se-reunio-con-el-comite-operativo-de-emergencia-y-anuncio-medidas-para-prevenir-el-coronavirus\/","title":{"rendered":"Lavin se reuni\u00f3 con el Comit\u00e9 Operativo de Emergencia y anunci\u00f3 medidas para prevenir el coronavirus"},"content":{"rendered":"<p>Cerca del mediod\u00eda la intendenta de Ingeniero Luiggi Patricia Lavin recibi\u00f3 en su despacho a integrantes del Comit\u00e9 de Emergencia que funciona en la localidad, m\u00e9dicos tanto del hospital como del sector privado, y referentes del Concejo Deliberante, para acordar medidas frente al coronavirus.<\/p>\n<p><strong>\u201cEl objetivo es acordar algunas medidas fundamentales para cuidar a nuestra comunidad\u201d,<\/strong>\u00a0expres\u00f3 la intendenta en una conferencia de prensa, donde estuvo acompa\u00f1ada por los fcultativos y su equipo de trabajo.<\/p>\n<p>La intendenta explic\u00f3 que el Comit\u00e9 \u00a0de Emergencia \u201c\u00a0<strong>es un espacio que viene funcionando desde hace tiempo en nuestra localidad y que viene realizando un trabajo sumamente interesante y efectivo cuando hemos tenido situaciones complejas\u201d.<\/strong><\/p>\n<p>\u00abAdem\u00e1s solicitamos que del encuentro participen el viceintendente Juan Jos\u00e9 Gorordo, los presidentes de los distintos \u00a0bloques del Concejo Deliberante, m\u00e9dicos tanto del hospital local como del \u00e1mbito privado como la autoridad policial\u00bb, resalt\u00f3 la jefa comunal.<\/p>\n<p><img decoding=\"async\" src=\"https:\/\/www.zonalnoticias.com\/images\/lavin_comite_3.jpg\" \/><\/p>\n<p>Lavin explic\u00f3 que el presidente Alberto Fern\u00e1ndez\u00a0<strong>\u00a0\u201cha tomado en las \u00faltimas horas decisiones que son realmente v\u00e1lidas, y con un impacto significativo, poniendo\u00a0 la salud de la poblaci\u00f3n por sobre lo econ\u00f3mico\u201d.<\/strong><\/p>\n<p>\u201cNuestra provincia adhiri\u00f3 a las definiciones de nuestro presidente y nosotros como localidad nos sumamos\u201d, expres\u00f3 la jefa comunal.<\/p>\n<p>\u201dEl objetivo es evitar reuniones sociales, mucha gente circulando en confiter\u00edas y restaurantes. Lo pedimos ya para el fin de semana anterior y hubo una actitud de suma responsabilidad\u201d, resalt\u00f3.<\/p>\n<p><strong>\u201cPedimos que el fin de semana que viene se sostengan estas medidas de prevenci\u00f3n, que se impidan encuentros masivos, para prevenir este virus\u201d<\/strong>, indic\u00f3 Lavin.<\/p>\n<p><img decoding=\"async\" src=\"https:\/\/www.zonalnoticias.com\/images\/lavin_comite.jpg\" \/><\/p>\n<p>\u201cNosotros desde el Ejecutivo hemos suspendido todo tipo de actividades recreativas que dependen del municipio, durante estos 15 d\u00edas vamos a tomar tomas las medidas que impidan la propagaci\u00f3n del coronavirus\u201d, remarc\u00f3 la intendenta luiggense.<\/p>\n<p>\u201cDesde el Estado vamos a hacer todo lo que est\u00e9 a nuestro alcance pero la responsabilidad es de todos\u201d, enfatiz\u00f3.<\/p>\n<p><img decoding=\"async\" src=\"https:\/\/www.zonalnoticias.com\/images\/lavin_comite_5.jpg\" \/><\/p>\n<p>Los m\u00e9dicos presentes hicieron hincapi\u00e9 en las\u00a0<strong>medidas de higiene para prevenir el coronavirus,<\/strong>\u00a0como el lavado de manos con agua y jab\u00f3n, la ventilaci\u00f3n de los ambientes, desinfectar con agua y lavandina picaportes, teclados y dem\u00e1s superficies.<\/p>\n<p>Adem\u00e1s recomendaron toser en el pliegue del codo, evitar contactos sociales con mucha gente, evitar tomar mate, mantener un metro de distancia, entre otras recomendaciones para la poblaci\u00f3n, porque\u00a0<strong>\u201ctenemos que tener empat\u00eda y solidaridad con el otro\u201d,\u00a0<\/strong>concluyeron.<br \/>\n<img decoding=\"async\" src=\"https:\/\/www.zonalnoticias.com\/images\/lavin_comite_1.jpg\" \/><\/p>\n<p><img decoding=\"async\" src=\"https:\/\/www.zonalnoticias.com\/images\/logo-md.png\" alt=\"Zonal noticias\" \/><\/p>\n<div class=\"oasis-despues-del-contenido\" id=\"oasis-1129053832\"><img loading=\"lazy\" decoding=\"async\" src=\"https:\/\/oasisfm935.com.ar\/site\/wp-content\/uploads\/2020\/08\/47806202-8741-49f2-a5c9-d2f930e5baa1.jpg\" alt=\"\"  srcset=\"https:\/\/oasisfm935.com.ar\/site\/wp-content\/uploads\/2020\/08\/47806202-8741-49f2-a5c9-d2f930e5baa1.jpg 1080w, https:\/\/oasisfm935.com.ar\/site\/wp-content\/uploads\/2020\/08\/47806202-8741-49f2-a5c9-d2f930e5baa1-300x300.jpg 300w, https:\/\/oasisfm935.com.ar\/site\/wp-content\/uploads\/2020\/08\/47806202-8741-49f2-a5c9-d2f930e5baa1-1024x1024.jpg 1024w, https:\/\/oasisfm935.com.ar\/site\/wp-content\/uploads\/2020\/08\/47806202-8741-49f2-a5c9-d2f930e5baa1-150x150.jpg 150w, https:\/\/oasisfm935.com.ar\/site\/wp-content\/uploads\/2020\/08\/47806202-8741-49f2-a5c9-d2f930e5baa1-768x768.jpg 768w\" sizes=\"(max-width: 1080px) 100vw, 1080px\" class=\"no-lazyload\" width=\"1080\" height=\"1080\"  style=\"display: inline-block;\" \/><\/div>","protected":false},"excerpt":{"rendered":"<p>Cerca del mediod\u00eda la intendenta de Ingeniero Luiggi Patricia Lavin recibi\u00f3 en su despacho a integrantes del Comit\u00e9 de Emergencia que funciona<\/p>\n","protected":false},"author":4,"featured_media":3814,"comment_status":"closed","ping_status":"open","sticky":false,"template":"","format":"standard","meta":{"colormag_page_layout":"default_layout","footnotes":""},"categories":[2],"tags":[],"class_list":["post-3813","post","type-post","status-publish","format-standard","has-post-thumbnail","hentry","category-noticias"],"_links":{"self":[{"href":"https:\/\/oasisfm935.com.ar\/site\/wp-json\/wp\/v2\/posts\/3813","targetHints":{"allow":["GET"]}}],"collection":[{"href":"https:\/\/oasisfm935.com.ar\/site\/wp-json\/wp\/v2\/posts"}],"about":[{"href":"https:\/\/oasisfm935.com.ar\/site\/wp-json\/wp\/v2\/types\/post"}],"author":[{"embeddable":true,"href":"https:\/\/oasisfm935.com.ar\/site\/wp-json\/wp\/v2\/users\/4"}],"replies":[{"embeddable":true,"href":"https:\/\/oasisfm935.com.ar\/site\/wp-json\/wp\/v2\/comments?post=3813"}],"version-history":[{"count":1,"href":"https:\/\/oasisfm935.com.ar\/site\/wp-json\/wp\/v2\/posts\/3813\/revisions"}],"predecessor-version":[{"id":3815,"href":"https:\/\/oasisfm935.com.ar\/site\/wp-json\/wp\/v2\/posts\/3813\/revisions\/3815"}],"wp:featuredmedia":[{"embeddable":true,"href":"https:\/\/oasisfm935.com.ar\/site\/wp-json\/wp\/v2\/media\/3814"}],"wp:attachment":[{"href":"https:\/\/oasisfm935.com.ar\/site\/wp-json\/wp\/v2\/media?parent=3813"}],"wp:term":[{"taxonomy":"category","embeddable":true,"href":"https:\/\/oasisfm935.com.ar\/site\/wp-json\/wp\/v2\/categories?post=3813"},{"taxonomy":"post_tag","embeddable":true,"href":"https:\/\/oasisfm935.com.ar\/site\/wp-json\/wp\/v2\/tags?post=3813"}],"curies":[{"name":"wp","href":"https:\/\/api.w.org\/{rel}","templated":true}]}}