{"id":3828,"date":"2020-03-17T16:47:14","date_gmt":"2020-03-17T19:47:14","guid":{"rendered":"http:\/\/oasisfm935.com\/site\/?p=3828"},"modified":"2020-03-17T17:04:00","modified_gmt":"2020-03-17T20:04:00","slug":"beneficiarios-de-planes-sociales-y-jubilados-de-la-minima-cobraran-un-bono-de-3-mil-pesos","status":"publish","type":"post","link":"https:\/\/oasisfm935.com.ar\/site\/beneficiarios-de-planes-sociales-y-jubilados-de-la-minima-cobraran-un-bono-de-3-mil-pesos\/","title":{"rendered":"Beneficiarios de planes sociales y jubilados de la m\u00ednima cobrar\u00e1n un bono de 3 mil pesos"},"content":{"rendered":"<p>Fueron anunciadas por el ministro Arroyo y el titular de Anses, Alejandro Vanoli. Prorrogar\u00e1n el pago de los cr\u00e9ditos de ANSES durante abril y mayo, lo cual alcanza a 8.9 millones de jubilados.<\/p>\n<p>El ministro de Desarrollo Social, Daniel Arroyo, anunci\u00f3 tres medidas a ra\u00edz del coronavirus: un refuerzo por \u00fanica vez de tres mil pesos para quienes reciban planes sociales; m\u00e1s asistencia a comedores y merenderos y la entrega de la tarjeta alimentaria en los hogares a trav\u00e9s del Correo.<\/p>\n<p>En una conferencia de prensa en Casa de Gobierno junto al titular de la Anses, Alejandro Vanoli,Arroyo anunci\u00f3 un \u00abrefuerzo adicional de 3.000 pesos este mes\u00bb a quienes perciben planes sociales. Son unas 556.000 personas en el marco de Hacemos Futuro y Salario Social Complementario, con el objetivo de preservar ingresos de los sectores m\u00e1s vulnerables,<\/p>\n<p>Tambi\u00e9n segur\u00f3 que se implementar\u00e1 un \u00abrefuerzo adicional alimentario a comedores escolares, comunitarios y merenderos\u00bb e inform\u00f3 que \u00abse llevar\u00e1 el sistema de asistencia alimentaria al modelo de viandas para evitar el traslado y movimiento de personas\u00bb.<\/p>\n<p><img decoding=\"async\" src=\"https:\/\/attachment.outlook.live.net\/owa\/MSA%3Aoasisfm93.5%40hotmail.com\/service.svc\/s\/GetAttachmentThumbnail?id=AQMkADAwATZiZmYAZC05NjYAZS0yNWJkLTAwAi0wMAoARgAAA8nAyg%2BhKd9DurfNkDrRZPsHAFRXLmHs55JEjva80uCKmKgAAAIBDAAAAFRXLmHs55JEjva80uCKmKgAA6RIv9IAAAABEgAQAGNvf8Pjb8tKs4yRkLX%2BC8U%3D&amp;thumbnailType=2&amp;owa=outlook.live.com&amp;scriptVer=2020030902.16&amp;isc=1&amp;X-OWA-CANARY=X8VrU9K2bEm8nilVKrga3XA0eD2uytcYxSt8tBVQhLKyYqMsFIibMKSljl_CNnpf2CftDioLoYc.&amp;token=eyJhbGciOiJSUzI1NiIsImtpZCI6IjU2MzU4ODUyMzRCOTI1MkRERTAwNTc2NkQ5RDlGMjc2NTY1RjYzRTIiLCJ4NXQiOiJWaldJVWpTNUpTM2VBRmRtMmRueWRsWmZZLUkiLCJ0eXAiOiJKV1QifQ.eyJvcmlnaW4iOiJodHRwczovL291dGxvb2subGl2ZS5jb20iLCJ2ZXIiOiJFeGNoYW5nZS5DYWxsYmFjay5WMSIsImFwcGN0eHNlbmRlciI6Ik93YURvd25sb2FkQDg0ZGY5ZTdmLWU5ZjYtNDBhZi1iNDM1LWFhYWFhYWFhYWFhYSIsImlzc3JpbmciOiJXVyIsImFwcGN0eCI6IntcIm1zZXhjaHByb3RcIjpcIm93YVwiLFwicHJpbWFyeXNpZFwiOlwiUy0xLTI4MjctNDQyMzY1LTI1MjM4MDEwMjFcIixcInB1aWRcIjpcIjE4OTk5NDU3MzE2OTYwNjFcIixcIm9pZFwiOlwiMDAwNmJmZmQtOTY2ZS0yNWJkLTAwMDAtMDAwMDAwMDAwMDAwXCIsXCJzY29wZVwiOlwiT3dhRG93bmxvYWRcIn0iLCJuYmYiOjE1ODQ0NzUxNTAsImV4cCI6MTU4NDQ3NTc1MCwiaXNzIjoiMDAwMDAwMDItMDAwMC0wZmYxLWNlMDAtMDAwMDAwMDAwMDAwQDg0ZGY5ZTdmLWU5ZjYtNDBhZi1iNDM1LWFhYWFhYWFhYWFhYSIsImF1ZCI6IjAwMDAwMDAyLTAwMDAtMGZmMS1jZTAwLTAwMDAwMDAwMDAwMC9hdHRhY2htZW50Lm91dGxvb2subGl2ZS5uZXRAODRkZjllN2YtZTlmNi00MGFmLWI0MzUtYWFhYWFhYWFhYWFhIn0.FyxB5IXnlsoNNozGkQm8XMVFzpePgMGrwxo1j3fH5wK8MXY__jmq7eg5Wut1oc9kLUdnzsJdHZUdhkhq-7Mrs_szbEm2JmYtNnELskX_WWAlFUWQLFGHa9Pvsl7DvbOQd7Lp--Q_mc3_ADatHMYniboCBpV_AYUBb_9tjp75wcX5mzv1Ap56Nbm9_LJxWujAYI87KVExFMdc5_W9THDvK-kZuWUuhEq4DccYwZuha9mXlMknXobaP4d1duPM0As-8yORK4efvEnYf1lBavmP-odl2hDr5nD8rl6X9WYHHIhzULc_tn-3fJ-tUIzyjHs3drstKlEbzh37daSr2kygTw&amp;animation=true\" \/><\/p>\n<p>Por su parte, Vanoli anunci\u00f3 el pago de un bono de 3000 pesos para los jubilados que perciban el haber m\u00ednimo y un bono extraordinario para los beneficiarios de la AUH, como parte de la medidas sociales lanzadas por el Gobierno ante la propagaci\u00f3n del coronavirus.<\/p>\n<p>\u00abEstamos otorgando un bono extraordinario de 3.000 pesos para las jubilaciones m\u00ednimas y, para todas las menores a 18.982 pesos, un bono que los lleve a ese monto\u00bb, indic\u00f3 Vanoli en conferencia de prensa.<br \/>\nEn tanto, como tercera medida, dispuso la pr\u00f3rroga del pago de los cr\u00e9ditos de ANSES durante abril y mayo, lo cual alcanza a 8.9 millones de jubilados.<\/p>\n<div class=\"oasis-despues-del-contenido\" id=\"oasis-877155284\"><img loading=\"lazy\" decoding=\"async\" src=\"https:\/\/oasisfm935.com.ar\/site\/wp-content\/uploads\/2020\/08\/47806202-8741-49f2-a5c9-d2f930e5baa1.jpg\" alt=\"\"  srcset=\"https:\/\/oasisfm935.com.ar\/site\/wp-content\/uploads\/2020\/08\/47806202-8741-49f2-a5c9-d2f930e5baa1.jpg 1080w, https:\/\/oasisfm935.com.ar\/site\/wp-content\/uploads\/2020\/08\/47806202-8741-49f2-a5c9-d2f930e5baa1-300x300.jpg 300w, https:\/\/oasisfm935.com.ar\/site\/wp-content\/uploads\/2020\/08\/47806202-8741-49f2-a5c9-d2f930e5baa1-1024x1024.jpg 1024w, https:\/\/oasisfm935.com.ar\/site\/wp-content\/uploads\/2020\/08\/47806202-8741-49f2-a5c9-d2f930e5baa1-150x150.jpg 150w, https:\/\/oasisfm935.com.ar\/site\/wp-content\/uploads\/2020\/08\/47806202-8741-49f2-a5c9-d2f930e5baa1-768x768.jpg 768w\" sizes=\"(max-width: 1080px) 100vw, 1080px\" class=\"no-lazyload\" width=\"1080\" height=\"1080\"  style=\"display: inline-block;\" \/><\/div>","protected":false},"excerpt":{"rendered":"<p>Fueron anunciadas por el ministro Arroyo y el titular de Anses, Alejandro Vanoli. Prorrogar\u00e1n el pago de los cr\u00e9ditos de ANSES durante<\/p>\n","protected":false},"author":4,"featured_media":3833,"comment_status":"closed","ping_status":"open","sticky":false,"template":"","format":"standard","meta":{"colormag_page_layout":"default_layout","footnotes":""},"categories":[2],"tags":[],"class_list":["post-3828","post","type-post","status-publish","format-standard","has-post-thumbnail","hentry","category-noticias"],"_links":{"self":[{"href":"https:\/\/oasisfm935.com.ar\/site\/wp-json\/wp\/v2\/posts\/3828","targetHints":{"allow":["GET"]}}],"collection":[{"href":"https:\/\/oasisfm935.com.ar\/site\/wp-json\/wp\/v2\/posts"}],"about":[{"href":"https:\/\/oasisfm935.com.ar\/site\/wp-json\/wp\/v2\/types\/post"}],"author":[{"embeddable":true,"href":"https:\/\/oasisfm935.com.ar\/site\/wp-json\/wp\/v2\/users\/4"}],"replies":[{"embeddable":true,"href":"https:\/\/oasisfm935.com.ar\/site\/wp-json\/wp\/v2\/comments?post=3828"}],"version-history":[{"count":3,"href":"https:\/\/oasisfm935.com.ar\/site\/wp-json\/wp\/v2\/posts\/3828\/revisions"}],"predecessor-version":[{"id":3836,"href":"https:\/\/oasisfm935.com.ar\/site\/wp-json\/wp\/v2\/posts\/3828\/revisions\/3836"}],"wp:featuredmedia":[{"embeddable":true,"href":"https:\/\/oasisfm935.com.ar\/site\/wp-json\/wp\/v2\/media\/3833"}],"wp:attachment":[{"href":"https:\/\/oasisfm935.com.ar\/site\/wp-json\/wp\/v2\/media?parent=3828"}],"wp:term":[{"taxonomy":"category","embeddable":true,"href":"https:\/\/oasisfm935.com.ar\/site\/wp-json\/wp\/v2\/categories?post=3828"},{"taxonomy":"post_tag","embeddable":true,"href":"https:\/\/oasisfm935.com.ar\/site\/wp-json\/wp\/v2\/tags?post=3828"}],"curies":[{"name":"wp","href":"https:\/\/api.w.org\/{rel}","templated":true}]}}