{"id":3850,"date":"2020-03-18T19:22:25","date_gmt":"2020-03-18T22:22:25","guid":{"rendered":"http:\/\/oasisfm935.com\/site\/?p=3850"},"modified":"2020-03-18T19:25:06","modified_gmt":"2020-03-18T22:25:06","slug":"la-pampa-cierra-sus-fronteras-desde-el-viernes-a-las-cero-horas","status":"publish","type":"post","link":"https:\/\/oasisfm935.com.ar\/site\/la-pampa-cierra-sus-fronteras-desde-el-viernes-a-las-cero-horas\/","title":{"rendered":"La Pampa cierra sus fronteras desde el viernes a las cero horas"},"content":{"rendered":"<p>El gobernador\u00a0<strong>Sergio Ziliotto<\/strong>\u00a0anunci\u00f3 que\u00a0<strong>desde las 0 horas del viernes 20, y por tiempo indeterminado, solo podr\u00e1n ingresar a La Pampa las personas que tienen domicilio en la provincia<\/strong>. Estar\u00e1n exceptuado los transportes. \u00abQueremos que solo ingresen los pampeanos\u00bb, expres\u00f3. \u00abQueremos cuidar la salud de los pampeanos\u00bb, agreg\u00f3, en conferencia de prensa desde el Sal\u00f3n de Acuerdos de Casa de Gobierno.<\/p>\n<p>Adem\u00e1s, anunci\u00f3\u00a0<strong>un fuerte control social para combatir el coronavirus<\/strong>. Dijo que<strong>\u00a0publicar\u00e1n en una p\u00e1gina web el listado de las personas que deben cumplir la cuarentena<\/strong>\u00a0en la provincia.<\/p>\n<p><strong>La intenci\u00f3n es que cada pampeano pueda, eventualmente, denunciar al que no est\u00e1 cumpliendo el aislamiento obligator<\/strong><\/p>\n<p>Vamos a publicar en la p\u00e1gina\u00a0<strong>cuarentena.lapampa.gob.ar<\/strong>\u00a0el listado de pampeanos que han regresado desde el exterior\u00bb, dijo.<\/p>\n<p>Incluso\u00a0<strong>habr\u00e1 operativos de concientizaci\u00f3n en las rutas y las calles de las localidades, con el fin de desalentar la circulaci\u00f3n de veh\u00edculos<\/strong>. \u201cEn las rutas, vamos a requerir el apoyo de la Polic\u00eda y de Gendarmer\u00eda. En las calles, con la Polic\u00eda y bomberos y el sector de Defensa Civil\u201d, expres\u00f3.\u00a0\u00a0\u201cQueremos cuidar a todos los pampeanos\u201d, dijo.<\/p>\n<p>Hasta el momento, agreg\u00f3 el mandatario,<strong>\u00a0en La Pampa no hay casos confirmados ni sospechosos del nuevo virus.<\/strong>\u00a0Sin embargo, hay unas<strong>\u00a0270 personas en aislamiento<\/strong>: hoy por hoy,\u00a0<strong>quienes deben cumplir cuarentena en La Pampa son las personas que han estado en pa\u00edses de circulaci\u00f3n del virus, como Estados Unidos, Europa, China, Chile y Brasil, entre otros<\/strong>.<\/p>\n<div class=\"oasis-despues-del-contenido\" id=\"oasis-1853727111\"><img loading=\"lazy\" decoding=\"async\" src=\"https:\/\/oasisfm935.com.ar\/site\/wp-content\/uploads\/2020\/08\/47806202-8741-49f2-a5c9-d2f930e5baa1.jpg\" alt=\"\"  srcset=\"https:\/\/oasisfm935.com.ar\/site\/wp-content\/uploads\/2020\/08\/47806202-8741-49f2-a5c9-d2f930e5baa1.jpg 1080w, https:\/\/oasisfm935.com.ar\/site\/wp-content\/uploads\/2020\/08\/47806202-8741-49f2-a5c9-d2f930e5baa1-300x300.jpg 300w, https:\/\/oasisfm935.com.ar\/site\/wp-content\/uploads\/2020\/08\/47806202-8741-49f2-a5c9-d2f930e5baa1-1024x1024.jpg 1024w, https:\/\/oasisfm935.com.ar\/site\/wp-content\/uploads\/2020\/08\/47806202-8741-49f2-a5c9-d2f930e5baa1-150x150.jpg 150w, https:\/\/oasisfm935.com.ar\/site\/wp-content\/uploads\/2020\/08\/47806202-8741-49f2-a5c9-d2f930e5baa1-768x768.jpg 768w\" sizes=\"(max-width: 1080px) 100vw, 1080px\" class=\"no-lazyload\" width=\"1080\" height=\"1080\"  style=\"display: inline-block;\" \/><\/div>","protected":false},"excerpt":{"rendered":"<p>El gobernador\u00a0Sergio Ziliotto\u00a0anunci\u00f3 que\u00a0desde las 0 horas del viernes 20, y por tiempo indeterminado, solo podr\u00e1n ingresar a La Pampa las personas<\/p>\n","protected":false},"author":4,"featured_media":3851,"comment_status":"closed","ping_status":"open","sticky":false,"template":"","format":"standard","meta":{"colormag_page_layout":"default_layout","footnotes":""},"categories":[2],"tags":[],"class_list":["post-3850","post","type-post","status-publish","format-standard","has-post-thumbnail","hentry","category-noticias"],"_links":{"self":[{"href":"https:\/\/oasisfm935.com.ar\/site\/wp-json\/wp\/v2\/posts\/3850","targetHints":{"allow":["GET"]}}],"collection":[{"href":"https:\/\/oasisfm935.com.ar\/site\/wp-json\/wp\/v2\/posts"}],"about":[{"href":"https:\/\/oasisfm935.com.ar\/site\/wp-json\/wp\/v2\/types\/post"}],"author":[{"embeddable":true,"href":"https:\/\/oasisfm935.com.ar\/site\/wp-json\/wp\/v2\/users\/4"}],"replies":[{"embeddable":true,"href":"https:\/\/oasisfm935.com.ar\/site\/wp-json\/wp\/v2\/comments?post=3850"}],"version-history":[{"count":3,"href":"https:\/\/oasisfm935.com.ar\/site\/wp-json\/wp\/v2\/posts\/3850\/revisions"}],"predecessor-version":[{"id":3854,"href":"https:\/\/oasisfm935.com.ar\/site\/wp-json\/wp\/v2\/posts\/3850\/revisions\/3854"}],"wp:featuredmedia":[{"embeddable":true,"href":"https:\/\/oasisfm935.com.ar\/site\/wp-json\/wp\/v2\/media\/3851"}],"wp:attachment":[{"href":"https:\/\/oasisfm935.com.ar\/site\/wp-json\/wp\/v2\/media?parent=3850"}],"wp:term":[{"taxonomy":"category","embeddable":true,"href":"https:\/\/oasisfm935.com.ar\/site\/wp-json\/wp\/v2\/categories?post=3850"},{"taxonomy":"post_tag","embeddable":true,"href":"https:\/\/oasisfm935.com.ar\/site\/wp-json\/wp\/v2\/tags?post=3850"}],"curies":[{"name":"wp","href":"https:\/\/api.w.org\/{rel}","templated":true}]}}