{"id":3855,"date":"2020-03-19T09:21:13","date_gmt":"2020-03-19T12:21:13","guid":{"rendered":"http:\/\/oasisfm935.com\/site\/?p=3855"},"modified":"2020-03-19T19:46:02","modified_gmt":"2020-03-19T22:46:02","slug":"el-gobierno-pampeano-hizo-publico-el-listado-de-personas-que-estan-en-cuarentena-en-nuestra-provincia","status":"publish","type":"post","link":"https:\/\/oasisfm935.com.ar\/site\/el-gobierno-pampeano-hizo-publico-el-listado-de-personas-que-estan-en-cuarentena-en-nuestra-provincia\/","title":{"rendered":"El Gobierno Pampeano hizo p\u00fablico el listado de personas que est\u00e1n en cuarentena en nuestra provincia."},"content":{"rendered":"<div class=\"letracopetenota\">Tras informar que se cerrar\u00e1n las fronteras pampeanas, aumentaron las medidas de seguridad al respecto.<\/div>\n<div class=\"letranota text-justify padt15\">\n<p>En el discurso vespertino que brind\u00f3 esta tarde el m\u00e1ximo mandatario provincial, Sergio Ziliotto, se anunci\u00f3 una de las medidas m\u00e1s importantes en relaci\u00f3n a la prevenci\u00f3n contra la pandemia COVID-19: desde el viernes a las 00, se bloquear\u00e1n las fronteras provinciales.<\/p>\n<p>Poco despu\u00e9s y teniendo en cuenta la gravedad del contexto, las herramientas para evadir la expansi\u00f3n aumentaron su intensidad. Es que el Gobierno provincial dio a conocer a trav\u00e9s de internet, una lista de pampeanos que deber\u00e1n realizar la cuarentena obligatoria por haber estado en destinos de riesgo.<\/p>\n<p>\u00abSe informa a la poblaci\u00f3n pampeana las personas que deben obligatoriamente cumplir cuarentena\/aislamiento por haber ingresado a la Argentina, provenientes del extranjero de acuerdo a lo informado por la Direcci\u00f3n Nacional de Migraciones\u00bb.<\/p>\n<p>&nbsp;<\/p>\n<p>La p\u00e1gina es la siguiente:\u00a0<a href=\"https:\/\/cuarentena.lapampa.gob.ar\/\">https:\/\/cuarentena.lapampa.gob.ar<\/a>. \u00abS<strong>ucede que el listado es provisorio y se est\u00e1 actualizando correctamente\u00bb<\/strong>, dijo una fuente oficial a\u00a0<strong>El Diario al explicar el parate despu\u00e9s de la publicaci\u00f3n inicial<\/strong>.<\/p>\n<\/div>\n<p>&nbsp;<\/p>\n<div class=\"oasis-despues-del-contenido\" id=\"oasis-1869744038\"><img loading=\"lazy\" decoding=\"async\" src=\"https:\/\/oasisfm935.com.ar\/site\/wp-content\/uploads\/2020\/08\/47806202-8741-49f2-a5c9-d2f930e5baa1.jpg\" alt=\"\"  srcset=\"https:\/\/oasisfm935.com.ar\/site\/wp-content\/uploads\/2020\/08\/47806202-8741-49f2-a5c9-d2f930e5baa1.jpg 1080w, https:\/\/oasisfm935.com.ar\/site\/wp-content\/uploads\/2020\/08\/47806202-8741-49f2-a5c9-d2f930e5baa1-300x300.jpg 300w, https:\/\/oasisfm935.com.ar\/site\/wp-content\/uploads\/2020\/08\/47806202-8741-49f2-a5c9-d2f930e5baa1-1024x1024.jpg 1024w, https:\/\/oasisfm935.com.ar\/site\/wp-content\/uploads\/2020\/08\/47806202-8741-49f2-a5c9-d2f930e5baa1-150x150.jpg 150w, https:\/\/oasisfm935.com.ar\/site\/wp-content\/uploads\/2020\/08\/47806202-8741-49f2-a5c9-d2f930e5baa1-768x768.jpg 768w\" sizes=\"(max-width: 1080px) 100vw, 1080px\" class=\"no-lazyload\" width=\"1080\" height=\"1080\"  style=\"display: inline-block;\" \/><\/div>","protected":false},"excerpt":{"rendered":"<p>Tras informar que se cerrar\u00e1n las fronteras pampeanas, aumentaron las medidas de seguridad al respecto. En el discurso vespertino que brind\u00f3 esta<\/p>\n","protected":false},"author":4,"featured_media":3877,"comment_status":"closed","ping_status":"open","sticky":false,"template":"","format":"standard","meta":{"colormag_page_layout":"default_layout","footnotes":""},"categories":[2],"tags":[],"class_list":["post-3855","post","type-post","status-publish","format-standard","has-post-thumbnail","hentry","category-noticias"],"_links":{"self":[{"href":"https:\/\/oasisfm935.com.ar\/site\/wp-json\/wp\/v2\/posts\/3855","targetHints":{"allow":["GET"]}}],"collection":[{"href":"https:\/\/oasisfm935.com.ar\/site\/wp-json\/wp\/v2\/posts"}],"about":[{"href":"https:\/\/oasisfm935.com.ar\/site\/wp-json\/wp\/v2\/types\/post"}],"author":[{"embeddable":true,"href":"https:\/\/oasisfm935.com.ar\/site\/wp-json\/wp\/v2\/users\/4"}],"replies":[{"embeddable":true,"href":"https:\/\/oasisfm935.com.ar\/site\/wp-json\/wp\/v2\/comments?post=3855"}],"version-history":[{"count":5,"href":"https:\/\/oasisfm935.com.ar\/site\/wp-json\/wp\/v2\/posts\/3855\/revisions"}],"predecessor-version":[{"id":3883,"href":"https:\/\/oasisfm935.com.ar\/site\/wp-json\/wp\/v2\/posts\/3855\/revisions\/3883"}],"wp:featuredmedia":[{"embeddable":true,"href":"https:\/\/oasisfm935.com.ar\/site\/wp-json\/wp\/v2\/media\/3877"}],"wp:attachment":[{"href":"https:\/\/oasisfm935.com.ar\/site\/wp-json\/wp\/v2\/media?parent=3855"}],"wp:term":[{"taxonomy":"category","embeddable":true,"href":"https:\/\/oasisfm935.com.ar\/site\/wp-json\/wp\/v2\/categories?post=3855"},{"taxonomy":"post_tag","embeddable":true,"href":"https:\/\/oasisfm935.com.ar\/site\/wp-json\/wp\/v2\/tags?post=3855"}],"curies":[{"name":"wp","href":"https:\/\/api.w.org\/{rel}","templated":true}]}}