{"id":387,"date":"2019-01-18T10:50:05","date_gmt":"2019-01-18T13:50:05","guid":{"rendered":"http:\/\/oasisfm935.com\/site\/?p=387"},"modified":"2019-01-18T10:50:05","modified_gmt":"2019-01-18T13:50:05","slug":"muerte-del-nene-de-caleufu-no-tenia-signos-de-golpes-o-violencia-dijo-el-fiscal-komarofky","status":"publish","type":"post","link":"https:\/\/oasisfm935.com.ar\/site\/muerte-del-nene-de-caleufu-no-tenia-signos-de-golpes-o-violencia-dijo-el-fiscal-komarofky\/","title":{"rendered":"Muerte del nene de Caleuf\u00fa: \u201cNo ten\u00eda signos de golpes o violencia\u201d, dijo el fiscal Komarofky"},"content":{"rendered":"<p>Guillermo Komarofky, fiscal que investiga las causas del fallecimiento de un menor de 4 a\u00f1os en la localidad de Caleuf\u00fa en la tarde de ayer, se\u00f1al\u00f3 a infopico.com, que se est\u00e1 a la espera de los resultados de la autopsia, que realizar\u00e1 un profesional de Santa Rosa en horas de la ma\u00f1ana de hoy.<\/p>\n<p>&nbsp;<\/p>\n<p>El fiscal cont\u00f3 que \u201cel nene viv\u00eda en la zona rural de Caleuf\u00fa. La madre llam\u00f3 al hospital diciendo que no lo escuchaban respirar al nene y que mandaran una ambulancia. E<strong>l padre, ante la urgencia, opt\u00f3 por llevar a su hijo en una camioneta al hospital. En el camino se cruzan con la ambulancia y se constata que el nene estaba fallecido.<\/strong>\u00a0Al ingresar al hospital local, el m\u00e9dico que constata esto, no certifica la muerte por lo tanto solicita autopsia\u201d, puntualiz\u00f3<\/p>\n<p>Komarofky sostuvo que el menor \u201c<strong>no ten\u00eda signos exteriores de alg\u00fan golpe o de violencia<\/strong>. Solicito que un m\u00e9dico de Santa Rosa le realice la autopsia porque el nene habr\u00eda estado siendo tratado en la semana anterior en el hospital local (de General Pico) donde se le hab\u00edan realizado diversos estudios por algunos inconvenientes de salud.\u00a0<strong>Estuvo en el hospital y luego en\u00a0 una cl\u00ednica<\/strong>\u00a0y como los dos m\u00e9dicos forenses de ac\u00e1 tienen relaci\u00f3n con ambos centros de salud es que solicit\u00e9 la intervenci\u00f3n de un m\u00e9dico de Santa Rosa\u201d.<\/p>\n<p>Puntualiz\u00f3 que \u201csi bien ingres\u00f3 a los centros de salud la semana reci\u00e9n pasada, era un nene que no ten\u00eda antecedentes ni cardiol\u00f3gicos, ni cerebro vasculares; no era un chico que estaba en tratamiento m\u00e9dico desde hac\u00eda tiempo. Yo orden\u00e9 el secuestro de las historias cl\u00ednicas tanto de Caleuf\u00fa como las del hospital Gobernador Centeno.\u00a0<strong>La familia aport\u00f3 estudios complementarios que ten\u00eda en su poder, documentos que est\u00e1n en poder del asistente del forense\u201d.<\/strong><\/p>\n<div class=\"oasis-despues-del-contenido\" id=\"oasis-1264124388\"><img loading=\"lazy\" decoding=\"async\" src=\"https:\/\/oasisfm935.com.ar\/site\/wp-content\/uploads\/2020\/08\/47806202-8741-49f2-a5c9-d2f930e5baa1.jpg\" alt=\"\"  srcset=\"https:\/\/oasisfm935.com.ar\/site\/wp-content\/uploads\/2020\/08\/47806202-8741-49f2-a5c9-d2f930e5baa1.jpg 1080w, https:\/\/oasisfm935.com.ar\/site\/wp-content\/uploads\/2020\/08\/47806202-8741-49f2-a5c9-d2f930e5baa1-300x300.jpg 300w, https:\/\/oasisfm935.com.ar\/site\/wp-content\/uploads\/2020\/08\/47806202-8741-49f2-a5c9-d2f930e5baa1-1024x1024.jpg 1024w, https:\/\/oasisfm935.com.ar\/site\/wp-content\/uploads\/2020\/08\/47806202-8741-49f2-a5c9-d2f930e5baa1-150x150.jpg 150w, https:\/\/oasisfm935.com.ar\/site\/wp-content\/uploads\/2020\/08\/47806202-8741-49f2-a5c9-d2f930e5baa1-768x768.jpg 768w\" sizes=\"(max-width: 1080px) 100vw, 1080px\" class=\"no-lazyload\" width=\"1080\" height=\"1080\"  style=\"display: inline-block;\" \/><\/div>","protected":false},"excerpt":{"rendered":"<p>Guillermo Komarofky, fiscal que investiga las causas del fallecimiento de un menor de 4 a\u00f1os en la localidad de Caleuf\u00fa en la<\/p>\n","protected":false},"author":4,"featured_media":389,"comment_status":"closed","ping_status":"open","sticky":false,"template":"","format":"standard","meta":{"colormag_page_layout":"default_layout","footnotes":""},"categories":[2],"tags":[],"class_list":["post-387","post","type-post","status-publish","format-standard","has-post-thumbnail","hentry","category-noticias"],"_links":{"self":[{"href":"https:\/\/oasisfm935.com.ar\/site\/wp-json\/wp\/v2\/posts\/387","targetHints":{"allow":["GET"]}}],"collection":[{"href":"https:\/\/oasisfm935.com.ar\/site\/wp-json\/wp\/v2\/posts"}],"about":[{"href":"https:\/\/oasisfm935.com.ar\/site\/wp-json\/wp\/v2\/types\/post"}],"author":[{"embeddable":true,"href":"https:\/\/oasisfm935.com.ar\/site\/wp-json\/wp\/v2\/users\/4"}],"replies":[{"embeddable":true,"href":"https:\/\/oasisfm935.com.ar\/site\/wp-json\/wp\/v2\/comments?post=387"}],"version-history":[{"count":1,"href":"https:\/\/oasisfm935.com.ar\/site\/wp-json\/wp\/v2\/posts\/387\/revisions"}],"predecessor-version":[{"id":390,"href":"https:\/\/oasisfm935.com.ar\/site\/wp-json\/wp\/v2\/posts\/387\/revisions\/390"}],"wp:featuredmedia":[{"embeddable":true,"href":"https:\/\/oasisfm935.com.ar\/site\/wp-json\/wp\/v2\/media\/389"}],"wp:attachment":[{"href":"https:\/\/oasisfm935.com.ar\/site\/wp-json\/wp\/v2\/media?parent=387"}],"wp:term":[{"taxonomy":"category","embeddable":true,"href":"https:\/\/oasisfm935.com.ar\/site\/wp-json\/wp\/v2\/categories?post=387"},{"taxonomy":"post_tag","embeddable":true,"href":"https:\/\/oasisfm935.com.ar\/site\/wp-json\/wp\/v2\/tags?post=387"}],"curies":[{"name":"wp","href":"https:\/\/api.w.org\/{rel}","templated":true}]}}