{"id":3872,"date":"2020-03-19T13:19:02","date_gmt":"2020-03-19T16:19:02","guid":{"rendered":"http:\/\/oasisfm935.com\/site\/?p=3872"},"modified":"2020-03-19T13:19:44","modified_gmt":"2020-03-19T16:19:44","slug":"el-joven-futbolista-de-parera-desmiente-noticias-y-dice-tengo-una-bronca-barbara","status":"publish","type":"post","link":"https:\/\/oasisfm935.com.ar\/site\/el-joven-futbolista-de-parera-desmiente-noticias-y-dice-tengo-una-bronca-barbara\/","title":{"rendered":"El joven futbolista de Parera, desmiente noticias y dice \u00abtengo una bronca b\u00e1rbara\u00bb"},"content":{"rendered":"<p>&nbsp;<\/p>\n<p>Serafin Roberi es un joven futbolista de la localidad de Parera que se form\u00f3 en las inferiores de Rosario Central, de donde decidi\u00f3 pasar al\u00a0<a class=\"agrupador\" href=\"http:\/\/m.lareforma.com.ar\/futbol-a272\" rel=\"272\">f\u00fatbol<\/a>\u00a0europeo, primero en\u00a0<a class=\"agrupador\" href=\"http:\/\/m.lareforma.com.ar\/francia-a619\" rel=\"619\">Francia<\/a>\u00a0y \u00faltimamente en el ascenso Italiano.<\/p>\n<p>Hace m\u00e1s de una semana que regres\u00f3 a nuestro pa\u00eds y, como marca el protocolo, se someti\u00f3 a una cuarentena obligatoria que ya va por el d\u00e9cimo d\u00eda. En todo este tiempo, Seraf\u00edn respet\u00f3 el estar en aislado en una habitaci\u00f3n de su casa, no presenta s\u00edntomas pero est\u00e1 dispuesto a cumplir la totalidad de las jornadas indicadas.<\/p>\n<p>As\u00ed y todo, en el d\u00eda de ayer la viralizaci\u00f3n de mensajes falsos que se emiten a trav\u00e9s de redes sociales hicieron referencia a \u00e9l como un caso de\u00a0<a class=\"agrupador\" href=\"http:\/\/m.lareforma.com.ar\/coronavirus-a3614\" rel=\"3614\">coronavirus<\/a>\u00a0confirmado a trav\u00e9s de una clinica piquense. A ese hora (mediama\u00f1ana) se estaba transformando en el primer caso confirmado en Pico y en La Pampa.<\/p>\n<p>Este medio no dud\u00f3 en contactarse telef\u00f3nicamente con Roberi que r\u00e1pidamente desminti\u00f3 sin dejar de confesar su malestar: \u00abtengo una bronca b\u00e1rabara\u00bb. \u00abYo estoy en mi casa, cumpliendo con los d\u00edas de cuarentena, sano y esto me hincha las b&#8230;\u00bb. \u00abNo puedo creer que haya gente que realmente est\u00e9 tan mal para hacer esto\u00bb remarc\u00f3.<\/p>\n<p>\u00abA mi nadie me hizo estudios, s\u00f3lo controles de rutina, porque no tengo s\u00edntomas. Si tengo una bronca b\u00e1rbara\u00bb, insisti\u00f3 el joven futbolista integrante de una conocida familia futbolera de Parera.<\/p>\n<p>&nbsp;<\/p>\n<p>Diario la Reforma<\/p>\n<div class=\"oasis-despues-del-contenido\" id=\"oasis-2165680587\"><img loading=\"lazy\" decoding=\"async\" src=\"https:\/\/oasisfm935.com.ar\/site\/wp-content\/uploads\/2020\/08\/47806202-8741-49f2-a5c9-d2f930e5baa1.jpg\" alt=\"\"  srcset=\"https:\/\/oasisfm935.com.ar\/site\/wp-content\/uploads\/2020\/08\/47806202-8741-49f2-a5c9-d2f930e5baa1.jpg 1080w, https:\/\/oasisfm935.com.ar\/site\/wp-content\/uploads\/2020\/08\/47806202-8741-49f2-a5c9-d2f930e5baa1-300x300.jpg 300w, https:\/\/oasisfm935.com.ar\/site\/wp-content\/uploads\/2020\/08\/47806202-8741-49f2-a5c9-d2f930e5baa1-1024x1024.jpg 1024w, https:\/\/oasisfm935.com.ar\/site\/wp-content\/uploads\/2020\/08\/47806202-8741-49f2-a5c9-d2f930e5baa1-150x150.jpg 150w, https:\/\/oasisfm935.com.ar\/site\/wp-content\/uploads\/2020\/08\/47806202-8741-49f2-a5c9-d2f930e5baa1-768x768.jpg 768w\" sizes=\"(max-width: 1080px) 100vw, 1080px\" class=\"no-lazyload\" width=\"1080\" height=\"1080\"  style=\"display: inline-block;\" \/><\/div>","protected":false},"excerpt":{"rendered":"<p>&nbsp; Serafin Roberi es un joven futbolista de la localidad de Parera que se form\u00f3 en las inferiores de Rosario Central, de<\/p>\n","protected":false},"author":4,"featured_media":3873,"comment_status":"closed","ping_status":"open","sticky":false,"template":"","format":"standard","meta":{"colormag_page_layout":"default_layout","footnotes":""},"categories":[2],"tags":[],"class_list":["post-3872","post","type-post","status-publish","format-standard","has-post-thumbnail","hentry","category-noticias"],"_links":{"self":[{"href":"https:\/\/oasisfm935.com.ar\/site\/wp-json\/wp\/v2\/posts\/3872","targetHints":{"allow":["GET"]}}],"collection":[{"href":"https:\/\/oasisfm935.com.ar\/site\/wp-json\/wp\/v2\/posts"}],"about":[{"href":"https:\/\/oasisfm935.com.ar\/site\/wp-json\/wp\/v2\/types\/post"}],"author":[{"embeddable":true,"href":"https:\/\/oasisfm935.com.ar\/site\/wp-json\/wp\/v2\/users\/4"}],"replies":[{"embeddable":true,"href":"https:\/\/oasisfm935.com.ar\/site\/wp-json\/wp\/v2\/comments?post=3872"}],"version-history":[{"count":1,"href":"https:\/\/oasisfm935.com.ar\/site\/wp-json\/wp\/v2\/posts\/3872\/revisions"}],"predecessor-version":[{"id":3874,"href":"https:\/\/oasisfm935.com.ar\/site\/wp-json\/wp\/v2\/posts\/3872\/revisions\/3874"}],"wp:featuredmedia":[{"embeddable":true,"href":"https:\/\/oasisfm935.com.ar\/site\/wp-json\/wp\/v2\/media\/3873"}],"wp:attachment":[{"href":"https:\/\/oasisfm935.com.ar\/site\/wp-json\/wp\/v2\/media?parent=3872"}],"wp:term":[{"taxonomy":"category","embeddable":true,"href":"https:\/\/oasisfm935.com.ar\/site\/wp-json\/wp\/v2\/categories?post=3872"},{"taxonomy":"post_tag","embeddable":true,"href":"https:\/\/oasisfm935.com.ar\/site\/wp-json\/wp\/v2\/tags?post=3872"}],"curies":[{"name":"wp","href":"https:\/\/api.w.org\/{rel}","templated":true}]}}