{"id":3884,"date":"2020-03-21T11:24:51","date_gmt":"2020-03-21T14:24:51","guid":{"rendered":"http:\/\/oasisfm935.com\/site\/?p=3884"},"modified":"2020-03-21T11:24:51","modified_gmt":"2020-03-21T14:24:51","slug":"reparten-desayunos-viandas-y-meriendas-a-ninos-de-luiggi","status":"publish","type":"post","link":"https:\/\/oasisfm935.com.ar\/site\/reparten-desayunos-viandas-y-meriendas-a-ninos-de-luiggi\/","title":{"rendered":"Reparten desayunos, viandas y meriendas a ni\u00f1os de Luiggi"},"content":{"rendered":"<p>El operativo fue llevado a cabo por el Municipio y las escuelas primarias. Hablamos con Joel Abratte del \u00c1rea Social y Silvia Guerra directora de la Escuela 250.<\/p>\n<p><strong>Durante la cuarentena obligatoria decretada por el Gobierno Nacional, donde que los establecimientos educativos y el CDI permanecen cerrados pero las colaciones est\u00e1n aseguradas en Ingeniero Luiggi.<\/strong><\/p>\n<p>Zonal Noticias dialog\u00f3 ayer con el secretario del \u00c1rea de Desarrollo Social y Derechos Humanos del municipio luiggense quien manifest\u00f3: \u201cnosotros, con todos los equipos de las secretar\u00edas, con la unidad local, con el equipo de coordinaci\u00f3n de soluciones complejas y la asistencia social, estamos haciendo entrega en forma conjunta con la direcci\u00f3n de la Escuela 250, lo que ser\u00edan las viandas a aquellas ni\u00f1os que asisten al comedor escolar y adem\u00e1s reforzamos en aquella familia que son m\u00e1s numerosas\u201d.<\/p>\n<p>\u201cEstamos haciendo entrega domicilio por domicilio. Dentro de esta misma entrega, reforzamos lo que es cumplir con la cuarentena y tambi\u00e9n bueno tener precauciones y a tratar de generar la menor cantidad de residuos. Por estos d\u00edas va estar medio limitado lo que ser\u00eda la asistencia en cuanto a los residuos y la planta reciclaje\u201d explic\u00f3 Abratte.<\/p>\n<p>\u201cTambi\u00e9n\u00a0<strong>estamos entregando lo que son las meriendas y desayunos en forma conjunta con la\u00a0 Escuela 76 y con el JIN N\u00b0 15. Adem\u00e1s estamos haciendo entrega de desayunos y meriendas a los ni\u00f1os que asisten al CDI (Centro de Desarrollo Infantil Primera Huellas) que depende de la municipalidad\u201d<\/strong>\u00a0agreg\u00f3 el referente del \u00e1rea Social.<\/p>\n<p>\u201cEn cada una de las visitas, cada uno de los profesionales que est\u00e1n a cargo de este operativo de entrega de viandas, desayunos y meriendas refuerza la precauci\u00f3n y los cuidados que hay que tener en esta epidemia del Coronavirus\u201d sostuvo Joel Abratte.<\/p>\n<p><strong><u>Comedor de la Escuela N\u00b0 250<\/u><\/strong><\/p>\n<p>Por su parte la directora de la Escuela de la Escuela 250 de Ing. Luiggi, Silvia Guerra dijo a Zonal Noticias que \u201cante la decisi\u00f3n de la suspensi\u00f3n de las clases los\u00a0 equipos directivos debemos asegurar el sostenimiento y continuidad de las actividades administrativas, las actividades pedag\u00f3gicas y la coordinaci\u00f3n de los servicios sociales\u201d.<\/p>\n<p>En cuanto a esto \u00faltimo es de conocimiento de todos, que\u00a0<strong>la escuela cuenta con comedor escolar por ser de modalidad Jornada Completa,<\/strong>\u00a0por lo tanto se contin\u00faa brindando este servicio a aquellas familias que lo requieran. Una vez recibida las indicaciones del Ministerio de Educaci\u00f3n, de manera conjunta con la Coordinaci\u00f3n Educativa, Municipio y Salud se articularon acciones para hacer llegar las viandas a las familias\u201d coment\u00f3 la directora.<\/p>\n<p><strong>\u201cLa elaboraci\u00f3n de las mismas est\u00e1 a cargo del Personal No Docente de la Instituci\u00f3n que<\/strong>\u00a0se desempe\u00f1a a diario en el Comedor, contando con un men\u00fa previamente planificado y que no difiere del que en situaciones normales se brinda. La Sra. Intendenta y personal del \u00c1rea Social se acercaron a la escuela a efectos de acordar su distribuci\u00f3n considerando que a efectos de beneficiar la situaci\u00f3n sanitaria, lo conveniente era acercar las viandas a los domicilios. Acci\u00f3n esta que se comenz\u00f3 a realizar en el d\u00eda de hoy. Debiendo mencionar que tanto la Sra.\u00a0 Intendenta como todo su equipo del \u00c1rea Social estuvieron colaborando en el armado de las viandas\u201d explic\u00f3 Silvia Guerra.<\/p>\n<p>\u201cTambi\u00e9n se est\u00e1 haciendo la distribuci\u00f3n de las mismas para las familias de los alumnos que concurren a la\u00a0<strong>Escuela Hogar N\u00b0 107<\/strong>\u00a0que residen en la localidad\u201d culmin\u00f3 la directiva de la Escuela 250.<\/p>\n<p><img decoding=\"async\" src=\"https:\/\/www.zonalnoticias.com\/images\/logo-md.png\" alt=\"Zonal noticias\" \/><\/p>\n<div class=\"oasis-despues-del-contenido\" id=\"oasis-105596821\"><img loading=\"lazy\" decoding=\"async\" src=\"https:\/\/oasisfm935.com.ar\/site\/wp-content\/uploads\/2020\/08\/47806202-8741-49f2-a5c9-d2f930e5baa1.jpg\" alt=\"\"  srcset=\"https:\/\/oasisfm935.com.ar\/site\/wp-content\/uploads\/2020\/08\/47806202-8741-49f2-a5c9-d2f930e5baa1.jpg 1080w, https:\/\/oasisfm935.com.ar\/site\/wp-content\/uploads\/2020\/08\/47806202-8741-49f2-a5c9-d2f930e5baa1-300x300.jpg 300w, https:\/\/oasisfm935.com.ar\/site\/wp-content\/uploads\/2020\/08\/47806202-8741-49f2-a5c9-d2f930e5baa1-1024x1024.jpg 1024w, https:\/\/oasisfm935.com.ar\/site\/wp-content\/uploads\/2020\/08\/47806202-8741-49f2-a5c9-d2f930e5baa1-150x150.jpg 150w, https:\/\/oasisfm935.com.ar\/site\/wp-content\/uploads\/2020\/08\/47806202-8741-49f2-a5c9-d2f930e5baa1-768x768.jpg 768w\" sizes=\"(max-width: 1080px) 100vw, 1080px\" class=\"no-lazyload\" width=\"1080\" height=\"1080\"  style=\"display: inline-block;\" \/><\/div>","protected":false},"excerpt":{"rendered":"<p>El operativo fue llevado a cabo por el Municipio y las escuelas primarias. Hablamos con Joel Abratte del \u00c1rea Social y Silvia<\/p>\n","protected":false},"author":4,"featured_media":3885,"comment_status":"closed","ping_status":"open","sticky":false,"template":"","format":"standard","meta":{"colormag_page_layout":"default_layout","footnotes":""},"categories":[2],"tags":[],"class_list":["post-3884","post","type-post","status-publish","format-standard","has-post-thumbnail","hentry","category-noticias"],"_links":{"self":[{"href":"https:\/\/oasisfm935.com.ar\/site\/wp-json\/wp\/v2\/posts\/3884","targetHints":{"allow":["GET"]}}],"collection":[{"href":"https:\/\/oasisfm935.com.ar\/site\/wp-json\/wp\/v2\/posts"}],"about":[{"href":"https:\/\/oasisfm935.com.ar\/site\/wp-json\/wp\/v2\/types\/post"}],"author":[{"embeddable":true,"href":"https:\/\/oasisfm935.com.ar\/site\/wp-json\/wp\/v2\/users\/4"}],"replies":[{"embeddable":true,"href":"https:\/\/oasisfm935.com.ar\/site\/wp-json\/wp\/v2\/comments?post=3884"}],"version-history":[{"count":1,"href":"https:\/\/oasisfm935.com.ar\/site\/wp-json\/wp\/v2\/posts\/3884\/revisions"}],"predecessor-version":[{"id":3886,"href":"https:\/\/oasisfm935.com.ar\/site\/wp-json\/wp\/v2\/posts\/3884\/revisions\/3886"}],"wp:featuredmedia":[{"embeddable":true,"href":"https:\/\/oasisfm935.com.ar\/site\/wp-json\/wp\/v2\/media\/3885"}],"wp:attachment":[{"href":"https:\/\/oasisfm935.com.ar\/site\/wp-json\/wp\/v2\/media?parent=3884"}],"wp:term":[{"taxonomy":"category","embeddable":true,"href":"https:\/\/oasisfm935.com.ar\/site\/wp-json\/wp\/v2\/categories?post=3884"},{"taxonomy":"post_tag","embeddable":true,"href":"https:\/\/oasisfm935.com.ar\/site\/wp-json\/wp\/v2\/tags?post=3884"}],"curies":[{"name":"wp","href":"https:\/\/api.w.org\/{rel}","templated":true}]}}