{"id":391,"date":"2019-01-19T12:31:17","date_gmt":"2019-01-19T15:31:17","guid":{"rendered":"http:\/\/oasisfm935.com\/site\/?p=391"},"modified":"2019-01-19T12:31:17","modified_gmt":"2019-01-19T15:31:17","slug":"la-konga-hizo-bailar-a-una-multitud-en-la-segunda-noche-de-la-47o-fiesta-del-caballo-y-la-tradicion-en-luiggi","status":"publish","type":"post","link":"https:\/\/oasisfm935.com.ar\/site\/la-konga-hizo-bailar-a-una-multitud-en-la-segunda-noche-de-la-47o-fiesta-del-caballo-y-la-tradicion-en-luiggi\/","title":{"rendered":"\u201cLa Konga\u201d hizo bailar a una multitud en la segunda noche de la 47\u00ba Fiesta del Caballo y la Tradici\u00f3n en Luiggi"},"content":{"rendered":"<div class=\"itemIntroText\">\n<p><strong>Unas 4 mil personas, \u00a0seg\u00fan estimaron los organizadores, en su mayor\u00eda j\u00f3venes, bailaron al ritmo de \u201cLa Konga\u201d, esta agrupaci\u00f3n cordobesa que con sus cl\u00e1sicos, cautiv\u00f3 al p\u00fablico de Ingeniero Luiggi y la regi\u00f3n.<\/strong><\/p>\n<\/div>\n<div class=\"itemFullText\">\n<blockquote><p>La segunda noche de la 47\u00ba Fiesta Nacional del Caballo comenz\u00f3 en \u00a0el campo de jineteada Don Reinaldo Urrute con la jineteada de petisos y la rueda de jinetes invitados en grupa.<\/p><\/blockquote>\n<p><strong>Luego en el escenario mayor Hern\u00e1n Figueroa Reyes se presentaron diversos artistas y grupos de baile de la localidad y la regi\u00f3n.<\/strong><\/p>\n<blockquote><p>Sobre el escenario se presentaron<strong>\u00a0Laura G\u00f3mez Weis, el grupo Untankun, C\u00e9sar Gonz\u00e1lez,\u00a0 la Agrupaci\u00f3n que dirige M\u00f3nica Abratte, Guadalupe Vidoret, Laura Chinello, Pablo Cabrera, Los de Castex<\/strong>\u00a0<strong>y el luiggense radicado en C\u00f3rdoba Luciano Audisio.<\/strong><\/p><\/blockquote>\n<p><a href=\"http:\/\/oasisfm935.com\/site\/wp-content\/uploads\/2019\/01\/descarga.jpg\"><img loading=\"lazy\" decoding=\"async\" class=\"alignnone size-medium wp-image-392\" src=\"http:\/\/oasisfm935.com\/site\/wp-content\/uploads\/2019\/01\/descarga-300x225.jpg\" alt=\"\" width=\"300\" height=\"225\" srcset=\"https:\/\/oasisfm935.com.ar\/site\/wp-content\/uploads\/2019\/01\/descarga-300x225.jpg 300w, https:\/\/oasisfm935.com.ar\/site\/wp-content\/uploads\/2019\/01\/descarga-768x576.jpg 768w, https:\/\/oasisfm935.com.ar\/site\/wp-content\/uploads\/2019\/01\/descarga-678x509.jpg 678w, https:\/\/oasisfm935.com.ar\/site\/wp-content\/uploads\/2019\/01\/descarga-326x245.jpg 326w, https:\/\/oasisfm935.com.ar\/site\/wp-content\/uploads\/2019\/01\/descarga-80x60.jpg 80w, https:\/\/oasisfm935.com.ar\/site\/wp-content\/uploads\/2019\/01\/descarga.jpg 960w\" sizes=\"auto, (max-width: 300px) 100vw, 300px\" \/><\/a><a href=\"http:\/\/oasisfm935.com\/site\/wp-content\/uploads\/2019\/01\/descarga-1.jpg\"><img loading=\"lazy\" decoding=\"async\" class=\"alignnone size-medium wp-image-393\" src=\"http:\/\/oasisfm935.com\/site\/wp-content\/uploads\/2019\/01\/descarga-1-300x225.jpg\" alt=\"\" width=\"300\" height=\"225\" srcset=\"https:\/\/oasisfm935.com.ar\/site\/wp-content\/uploads\/2019\/01\/descarga-1-300x225.jpg 300w, https:\/\/oasisfm935.com.ar\/site\/wp-content\/uploads\/2019\/01\/descarga-1-768x576.jpg 768w, https:\/\/oasisfm935.com.ar\/site\/wp-content\/uploads\/2019\/01\/descarga-1-678x509.jpg 678w, https:\/\/oasisfm935.com.ar\/site\/wp-content\/uploads\/2019\/01\/descarga-1-326x245.jpg 326w, https:\/\/oasisfm935.com.ar\/site\/wp-content\/uploads\/2019\/01\/descarga-1-80x60.jpg 80w, https:\/\/oasisfm935.com.ar\/site\/wp-content\/uploads\/2019\/01\/descarga-1.jpg 960w\" sizes=\"auto, (max-width: 300px) 100vw, 300px\" \/><\/a><\/p>\n<p>&nbsp;<\/p>\n<blockquote><p>El cierre fue a pura m\u00fasica cuartetera con \u00a0<strong>La Konga,<\/strong>\u00a0banda liderada por<strong>\u00a0Nelson Aguirre, Diego Granade y Pablo Tamagnini,\u00a0<\/strong>que\u00a0 hizo bailar a los presentes hasta altas hora de la madrugada.<\/p>\n<p><a href=\"http:\/\/oasisfm935.com\/site\/wp-content\/uploads\/2019\/01\/descarga-2.jpg\"><img loading=\"lazy\" decoding=\"async\" class=\"alignnone size-medium wp-image-394\" src=\"http:\/\/oasisfm935.com\/site\/wp-content\/uploads\/2019\/01\/descarga-2-300x225.jpg\" alt=\"\" width=\"300\" height=\"225\" srcset=\"https:\/\/oasisfm935.com.ar\/site\/wp-content\/uploads\/2019\/01\/descarga-2-300x225.jpg 300w, https:\/\/oasisfm935.com.ar\/site\/wp-content\/uploads\/2019\/01\/descarga-2-768x576.jpg 768w, https:\/\/oasisfm935.com.ar\/site\/wp-content\/uploads\/2019\/01\/descarga-2-678x509.jpg 678w, https:\/\/oasisfm935.com.ar\/site\/wp-content\/uploads\/2019\/01\/descarga-2-326x245.jpg 326w, https:\/\/oasisfm935.com.ar\/site\/wp-content\/uploads\/2019\/01\/descarga-2-80x60.jpg 80w, https:\/\/oasisfm935.com.ar\/site\/wp-content\/uploads\/2019\/01\/descarga-2.jpg 960w\" sizes=\"auto, (max-width: 300px) 100vw, 300px\" \/><\/a><\/p>\n<p>&nbsp;<\/p>\n<p><strong>Controles<\/strong><\/p>\n<blockquote><p>En la segunda noche de la fiesta costera hubo controles a cargo de personal policial de la localidad coordinado por el comisario Leandro Ernst con apoyo del Ministerio de Seguridad,\u00a0 hubo algunos demorados y test de alcoholemia positivos. (Ampliaremos<strong>)<\/strong><\/p><\/blockquote>\n<p><strong>Para el s\u00e1bado la fiesta comenzar\u00e1 con el tradicional desfile inaugural en el campo de doma desde las 20 horas.<\/strong><\/p>\n<p><strong>Con destacados jinetes y tropillas, tendr\u00e1 lugar la \u00a0rueda de crinas, bastos y encimeras, y rueda de petisos. Adem\u00e1s habr\u00e1 un broche de oro con caballos seleccionados.<br \/>\n<\/strong><\/p>\n<blockquote><p><strong>Luego en el escenario est\u00e1 prevista la actuaci\u00f3n del conjunto de j\u00f3venes local \u201cLos Pampitas\u201d, el \u201cNegro\u201d Ferreyra, Los Diableros de Or\u00e1n y un cierre con Banda Manantial.<\/strong><\/p><\/blockquote>\n<hr \/>\n<p><strong>Los Guaran\u00edes<\/strong><\/p>\n<p>Para el domingo est\u00e1 programada la actuaci\u00f3n de\u00a0<strong>Juli\u00e1n Burgos y sus mariachis, Los Parranderos del R\u00edo V con su m\u00fasica chamamecera, el conjunto santarrose\u00f1o Los Caldenes y un gran cierre con Los Guaran\u00edes.<\/strong><\/p>\n<p><strong>El presidente del club Costa Brava Roberto Monge<\/strong>\u00a0destac\u00f3 que este a\u00f1o \u00ab<strong>se hizo una gran inversi\u00f3n en lo que es la jineteada<\/strong>,\u00a0<strong>por lo que el espect\u00e1culo tanto el s\u00e1bado como el domingo, reunir\u00e1 a\u00a0 jinetes y tropillas de primer nivel\u00bb.<\/strong><\/p>\n<p><strong>\u00a0 \u00a0 \u00a0 \u00a0 \u00a0 \u00a0 \u00a0 \u00a0 \u00a0 \u00a0 \u00a0 \u00a0 \u00a0 \u00a0 \u00a0 \u00a0 \u00a0 \u00a0 \u00a0 \u00a0 \u00a0 \u00a0 \u00a0 \u00a0ZONAL NOTICIAS\u00a0 \u00a0 \u00a0 \u00a0 \u00a0 \u00a0 \u00a0 \u00a0 \u00a0(Fotos gentileza Joaquien D\u00edaz- Conexio Power)<\/strong><\/p><\/blockquote>\n<\/div>\n<div class=\"oasis-despues-del-contenido\" id=\"oasis-959823333\"><img loading=\"lazy\" decoding=\"async\" src=\"https:\/\/oasisfm935.com.ar\/site\/wp-content\/uploads\/2020\/08\/47806202-8741-49f2-a5c9-d2f930e5baa1.jpg\" alt=\"\"  srcset=\"https:\/\/oasisfm935.com.ar\/site\/wp-content\/uploads\/2020\/08\/47806202-8741-49f2-a5c9-d2f930e5baa1.jpg 1080w, https:\/\/oasisfm935.com.ar\/site\/wp-content\/uploads\/2020\/08\/47806202-8741-49f2-a5c9-d2f930e5baa1-300x300.jpg 300w, https:\/\/oasisfm935.com.ar\/site\/wp-content\/uploads\/2020\/08\/47806202-8741-49f2-a5c9-d2f930e5baa1-1024x1024.jpg 1024w, https:\/\/oasisfm935.com.ar\/site\/wp-content\/uploads\/2020\/08\/47806202-8741-49f2-a5c9-d2f930e5baa1-150x150.jpg 150w, https:\/\/oasisfm935.com.ar\/site\/wp-content\/uploads\/2020\/08\/47806202-8741-49f2-a5c9-d2f930e5baa1-768x768.jpg 768w\" sizes=\"(max-width: 1080px) 100vw, 1080px\" class=\"no-lazyload\" width=\"1080\" height=\"1080\"  style=\"display: inline-block;\" \/><\/div>","protected":false},"excerpt":{"rendered":"<p>Unas 4 mil personas, \u00a0seg\u00fan estimaron los organizadores, en su mayor\u00eda j\u00f3venes, bailaron al ritmo de \u201cLa Konga\u201d, esta agrupaci\u00f3n cordobesa que<\/p>\n","protected":false},"author":4,"featured_media":394,"comment_status":"closed","ping_status":"open","sticky":false,"template":"","format":"standard","meta":{"colormag_page_layout":"default_layout","footnotes":""},"categories":[2],"tags":[],"class_list":["post-391","post","type-post","status-publish","format-standard","has-post-thumbnail","hentry","category-noticias"],"_links":{"self":[{"href":"https:\/\/oasisfm935.com.ar\/site\/wp-json\/wp\/v2\/posts\/391","targetHints":{"allow":["GET"]}}],"collection":[{"href":"https:\/\/oasisfm935.com.ar\/site\/wp-json\/wp\/v2\/posts"}],"about":[{"href":"https:\/\/oasisfm935.com.ar\/site\/wp-json\/wp\/v2\/types\/post"}],"author":[{"embeddable":true,"href":"https:\/\/oasisfm935.com.ar\/site\/wp-json\/wp\/v2\/users\/4"}],"replies":[{"embeddable":true,"href":"https:\/\/oasisfm935.com.ar\/site\/wp-json\/wp\/v2\/comments?post=391"}],"version-history":[{"count":1,"href":"https:\/\/oasisfm935.com.ar\/site\/wp-json\/wp\/v2\/posts\/391\/revisions"}],"predecessor-version":[{"id":395,"href":"https:\/\/oasisfm935.com.ar\/site\/wp-json\/wp\/v2\/posts\/391\/revisions\/395"}],"wp:featuredmedia":[{"embeddable":true,"href":"https:\/\/oasisfm935.com.ar\/site\/wp-json\/wp\/v2\/media\/394"}],"wp:attachment":[{"href":"https:\/\/oasisfm935.com.ar\/site\/wp-json\/wp\/v2\/media?parent=391"}],"wp:term":[{"taxonomy":"category","embeddable":true,"href":"https:\/\/oasisfm935.com.ar\/site\/wp-json\/wp\/v2\/categories?post=391"},{"taxonomy":"post_tag","embeddable":true,"href":"https:\/\/oasisfm935.com.ar\/site\/wp-json\/wp\/v2\/tags?post=391"}],"curies":[{"name":"wp","href":"https:\/\/api.w.org\/{rel}","templated":true}]}}