{"id":3954,"date":"2020-03-28T11:29:26","date_gmt":"2020-03-28T14:29:26","guid":{"rendered":"http:\/\/oasisfm935.com\/site\/?p=3954"},"modified":"2020-03-28T11:29:26","modified_gmt":"2020-03-28T14:29:26","slug":"ziliotto-anuncio-un-bono-de-5-mil-para-policias-y-agentes-de-salud","status":"publish","type":"post","link":"https:\/\/oasisfm935.com.ar\/site\/ziliotto-anuncio-un-bono-de-5-mil-para-policias-y-agentes-de-salud\/","title":{"rendered":"Ziliotto anunci\u00f3 un bono de $5 mil para polic\u00edas y agentes de Salud"},"content":{"rendered":"<p>El gobernador dijo que es un\u00a0<strong>reconocimiento para quienes est\u00e1n \u00aben la primera trinchera\u00bb de la pelea de la pandemia<\/strong>. Es una suma por \u00fanica vez.<\/p>\n<p>El gobernador,\u00a0<strong>Sergio Ziliotto,<\/strong>\u00a0anunci\u00f3 que los polic\u00edas provinciales y los agentes de Salud P\u00fablica cobrar\u00e1n un bono de 5 mil pesos ante la emergencia de la pandemia del coronavirus. Un decreto nacional orden\u00f3 ese pago. Ziliotto dijo que no est\u00e1 la reglamentaci\u00f3n a\u00fan, pero si no incluye a las fuerzas provinciales, Casa de Gobierno se har\u00e1 cargo. \u00abDe alguna caja va a salir\u00bb, enfatiz\u00f3 este s\u00e1bado.<\/p>\n<p><strong>\u201cAyer el gobierno nacional determin\u00f3 un bono de 5 mil pesos tambi\u00e9n para las fuerzas de seguridad. Aunque no lo contemple, nos vamos a hacer cargo para que lo perciba la polic\u00eda provincial, el tiempo que sea necesario. La disponibilidad de recursos para hacer frente es secundario. El personal que est\u00e1 en la primera trinchera tiene que tener un reconocimiento. No solo el dinerario\u201d<\/strong>, se\u00f1al\u00f3 el primer mandatario.<\/p>\n<p>Ziliotto revindic\u00f3 el sistema de salud y record\u00f3 que ya \u201chab\u00eda cuatro obras en ejecuci\u00f3n en el tema sanitario\u201d en la provincia, como el nuevo hospital de Santa Rosa. \u201cEs una pol\u00edtica de invertir en Salud P\u00fablica. Hoy es una reivindicaci\u00f3n para los que pensamos en que se ocupa de los que menos tiene. Y est\u00e1 a disposici\u00f3n de todos los sectores\u201d, destac\u00f3.<\/p>\n<p>\u201cHay un programa de compras, en virtud de esta pandemia se duplicaron, triplicaron o quintuplicaron. No va a faltar insumos si no hay desabastecimiento en el pa\u00eds\u201d, dijo.<br \/>\nEn declaraciones a FM Sonar, dijo que la provincia \u201chizo una orden de compra de 30 respiradores en la f\u00e1brica de C\u00f3rdoba. Hac\u00edan 70 por semana, ahora se lleva 150. La entrega a la provincia tendr\u00e1 que ver con el escenario del resto de las provincias y la situaci\u00f3n epidemiolog\u00eda. Lo va a administrar el gobierno nacional, pero Gin\u00e9s (Gonz\u00e1lez Garc\u00eda) nos garantiz\u00f3 que vamos a tener\u201d.<\/p>\n<p><strong>\u201cPero estamos en una situaci\u00f3n desahogada. Sabemos que para los primeros casos, para una buena etapa estamos preparados para dar respuesta. Incorporamos tres hospitales de campa\u00f1a. Con los respiradores, se pueden convertir en terapia intensiva. Y con el recurso humano centralizado, como recomienda la OMS\u201d,<\/strong>\u00a0aclar\u00f3.<\/p>\n<p>Ziliotto volvi\u00f3 a reconocer los problemas que origina que el Banco de La Pampa est\u00e9 cerrado. \u201cSon decisiones del Banco Central. Esas decisiones las pone el Central. Lo que hicimos es duplicar el descubierto dentro de nuestras posibilidades. Pero es uno de los temas que tiene que definir la administraci\u00f3n central. Tomamos la decisi\u00f3n de favorecer al cliente para que no le rechacen los cheques\u201d, remarc\u00f3.<\/p>\n<p>\u201cEsto reci\u00e9n empieza. No hay certeza de cu\u00e1l ser\u00e1 el comportamiento del virus. Podemos trasladar escenarios de China o Italia, pero es un virus nuevo. La gran respuesta del gobierno es el aislamiento. No hay otra. En Italia pusieron la cuarentena cuando hab\u00eda 8 mil casos. Nosotros cuando ten\u00edamos 150\u201d, destac\u00f3.<\/p>\n<p><strong>\u201cDespu\u00e9s del 5 o 6 de abril vamos a tener los efectos de la cuarentena. En La Pampa hay capacidad de respuesta. Pero tampoco sabemos cu\u00e1l va a ser el escenario. Todos los cient\u00edficos coinciden que la \u00fanica vacuna es quedarse en casa\u201d<\/strong>, complet\u00f3.<\/p>\n<p>Finalmente, reconoci\u00f3 que \u00abse va a resentir la eficiencia de la educaci\u00f3n en estos meses\u00bb porque \u00abel aula no se remplaza\u00bb con la ense\u00f1anza virtual. \u00abEsto nos cambi\u00f3 la vida\u00bb, concluy\u00f3.<\/p>\n<div class=\"oasis-despues-del-contenido\" id=\"oasis-4122276821\"><img loading=\"lazy\" decoding=\"async\" src=\"https:\/\/oasisfm935.com.ar\/site\/wp-content\/uploads\/2020\/08\/47806202-8741-49f2-a5c9-d2f930e5baa1.jpg\" alt=\"\"  srcset=\"https:\/\/oasisfm935.com.ar\/site\/wp-content\/uploads\/2020\/08\/47806202-8741-49f2-a5c9-d2f930e5baa1.jpg 1080w, https:\/\/oasisfm935.com.ar\/site\/wp-content\/uploads\/2020\/08\/47806202-8741-49f2-a5c9-d2f930e5baa1-300x300.jpg 300w, https:\/\/oasisfm935.com.ar\/site\/wp-content\/uploads\/2020\/08\/47806202-8741-49f2-a5c9-d2f930e5baa1-1024x1024.jpg 1024w, https:\/\/oasisfm935.com.ar\/site\/wp-content\/uploads\/2020\/08\/47806202-8741-49f2-a5c9-d2f930e5baa1-150x150.jpg 150w, https:\/\/oasisfm935.com.ar\/site\/wp-content\/uploads\/2020\/08\/47806202-8741-49f2-a5c9-d2f930e5baa1-768x768.jpg 768w\" sizes=\"(max-width: 1080px) 100vw, 1080px\" class=\"no-lazyload\" width=\"1080\" height=\"1080\"  style=\"display: inline-block;\" \/><\/div>","protected":false},"excerpt":{"rendered":"<p>El gobernador dijo que es un\u00a0reconocimiento para quienes est\u00e1n \u00aben la primera trinchera\u00bb de la pelea de la pandemia. Es una suma<\/p>\n","protected":false},"author":4,"featured_media":3955,"comment_status":"closed","ping_status":"open","sticky":false,"template":"","format":"standard","meta":{"colormag_page_layout":"default_layout","footnotes":""},"categories":[2],"tags":[],"class_list":["post-3954","post","type-post","status-publish","format-standard","has-post-thumbnail","hentry","category-noticias"],"_links":{"self":[{"href":"https:\/\/oasisfm935.com.ar\/site\/wp-json\/wp\/v2\/posts\/3954","targetHints":{"allow":["GET"]}}],"collection":[{"href":"https:\/\/oasisfm935.com.ar\/site\/wp-json\/wp\/v2\/posts"}],"about":[{"href":"https:\/\/oasisfm935.com.ar\/site\/wp-json\/wp\/v2\/types\/post"}],"author":[{"embeddable":true,"href":"https:\/\/oasisfm935.com.ar\/site\/wp-json\/wp\/v2\/users\/4"}],"replies":[{"embeddable":true,"href":"https:\/\/oasisfm935.com.ar\/site\/wp-json\/wp\/v2\/comments?post=3954"}],"version-history":[{"count":2,"href":"https:\/\/oasisfm935.com.ar\/site\/wp-json\/wp\/v2\/posts\/3954\/revisions"}],"predecessor-version":[{"id":3957,"href":"https:\/\/oasisfm935.com.ar\/site\/wp-json\/wp\/v2\/posts\/3954\/revisions\/3957"}],"wp:featuredmedia":[{"embeddable":true,"href":"https:\/\/oasisfm935.com.ar\/site\/wp-json\/wp\/v2\/media\/3955"}],"wp:attachment":[{"href":"https:\/\/oasisfm935.com.ar\/site\/wp-json\/wp\/v2\/media?parent=3954"}],"wp:term":[{"taxonomy":"category","embeddable":true,"href":"https:\/\/oasisfm935.com.ar\/site\/wp-json\/wp\/v2\/categories?post=3954"},{"taxonomy":"post_tag","embeddable":true,"href":"https:\/\/oasisfm935.com.ar\/site\/wp-json\/wp\/v2\/tags?post=3954"}],"curies":[{"name":"wp","href":"https:\/\/api.w.org\/{rel}","templated":true}]}}