{"id":3959,"date":"2020-03-28T13:18:12","date_gmt":"2020-03-28T16:18:12","guid":{"rendered":"http:\/\/oasisfm935.com\/site\/?p=3959"},"modified":"2020-03-28T13:23:00","modified_gmt":"2020-03-28T16:23:00","slug":"patricia-lavin-se-reunio-con-los-gerentes-de-las-sucursales-banco-nacion-y-pampa","status":"publish","type":"post","link":"https:\/\/oasisfm935.com.ar\/site\/patricia-lavin-se-reunio-con-los-gerentes-de-las-sucursales-banco-nacion-y-pampa\/","title":{"rendered":"Patricia Lavin se reuni\u00f3 con los gerentes de las Sucursales Banco Naci\u00f3n y  Pampa"},"content":{"rendered":"<p>En el marco de le Emergencia Sanitaria, la Intendenta Patricia Lavin\u00a0 junto con el secretario de Hacienda y Finanzas del Gobierno Local mantuvieron una\u00a0 \u00a0reuni\u00f3n con los gerentes de las Sucursales de los Bancos de la Naci\u00f3n y de La Pampa de nuestra localidad.<\/p>\n<p>Informaron horarios de atenci\u00f3n para deposito de cheques, de 9 a 13 hs. y en el caso del Banco de la Naci\u00f3n los dep\u00f3sitos se realizan a trav\u00e9s del cajero autom\u00e1tico.<\/p>\n<p>Se coordinaron medidas conjuntas para resolver inconvenientes que le ocurran a las personas con tr\u00e1mites bancarios.<\/p>\n<div class=\"oasis-despues-del-contenido\" id=\"oasis-3294151121\"><img loading=\"lazy\" decoding=\"async\" src=\"https:\/\/oasisfm935.com.ar\/site\/wp-content\/uploads\/2020\/08\/47806202-8741-49f2-a5c9-d2f930e5baa1.jpg\" alt=\"\"  srcset=\"https:\/\/oasisfm935.com.ar\/site\/wp-content\/uploads\/2020\/08\/47806202-8741-49f2-a5c9-d2f930e5baa1.jpg 1080w, https:\/\/oasisfm935.com.ar\/site\/wp-content\/uploads\/2020\/08\/47806202-8741-49f2-a5c9-d2f930e5baa1-300x300.jpg 300w, https:\/\/oasisfm935.com.ar\/site\/wp-content\/uploads\/2020\/08\/47806202-8741-49f2-a5c9-d2f930e5baa1-1024x1024.jpg 1024w, https:\/\/oasisfm935.com.ar\/site\/wp-content\/uploads\/2020\/08\/47806202-8741-49f2-a5c9-d2f930e5baa1-150x150.jpg 150w, https:\/\/oasisfm935.com.ar\/site\/wp-content\/uploads\/2020\/08\/47806202-8741-49f2-a5c9-d2f930e5baa1-768x768.jpg 768w\" sizes=\"(max-width: 1080px) 100vw, 1080px\" class=\"no-lazyload\" width=\"1080\" height=\"1080\"  style=\"display: inline-block;\" \/><\/div>","protected":false},"excerpt":{"rendered":"<p>En el marco de le Emergencia Sanitaria, la Intendenta Patricia Lavin\u00a0 junto con el secretario de Hacienda y Finanzas del Gobierno Local<\/p>\n","protected":false},"author":4,"featured_media":3960,"comment_status":"closed","ping_status":"open","sticky":false,"template":"","format":"standard","meta":{"colormag_page_layout":"default_layout","footnotes":""},"categories":[2],"tags":[],"class_list":["post-3959","post","type-post","status-publish","format-standard","has-post-thumbnail","hentry","category-noticias"],"_links":{"self":[{"href":"https:\/\/oasisfm935.com.ar\/site\/wp-json\/wp\/v2\/posts\/3959","targetHints":{"allow":["GET"]}}],"collection":[{"href":"https:\/\/oasisfm935.com.ar\/site\/wp-json\/wp\/v2\/posts"}],"about":[{"href":"https:\/\/oasisfm935.com.ar\/site\/wp-json\/wp\/v2\/types\/post"}],"author":[{"embeddable":true,"href":"https:\/\/oasisfm935.com.ar\/site\/wp-json\/wp\/v2\/users\/4"}],"replies":[{"embeddable":true,"href":"https:\/\/oasisfm935.com.ar\/site\/wp-json\/wp\/v2\/comments?post=3959"}],"version-history":[{"count":3,"href":"https:\/\/oasisfm935.com.ar\/site\/wp-json\/wp\/v2\/posts\/3959\/revisions"}],"predecessor-version":[{"id":3963,"href":"https:\/\/oasisfm935.com.ar\/site\/wp-json\/wp\/v2\/posts\/3959\/revisions\/3963"}],"wp:featuredmedia":[{"embeddable":true,"href":"https:\/\/oasisfm935.com.ar\/site\/wp-json\/wp\/v2\/media\/3960"}],"wp:attachment":[{"href":"https:\/\/oasisfm935.com.ar\/site\/wp-json\/wp\/v2\/media?parent=3959"}],"wp:term":[{"taxonomy":"category","embeddable":true,"href":"https:\/\/oasisfm935.com.ar\/site\/wp-json\/wp\/v2\/categories?post=3959"},{"taxonomy":"post_tag","embeddable":true,"href":"https:\/\/oasisfm935.com.ar\/site\/wp-json\/wp\/v2\/tags?post=3959"}],"curies":[{"name":"wp","href":"https:\/\/api.w.org\/{rel}","templated":true}]}}