{"id":3964,"date":"2020-03-28T18:24:27","date_gmt":"2020-03-28T21:24:27","guid":{"rendered":"http:\/\/oasisfm935.com\/site\/?p=3964"},"modified":"2020-03-28T18:25:31","modified_gmt":"2020-03-28T21:25:31","slug":"siguen-las-demoras-en-luiggi-por-incumplir-el-aislamiento-social-preventivo-obligatorio","status":"publish","type":"post","link":"https:\/\/oasisfm935.com.ar\/site\/siguen-las-demoras-en-luiggi-por-incumplir-el-aislamiento-social-preventivo-obligatorio\/","title":{"rendered":"Siguen las demoras en Luiggi por incumplir el aislamiento social preventivo obligatorio"},"content":{"rendered":"<p>La Polic\u00eda sigue haciendo secuestros y causas judiciales por no cumplir con lo dispuesto preventivamente por Naci\u00f3n.<\/p>\n<p>Anoche el personal policial intercept\u00f3 el paso de dos j\u00f3venes, un masculino y un femenina menor de edad. Se procedi\u00f3 a la demora de ambos quedando notificados a disposici\u00f3n de la Fiscal\u00eda General a cargo del Dr. ARMANDO AGUERO de General Pico,\u00a0 por infracci\u00f3n al ART. 205 y 239 del el C\u00f3digo Penal argentino. En el caso de la menor fue entregado a su progenitor quien fue notificado en dichas actuaciones.<\/p>\n<p>Por\u00a0 otro lado el d\u00eda jueves 26 en horas de la madrugada se demoro una femenina mayor de edad, con domicilio\u00a0 en este medio quien se movilizaba en bicicleta sin poder justificar su presencia en la v\u00eda p\u00fablica. Fue demorada y puesta a disposici\u00f3n de la misma Fiscal\u00eda piquense y en id\u00e9ntica causa.<\/p>\n<p>La bicicleta permanece secuestrada<\/p>\n<p>&nbsp;<\/p>\n<div class=\"oasis-despues-del-contenido\" id=\"oasis-4019562000\"><img loading=\"lazy\" decoding=\"async\" src=\"https:\/\/oasisfm935.com.ar\/site\/wp-content\/uploads\/2020\/08\/47806202-8741-49f2-a5c9-d2f930e5baa1.jpg\" alt=\"\"  srcset=\"https:\/\/oasisfm935.com.ar\/site\/wp-content\/uploads\/2020\/08\/47806202-8741-49f2-a5c9-d2f930e5baa1.jpg 1080w, https:\/\/oasisfm935.com.ar\/site\/wp-content\/uploads\/2020\/08\/47806202-8741-49f2-a5c9-d2f930e5baa1-300x300.jpg 300w, https:\/\/oasisfm935.com.ar\/site\/wp-content\/uploads\/2020\/08\/47806202-8741-49f2-a5c9-d2f930e5baa1-1024x1024.jpg 1024w, https:\/\/oasisfm935.com.ar\/site\/wp-content\/uploads\/2020\/08\/47806202-8741-49f2-a5c9-d2f930e5baa1-150x150.jpg 150w, https:\/\/oasisfm935.com.ar\/site\/wp-content\/uploads\/2020\/08\/47806202-8741-49f2-a5c9-d2f930e5baa1-768x768.jpg 768w\" sizes=\"(max-width: 1080px) 100vw, 1080px\" class=\"no-lazyload\" width=\"1080\" height=\"1080\"  style=\"display: inline-block;\" \/><\/div>","protected":false},"excerpt":{"rendered":"<p>La Polic\u00eda sigue haciendo secuestros y causas judiciales por no cumplir con lo dispuesto preventivamente por Naci\u00f3n. Anoche el personal policial intercept\u00f3<\/p>\n","protected":false},"author":4,"featured_media":3965,"comment_status":"closed","ping_status":"open","sticky":false,"template":"","format":"standard","meta":{"colormag_page_layout":"default_layout","footnotes":""},"categories":[2],"tags":[],"class_list":["post-3964","post","type-post","status-publish","format-standard","has-post-thumbnail","hentry","category-noticias"],"_links":{"self":[{"href":"https:\/\/oasisfm935.com.ar\/site\/wp-json\/wp\/v2\/posts\/3964","targetHints":{"allow":["GET"]}}],"collection":[{"href":"https:\/\/oasisfm935.com.ar\/site\/wp-json\/wp\/v2\/posts"}],"about":[{"href":"https:\/\/oasisfm935.com.ar\/site\/wp-json\/wp\/v2\/types\/post"}],"author":[{"embeddable":true,"href":"https:\/\/oasisfm935.com.ar\/site\/wp-json\/wp\/v2\/users\/4"}],"replies":[{"embeddable":true,"href":"https:\/\/oasisfm935.com.ar\/site\/wp-json\/wp\/v2\/comments?post=3964"}],"version-history":[{"count":1,"href":"https:\/\/oasisfm935.com.ar\/site\/wp-json\/wp\/v2\/posts\/3964\/revisions"}],"predecessor-version":[{"id":3966,"href":"https:\/\/oasisfm935.com.ar\/site\/wp-json\/wp\/v2\/posts\/3964\/revisions\/3966"}],"wp:featuredmedia":[{"embeddable":true,"href":"https:\/\/oasisfm935.com.ar\/site\/wp-json\/wp\/v2\/media\/3965"}],"wp:attachment":[{"href":"https:\/\/oasisfm935.com.ar\/site\/wp-json\/wp\/v2\/media?parent=3964"}],"wp:term":[{"taxonomy":"category","embeddable":true,"href":"https:\/\/oasisfm935.com.ar\/site\/wp-json\/wp\/v2\/categories?post=3964"},{"taxonomy":"post_tag","embeddable":true,"href":"https:\/\/oasisfm935.com.ar\/site\/wp-json\/wp\/v2\/tags?post=3964"}],"curies":[{"name":"wp","href":"https:\/\/api.w.org\/{rel}","templated":true}]}}