{"id":3971,"date":"2020-03-29T13:33:27","date_gmt":"2020-03-29T16:33:27","guid":{"rendered":"http:\/\/oasisfm935.com\/site\/?p=3971"},"modified":"2020-03-29T13:33:27","modified_gmt":"2020-03-29T16:33:27","slug":"ingeniero-luiggi-dos-nuevos-demorados-por-incumplir-el-aislamiento-obligatorio","status":"publish","type":"post","link":"https:\/\/oasisfm935.com.ar\/site\/ingeniero-luiggi-dos-nuevos-demorados-por-incumplir-el-aislamiento-obligatorio\/","title":{"rendered":"Ingeniero Luiggi : Dos nuevos demorados por incumplir el aislamiento obligatorio"},"content":{"rendered":"<p>La Polic\u00eda sigue haciendo secuestros y causas judiciales por no cumplir con lo dispuesto preventivamente por Naci\u00f3n.<\/p>\n<p>En dialog\u00f3 con el comisario Leandro Ernst quien manifest\u00f3 que , en horas de la noche de ayer y mas tarde en horas\u00a0 de la madrugada de la fecha se produjeron dos nuevas demoras.<\/p>\n<p><a href=\"http:\/\/oasisfm935.com\/site\/wp-content\/uploads\/2020\/03\/2a9e3074-fd5b-465c-afc4-a1f84328cf44.jpg\"><img loading=\"lazy\" decoding=\"async\" class=\"alignnone size-full wp-image-3972\" src=\"http:\/\/oasisfm935.com\/site\/wp-content\/uploads\/2020\/03\/2a9e3074-fd5b-465c-afc4-a1f84328cf44.jpg\" alt=\"\" width=\"774\" height=\"1032\" srcset=\"https:\/\/oasisfm935.com.ar\/site\/wp-content\/uploads\/2020\/03\/2a9e3074-fd5b-465c-afc4-a1f84328cf44.jpg 774w, https:\/\/oasisfm935.com.ar\/site\/wp-content\/uploads\/2020\/03\/2a9e3074-fd5b-465c-afc4-a1f84328cf44-225x300.jpg 225w, https:\/\/oasisfm935.com.ar\/site\/wp-content\/uploads\/2020\/03\/2a9e3074-fd5b-465c-afc4-a1f84328cf44-768x1024.jpg 768w\" sizes=\"auto, (max-width: 774px) 100vw, 774px\" \/><\/a><\/p>\n<p>En este caso dos masculinos poniendo escusas injustificables para\u00a0 estar en la v\u00eda publica. Por\u00a0 eso ambos fueron demorados y puestos a disposici\u00f3n de la Fiscal\u00eda General a cargo del Dr. Armando AGUERO , imputandoseles causas judiciales por infracci\u00f3n a los Art\u00edculos 205 Y 239 C\u00f3digo Penal Ademas.<\/p>\n<p>Uno de ellos se movilizaba en Bicicleta, la cual fue secuestrada y en esa condici\u00f3n va a seguir quedando hasta que\u00a0 finalice el proceso o la Fiscal\u00eda disponga su entrega mas adelante.<\/p>\n<p><a href=\"http:\/\/oasisfm935.com\/site\/wp-content\/uploads\/2020\/03\/686abf61-7820-4b92-8067-dd075c32a6bd.jpg\"><img loading=\"lazy\" decoding=\"async\" class=\"alignnone size-full wp-image-3973\" src=\"http:\/\/oasisfm935.com\/site\/wp-content\/uploads\/2020\/03\/686abf61-7820-4b92-8067-dd075c32a6bd.jpg\" alt=\"\" width=\"1032\" height=\"774\" srcset=\"https:\/\/oasisfm935.com.ar\/site\/wp-content\/uploads\/2020\/03\/686abf61-7820-4b92-8067-dd075c32a6bd.jpg 1032w, https:\/\/oasisfm935.com.ar\/site\/wp-content\/uploads\/2020\/03\/686abf61-7820-4b92-8067-dd075c32a6bd-300x225.jpg 300w, https:\/\/oasisfm935.com.ar\/site\/wp-content\/uploads\/2020\/03\/686abf61-7820-4b92-8067-dd075c32a6bd-1024x768.jpg 1024w, https:\/\/oasisfm935.com.ar\/site\/wp-content\/uploads\/2020\/03\/686abf61-7820-4b92-8067-dd075c32a6bd-768x576.jpg 768w, https:\/\/oasisfm935.com.ar\/site\/wp-content\/uploads\/2020\/03\/686abf61-7820-4b92-8067-dd075c32a6bd-678x509.jpg 678w, https:\/\/oasisfm935.com.ar\/site\/wp-content\/uploads\/2020\/03\/686abf61-7820-4b92-8067-dd075c32a6bd-326x245.jpg 326w, https:\/\/oasisfm935.com.ar\/site\/wp-content\/uploads\/2020\/03\/686abf61-7820-4b92-8067-dd075c32a6bd-80x60.jpg 80w\" sizes=\"auto, (max-width: 1032px) 100vw, 1032px\" \/><\/a><\/p>\n<p>&nbsp;<\/p>\n<div class=\"oasis-despues-del-contenido\" id=\"oasis-3432695472\"><img loading=\"lazy\" decoding=\"async\" src=\"https:\/\/oasisfm935.com.ar\/site\/wp-content\/uploads\/2020\/08\/47806202-8741-49f2-a5c9-d2f930e5baa1.jpg\" alt=\"\"  srcset=\"https:\/\/oasisfm935.com.ar\/site\/wp-content\/uploads\/2020\/08\/47806202-8741-49f2-a5c9-d2f930e5baa1.jpg 1080w, https:\/\/oasisfm935.com.ar\/site\/wp-content\/uploads\/2020\/08\/47806202-8741-49f2-a5c9-d2f930e5baa1-300x300.jpg 300w, https:\/\/oasisfm935.com.ar\/site\/wp-content\/uploads\/2020\/08\/47806202-8741-49f2-a5c9-d2f930e5baa1-1024x1024.jpg 1024w, https:\/\/oasisfm935.com.ar\/site\/wp-content\/uploads\/2020\/08\/47806202-8741-49f2-a5c9-d2f930e5baa1-150x150.jpg 150w, https:\/\/oasisfm935.com.ar\/site\/wp-content\/uploads\/2020\/08\/47806202-8741-49f2-a5c9-d2f930e5baa1-768x768.jpg 768w\" sizes=\"(max-width: 1080px) 100vw, 1080px\" class=\"no-lazyload\" width=\"1080\" height=\"1080\"  style=\"display: inline-block;\" \/><\/div>","protected":false},"excerpt":{"rendered":"<p>La Polic\u00eda sigue haciendo secuestros y causas judiciales por no cumplir con lo dispuesto preventivamente por Naci\u00f3n. En dialog\u00f3 con el comisario<\/p>\n","protected":false},"author":4,"featured_media":3974,"comment_status":"closed","ping_status":"open","sticky":false,"template":"","format":"standard","meta":{"colormag_page_layout":"default_layout","footnotes":""},"categories":[2],"tags":[],"class_list":["post-3971","post","type-post","status-publish","format-standard","has-post-thumbnail","hentry","category-noticias"],"_links":{"self":[{"href":"https:\/\/oasisfm935.com.ar\/site\/wp-json\/wp\/v2\/posts\/3971","targetHints":{"allow":["GET"]}}],"collection":[{"href":"https:\/\/oasisfm935.com.ar\/site\/wp-json\/wp\/v2\/posts"}],"about":[{"href":"https:\/\/oasisfm935.com.ar\/site\/wp-json\/wp\/v2\/types\/post"}],"author":[{"embeddable":true,"href":"https:\/\/oasisfm935.com.ar\/site\/wp-json\/wp\/v2\/users\/4"}],"replies":[{"embeddable":true,"href":"https:\/\/oasisfm935.com.ar\/site\/wp-json\/wp\/v2\/comments?post=3971"}],"version-history":[{"count":1,"href":"https:\/\/oasisfm935.com.ar\/site\/wp-json\/wp\/v2\/posts\/3971\/revisions"}],"predecessor-version":[{"id":3975,"href":"https:\/\/oasisfm935.com.ar\/site\/wp-json\/wp\/v2\/posts\/3971\/revisions\/3975"}],"wp:featuredmedia":[{"embeddable":true,"href":"https:\/\/oasisfm935.com.ar\/site\/wp-json\/wp\/v2\/media\/3974"}],"wp:attachment":[{"href":"https:\/\/oasisfm935.com.ar\/site\/wp-json\/wp\/v2\/media?parent=3971"}],"wp:term":[{"taxonomy":"category","embeddable":true,"href":"https:\/\/oasisfm935.com.ar\/site\/wp-json\/wp\/v2\/categories?post=3971"},{"taxonomy":"post_tag","embeddable":true,"href":"https:\/\/oasisfm935.com.ar\/site\/wp-json\/wp\/v2\/tags?post=3971"}],"curies":[{"name":"wp","href":"https:\/\/api.w.org\/{rel}","templated":true}]}}