{"id":3981,"date":"2020-03-30T20:30:58","date_gmt":"2020-03-30T23:30:58","guid":{"rendered":"http:\/\/oasisfm935.com\/site\/?p=3981"},"modified":"2020-03-30T20:42:24","modified_gmt":"2020-03-30T23:42:24","slug":"siguen-las-demoras-en-luiggi-por-incumplir-el-aislamiento-social-preventivo-obligatorio-2","status":"publish","type":"post","link":"https:\/\/oasisfm935.com.ar\/site\/siguen-las-demoras-en-luiggi-por-incumplir-el-aislamiento-social-preventivo-obligatorio-2\/","title":{"rendered":"Siguen las demoras en Luiggi por incumplir el aislamiento social preventivo obligatorio."},"content":{"rendered":"<blockquote><p>La Polic\u00eda sigue haciendo secuestros y causas judiciales por no cumplir con lo dispuesto preventivamente por Naci\u00f3n.<\/p>\n<p>En el d\u00eda de ayer (domingo 29-03-20), siendo horas 20:20, se procedi\u00f3 a la demora de una persona de sexo masculino quien se desplazaba de forma pedestre en intersecci\u00f3n Calles Matienzo y Sarmiento, no teniendo un motivo que justifique su presencia en la v\u00eda p\u00fablica, violando el aislamiento social, preventivo y obligatorio que se halla en vigencia. Al mismo se le iniciaron las actuaciones judiciales por \u201cS\/INFRACCI\u00d3N ART\u00cdCULOS 205 Y 239 DEL C\u00d3DIGO PENAL\u201d, correspondientes con intervenci\u00f3n de la Fiscal\u00eda General a cargo del Dr. Armando AG\u00dcERO, de la Segunda Circunscripci\u00f3n Judicial de la Provincia de La Pampa, con asiento en la ciudad de General Pico.<\/p>\n<p>&nbsp;<\/p>\n<p>Unos momentos antes por la tardecita del d\u00eda domingo 29, tambi\u00e9n se intercepto en la v\u00eda p\u00fablica una jovencita menor de edad, la cual en este caso se procedi\u00f3 a la notificaci\u00f3n de su progenitor por ser el responsable de la misma.-<\/p>\n<p>&nbsp;<\/p>\n<p>Por otro lado siendo horas 03:00 se intercepto a un masculino que se desplazaba en bicicleta sobre la intersecci\u00f3n de Calles 25 de Mayo y Castelli de esta localidad, el cual manifest\u00f3 que se trasladaba a la casa de una amiga, raz\u00f3n por la que se lo demoro y se procedi\u00f3 al secuestro de la bicicleta, labr\u00e1ndose id\u00e9nticas actuaciones que el primer caso aludido anteriormente y con la misma Fiscal\u00eda de General Pico.<\/p>\n<p>&nbsp;<\/p>\n<p>Parece reiterativo, pedirle a los vecinos que tengan que respetar la cuarentena obligatoria, pero el aislamiento es la \u00fanica forma de que cada uno se cuide y cuide a sus familiares, que si bien los comercios est\u00e1n abiertos hasta horas 18:00 eso no nos da permiso para salir a dar vueltas o hacer cosas innecesarias. La cuarentena es obligatoria, solo podemos movilizarnos para hacer compras de alimentos, medicamentos o cuestiones b\u00e1sicas, pero luego debemos volver a nuestros domicilios, para seguir con el aislamiento. Aquel que no lo respete, ser\u00e1 pasible de demoras y la conformaci\u00f3n de actuaciones judiciales respectivas, que a futuro le acarreara alguna condena o que le quede alg\u00fan antecedente.-<\/p>\n<p>&nbsp;<\/p><\/blockquote>\n<div class=\"oasis-despues-del-contenido\" id=\"oasis-3764132934\"><img loading=\"lazy\" decoding=\"async\" src=\"https:\/\/oasisfm935.com.ar\/site\/wp-content\/uploads\/2020\/08\/47806202-8741-49f2-a5c9-d2f930e5baa1.jpg\" alt=\"\"  srcset=\"https:\/\/oasisfm935.com.ar\/site\/wp-content\/uploads\/2020\/08\/47806202-8741-49f2-a5c9-d2f930e5baa1.jpg 1080w, https:\/\/oasisfm935.com.ar\/site\/wp-content\/uploads\/2020\/08\/47806202-8741-49f2-a5c9-d2f930e5baa1-300x300.jpg 300w, https:\/\/oasisfm935.com.ar\/site\/wp-content\/uploads\/2020\/08\/47806202-8741-49f2-a5c9-d2f930e5baa1-1024x1024.jpg 1024w, https:\/\/oasisfm935.com.ar\/site\/wp-content\/uploads\/2020\/08\/47806202-8741-49f2-a5c9-d2f930e5baa1-150x150.jpg 150w, https:\/\/oasisfm935.com.ar\/site\/wp-content\/uploads\/2020\/08\/47806202-8741-49f2-a5c9-d2f930e5baa1-768x768.jpg 768w\" sizes=\"(max-width: 1080px) 100vw, 1080px\" class=\"no-lazyload\" width=\"1080\" height=\"1080\"  style=\"display: inline-block;\" \/><\/div>","protected":false},"excerpt":{"rendered":"<p>La Polic\u00eda sigue haciendo secuestros y causas judiciales por no cumplir con lo dispuesto preventivamente por Naci\u00f3n. En el d\u00eda de ayer<\/p>\n","protected":false},"author":4,"featured_media":3982,"comment_status":"closed","ping_status":"open","sticky":false,"template":"","format":"standard","meta":{"colormag_page_layout":"default_layout","footnotes":""},"categories":[2],"tags":[],"class_list":["post-3981","post","type-post","status-publish","format-standard","has-post-thumbnail","hentry","category-noticias"],"_links":{"self":[{"href":"https:\/\/oasisfm935.com.ar\/site\/wp-json\/wp\/v2\/posts\/3981","targetHints":{"allow":["GET"]}}],"collection":[{"href":"https:\/\/oasisfm935.com.ar\/site\/wp-json\/wp\/v2\/posts"}],"about":[{"href":"https:\/\/oasisfm935.com.ar\/site\/wp-json\/wp\/v2\/types\/post"}],"author":[{"embeddable":true,"href":"https:\/\/oasisfm935.com.ar\/site\/wp-json\/wp\/v2\/users\/4"}],"replies":[{"embeddable":true,"href":"https:\/\/oasisfm935.com.ar\/site\/wp-json\/wp\/v2\/comments?post=3981"}],"version-history":[{"count":3,"href":"https:\/\/oasisfm935.com.ar\/site\/wp-json\/wp\/v2\/posts\/3981\/revisions"}],"predecessor-version":[{"id":3985,"href":"https:\/\/oasisfm935.com.ar\/site\/wp-json\/wp\/v2\/posts\/3981\/revisions\/3985"}],"wp:featuredmedia":[{"embeddable":true,"href":"https:\/\/oasisfm935.com.ar\/site\/wp-json\/wp\/v2\/media\/3982"}],"wp:attachment":[{"href":"https:\/\/oasisfm935.com.ar\/site\/wp-json\/wp\/v2\/media?parent=3981"}],"wp:term":[{"taxonomy":"category","embeddable":true,"href":"https:\/\/oasisfm935.com.ar\/site\/wp-json\/wp\/v2\/categories?post=3981"},{"taxonomy":"post_tag","embeddable":true,"href":"https:\/\/oasisfm935.com.ar\/site\/wp-json\/wp\/v2\/tags?post=3981"}],"curies":[{"name":"wp","href":"https:\/\/api.w.org\/{rel}","templated":true}]}}