{"id":3992,"date":"2020-03-31T12:02:51","date_gmt":"2020-03-31T15:02:51","guid":{"rendered":"http:\/\/oasisfm935.com\/site\/?p=3992"},"modified":"2020-03-31T12:04:39","modified_gmt":"2020-03-31T15:04:39","slug":"el-aislamiento-es-obligatorio-pero-en-luiggi-hay-gente-que-no-lo-cumple","status":"publish","type":"post","link":"https:\/\/oasisfm935.com.ar\/site\/el-aislamiento-es-obligatorio-pero-en-luiggi-hay-gente-que-no-lo-cumple\/","title":{"rendered":"El aislamiento es obligatorio, pero en Luiggi hay gente que no lo cumple"},"content":{"rendered":"<p>La Polic\u00eda sigue haciendo secuestros y causas judiciales por no cumplir con lo dispuesto preventivamente por Naci\u00f3n.<\/p>\n<p>En el d\u00eda de ayer (lunes 30-03-20), siendo horas 20:45, se procedi\u00f3 a la demora de dos hombres, j\u00f3venes adultos, quienes se desplazaban de forma pedestre, uno sobre calle Irigoyen entre Castelli y Pueyrredon, en tanto que la restante sobre Calle Castelli entre 25 de Mayo y Moreno, no teniendo un motivo que justifique su presencia en la v\u00eda p\u00fablica, violando ambos el aislamiento social, preventivo y obligatorio que se halla en vigencia.<\/p>\n<p>A ambos sujetos se le iniciaron las actuaciones judiciales por \u201cS\/INFRACCI\u00d3N ART\u00cdCULOS 205 Y 239 DEL C\u00d3DIGO PENAL\u201d, correspondientes con intervenci\u00f3n de la Fiscal\u00eda General a cargo del Dr. Armando AG\u00dcERO, de la Segunda Circunscripci\u00f3n Judicial de la Provincia de La Pampa, con asiento en la ciudad de General Pico.<\/p>\n<div class=\"oasis-despues-del-contenido\" id=\"oasis-3721723796\"><img loading=\"lazy\" decoding=\"async\" src=\"https:\/\/oasisfm935.com.ar\/site\/wp-content\/uploads\/2020\/08\/47806202-8741-49f2-a5c9-d2f930e5baa1.jpg\" alt=\"\"  srcset=\"https:\/\/oasisfm935.com.ar\/site\/wp-content\/uploads\/2020\/08\/47806202-8741-49f2-a5c9-d2f930e5baa1.jpg 1080w, https:\/\/oasisfm935.com.ar\/site\/wp-content\/uploads\/2020\/08\/47806202-8741-49f2-a5c9-d2f930e5baa1-300x300.jpg 300w, https:\/\/oasisfm935.com.ar\/site\/wp-content\/uploads\/2020\/08\/47806202-8741-49f2-a5c9-d2f930e5baa1-1024x1024.jpg 1024w, https:\/\/oasisfm935.com.ar\/site\/wp-content\/uploads\/2020\/08\/47806202-8741-49f2-a5c9-d2f930e5baa1-150x150.jpg 150w, https:\/\/oasisfm935.com.ar\/site\/wp-content\/uploads\/2020\/08\/47806202-8741-49f2-a5c9-d2f930e5baa1-768x768.jpg 768w\" sizes=\"(max-width: 1080px) 100vw, 1080px\" class=\"no-lazyload\" width=\"1080\" height=\"1080\"  style=\"display: inline-block;\" \/><\/div>","protected":false},"excerpt":{"rendered":"<p>La Polic\u00eda sigue haciendo secuestros y causas judiciales por no cumplir con lo dispuesto preventivamente por Naci\u00f3n. En el d\u00eda de ayer<\/p>\n","protected":false},"author":4,"featured_media":3904,"comment_status":"closed","ping_status":"open","sticky":false,"template":"","format":"standard","meta":{"colormag_page_layout":"default_layout","footnotes":""},"categories":[2],"tags":[],"class_list":["post-3992","post","type-post","status-publish","format-standard","has-post-thumbnail","hentry","category-noticias"],"_links":{"self":[{"href":"https:\/\/oasisfm935.com.ar\/site\/wp-json\/wp\/v2\/posts\/3992","targetHints":{"allow":["GET"]}}],"collection":[{"href":"https:\/\/oasisfm935.com.ar\/site\/wp-json\/wp\/v2\/posts"}],"about":[{"href":"https:\/\/oasisfm935.com.ar\/site\/wp-json\/wp\/v2\/types\/post"}],"author":[{"embeddable":true,"href":"https:\/\/oasisfm935.com.ar\/site\/wp-json\/wp\/v2\/users\/4"}],"replies":[{"embeddable":true,"href":"https:\/\/oasisfm935.com.ar\/site\/wp-json\/wp\/v2\/comments?post=3992"}],"version-history":[{"count":1,"href":"https:\/\/oasisfm935.com.ar\/site\/wp-json\/wp\/v2\/posts\/3992\/revisions"}],"predecessor-version":[{"id":3993,"href":"https:\/\/oasisfm935.com.ar\/site\/wp-json\/wp\/v2\/posts\/3992\/revisions\/3993"}],"wp:featuredmedia":[{"embeddable":true,"href":"https:\/\/oasisfm935.com.ar\/site\/wp-json\/wp\/v2\/media\/3904"}],"wp:attachment":[{"href":"https:\/\/oasisfm935.com.ar\/site\/wp-json\/wp\/v2\/media?parent=3992"}],"wp:term":[{"taxonomy":"category","embeddable":true,"href":"https:\/\/oasisfm935.com.ar\/site\/wp-json\/wp\/v2\/categories?post=3992"},{"taxonomy":"post_tag","embeddable":true,"href":"https:\/\/oasisfm935.com.ar\/site\/wp-json\/wp\/v2\/tags?post=3992"}],"curies":[{"name":"wp","href":"https:\/\/api.w.org\/{rel}","templated":true}]}}