{"id":3998,"date":"2020-03-31T20:08:02","date_gmt":"2020-03-31T23:08:02","guid":{"rendered":"http:\/\/oasisfm935.com\/site\/?p=3998"},"modified":"2020-03-31T20:13:13","modified_gmt":"2020-03-31T23:13:13","slug":"zanoli-a-favor-del-fondo-solidario-todos-tenemos-que-hacer-un-esfuerzo","status":"publish","type":"post","link":"https:\/\/oasisfm935.com.ar\/site\/zanoli-a-favor-del-fondo-solidario-todos-tenemos-que-hacer-un-esfuerzo\/","title":{"rendered":"Zanoli a favor del Fondo Solidario: \u201cTodos tenemos que hacer un esfuerzo\u201d"},"content":{"rendered":"<p>El diputado del Frejupa Oscar Zanoli se mostr\u00f3 a favor del Fondo Solidario anunciado por el gobernador Sergio Ziliotto y afirm\u00f3:<strong>\u00a0\u201ctodos tenemos que hacer un esfuerzo\u201d.<\/strong><\/p>\n<p>El legislador fue consultado por Zonal Noticias y expres\u00f3 \u201cCreo que todos tenemos que hacer un esfuerzo, y creo que los que estamos en esta oportunidad en el Poder Ejecutivo y Legisltativo y tenemos salarios que son superiores a los de muchos trabajadores de la provincia, tenemos que hacer nuestro aporte\u201d.<\/p>\n<p><strong>\u201cEn las primeras horas de ayer \u00a0me comuniqu\u00e9 con el presidente del bloque y con el Ejecutivo manifest\u00e1ndole mi decisi\u00f3n de participar, de hecho todos los legisladores se pronunciaron a favor de este fondo\u201d,<\/strong>\u00a0indic\u00f3.<\/p>\n<p>Veo muy bien que los legisladores donen parte de su sueldo, lo que no veo bien es que se haga p\u00fablico, porque considero que no hay que hacer demagogia con \u00e9sto\u201d, explic\u00f3.<\/p>\n<p><strong>Aportes de privados<\/strong><\/p>\n<p>El diputado luiggense resalt\u00f3 que \u201cadem\u00e1s hay mucha gente que quiere colaborar,\u00a0 a mi me llamaron muchos privados que no quieren salir en los medios pero quieren aportar\u201d.<\/p>\n<p>Me comuniqu\u00e9 personalmente con la directora del hospital de Luiggi y me dijo que por ahora no necesitan nada, pero de todas maneras hay varios privados, muchos de ellos productores rurales, que quieren colaborar en lo que haga falta\u201d, destac\u00f3 el exintendente luiggense.<\/p>\n<p>Zanoli destac\u00f3 las ayudas que est\u00e1n llegando tanto de Naci\u00f3n como de Provincia para distintos sectores como beneficiarios de AUH, monotributistas y jubilados.<\/p>\n<p>No obstante se lament\u00f3 porque \u201chay un sector\u00a0 de la econom\u00eda informal que son los que viven de changas, los\u00a0 alba\u00f1iles, un sector del comercio, que pueden llegar a sufrir el corte de la cadena de pagos. Ojal\u00e1 podamos salir de esta situaci\u00f3n cuanto antes\u201d.<\/p>\n<p><strong>\u201cComo dicen todos los expertos, por el momento no existe otro remedio que quedarse en casa, de a poco estamos tomando conciencia y hay un alto porcentaje de la poblaci\u00f3n que est\u00e1 cumpliendo con esto\u201d,<\/strong>\u00a0asever\u00f3 Zanoli.<\/p>\n<p>Frente a la emergencia sanitaria que se vive, el diputado indic\u00f3: \u201cme puse a disposici\u00f3n del gobernador, como la mayor\u00eda de los legisladores para ir sacando cuanto antes todas las leyes que necesite el Poder Ejecutivo de la provincia\u201d.<\/p>\n<p><strong>\u201cEn cuanto a mi localidad, me puse a disposici\u00f3n de la intendenta Patricia Lavin, de la directora del hospital, de la polic\u00eda y los bomberos, para lo que necesiten. Mi funci\u00f3n hoy es otra, no es ejecutiva, pero entiendo que si en algo uno puede colaborar, lo voy a hacer\u201d<\/strong>, expres\u00f3.<\/p>\n<p>Frente al dif\u00edcil contexto social y econ\u00f3mico como consecuencia del coronavirus, el legislador luiggense afirm\u00f3 \u201c<strong>Creo que nos tiene que encontrar m\u00e1s unidos que nunca, tratando de pasar esta situaci\u00f3n de la mejor manera posible\u201d.<\/strong><\/p>\n<p>El Fondo Solidario anunciado por el gobernador ser\u00e1 destinado a comprar insumos hospitalarios, controlado por el Tribunal de Cuentas \u00a0y la Contadur\u00eda General de la Provincia y tendr\u00e1 un aporte inicial de 10 millones de pesos de los funcionarios del Poder Ejecutivo.<\/p>\n<p>Se invit\u00f3 a los poderes Legislativo y Judicial, \u00a0empresas del Estado, Municipios y Comisiones de Fomento, funcionarios nacionales, privados, organizaciones de la sociedad civil y \u00a0toda persona que quiera \u00a0sumar aportes.<\/p>\n<p>&nbsp;<\/p>\n<p>El gobernador Sergio Ziliotto, buscando disponer la mayor cantidad de recursos para enfrentar la pandemia de coronavirus, instrument\u00f3 la creaci\u00f3n de un fondo solidario destinado a la adquisici\u00f3n de insumos hospitalarios.<\/p>\n<p>La instrumentaci\u00f3n ser\u00e1 a partir de una cuenta en el Banco de La Pampa, cuya numeraci\u00f3n se informar\u00e1 en lo inmediato.<\/p>\n<p>fuente : zonal noticias<\/p>\n<div class=\"oasis-despues-del-contenido\" id=\"oasis-1384331962\"><img loading=\"lazy\" decoding=\"async\" src=\"https:\/\/oasisfm935.com.ar\/site\/wp-content\/uploads\/2020\/08\/47806202-8741-49f2-a5c9-d2f930e5baa1.jpg\" alt=\"\"  srcset=\"https:\/\/oasisfm935.com.ar\/site\/wp-content\/uploads\/2020\/08\/47806202-8741-49f2-a5c9-d2f930e5baa1.jpg 1080w, https:\/\/oasisfm935.com.ar\/site\/wp-content\/uploads\/2020\/08\/47806202-8741-49f2-a5c9-d2f930e5baa1-300x300.jpg 300w, https:\/\/oasisfm935.com.ar\/site\/wp-content\/uploads\/2020\/08\/47806202-8741-49f2-a5c9-d2f930e5baa1-1024x1024.jpg 1024w, https:\/\/oasisfm935.com.ar\/site\/wp-content\/uploads\/2020\/08\/47806202-8741-49f2-a5c9-d2f930e5baa1-150x150.jpg 150w, https:\/\/oasisfm935.com.ar\/site\/wp-content\/uploads\/2020\/08\/47806202-8741-49f2-a5c9-d2f930e5baa1-768x768.jpg 768w\" sizes=\"(max-width: 1080px) 100vw, 1080px\" class=\"no-lazyload\" width=\"1080\" height=\"1080\"  style=\"display: inline-block;\" \/><\/div>","protected":false},"excerpt":{"rendered":"<p>El diputado del Frejupa Oscar Zanoli se mostr\u00f3 a favor del Fondo Solidario anunciado por el gobernador Sergio Ziliotto y afirm\u00f3:\u00a0\u201ctodos tenemos<\/p>\n","protected":false},"author":4,"featured_media":3999,"comment_status":"closed","ping_status":"open","sticky":false,"template":"","format":"standard","meta":{"colormag_page_layout":"default_layout","footnotes":""},"categories":[2],"tags":[],"class_list":["post-3998","post","type-post","status-publish","format-standard","has-post-thumbnail","hentry","category-noticias"],"_links":{"self":[{"href":"https:\/\/oasisfm935.com.ar\/site\/wp-json\/wp\/v2\/posts\/3998","targetHints":{"allow":["GET"]}}],"collection":[{"href":"https:\/\/oasisfm935.com.ar\/site\/wp-json\/wp\/v2\/posts"}],"about":[{"href":"https:\/\/oasisfm935.com.ar\/site\/wp-json\/wp\/v2\/types\/post"}],"author":[{"embeddable":true,"href":"https:\/\/oasisfm935.com.ar\/site\/wp-json\/wp\/v2\/users\/4"}],"replies":[{"embeddable":true,"href":"https:\/\/oasisfm935.com.ar\/site\/wp-json\/wp\/v2\/comments?post=3998"}],"version-history":[{"count":3,"href":"https:\/\/oasisfm935.com.ar\/site\/wp-json\/wp\/v2\/posts\/3998\/revisions"}],"predecessor-version":[{"id":4002,"href":"https:\/\/oasisfm935.com.ar\/site\/wp-json\/wp\/v2\/posts\/3998\/revisions\/4002"}],"wp:featuredmedia":[{"embeddable":true,"href":"https:\/\/oasisfm935.com.ar\/site\/wp-json\/wp\/v2\/media\/3999"}],"wp:attachment":[{"href":"https:\/\/oasisfm935.com.ar\/site\/wp-json\/wp\/v2\/media?parent=3998"}],"wp:term":[{"taxonomy":"category","embeddable":true,"href":"https:\/\/oasisfm935.com.ar\/site\/wp-json\/wp\/v2\/categories?post=3998"},{"taxonomy":"post_tag","embeddable":true,"href":"https:\/\/oasisfm935.com.ar\/site\/wp-json\/wp\/v2\/tags?post=3998"}],"curies":[{"name":"wp","href":"https:\/\/api.w.org\/{rel}","templated":true}]}}