{"id":4003,"date":"2020-04-01T09:28:08","date_gmt":"2020-04-01T12:28:08","guid":{"rendered":"http:\/\/oasisfm935.com\/site\/?p=4003"},"modified":"2020-04-01T09:28:08","modified_gmt":"2020-04-01T12:28:08","slug":"ingeniero-luiggi-novedades-de-anses","status":"publish","type":"post","link":"https:\/\/oasisfm935.com.ar\/site\/ingeniero-luiggi-novedades-de-anses\/","title":{"rendered":"Ingeniero Luiggi : Novedades de ANSES"},"content":{"rendered":"<p>En el marco del decreto\u00a0 N\u00b0320\/2020 publicado en Bolet\u00edn Oficial con fecha 29\/03\/2020,\u00a0 de emergencia p\u00fablica en virtud de la pandemia en relaci\u00f3n al coronavirus CODVID-19, ANSES adhiere a la ampliaci\u00f3n de la emergencia sanitaria dispuesta.<\/p>\n<p>Por lo tanto, la atenci\u00f3n al p\u00fablico se va a suspender hasta el 13\/04\/2020 en el marco del aislamiento social obligatorio, establecido por el poder ejecutivo nacional.<\/p>\n<p>Por ello se informa que se implementaron las siguientes medidas:<\/p>\n<p>\u25cf Todos los turnos asignados fueron reprogramados a partir del 17\/04\/2020.<\/p>\n<p>\u25cf Los turnos para inicio de jubilaciones se otorgar\u00e1n a 60 d\u00edas. La fecha que se tomar\u00e1 en cuenta para el cobro es la de solicitud del turno.<\/p>\n<p>\u25cf Se extender\u00e1n autom\u00e1ticamente los plazos para las presentaciones de documentaci\u00f3n.<\/p>\n<p>\u25cf El tr\u00e1mite de supervivencia (fe de vida) qued\u00f3 suspendido hasta el 30 de abril.<\/p>\n<p>El organismo tambi\u00e9n recuerda que en la p\u00e1gina oficial\u00a0www.anses.gob.ar\u00a0se encuentran los\u00a0 tr\u00e1mites que se pueden realizar por la Web.\u00a0 Se puede actualizar datos, a trav\u00e9s de MI ANSES.<\/p>\n<p>Adem\u00e1s, las consultas individuales se pueden canalizar\u00a0 a trav\u00e9s de los siguientes medios oficiales:<\/p>\n<p>&#8211; Comunicaci\u00f3n telef\u00f3nica al 130<\/p>\n<p>&#8211; En la p\u00e1gina web oficial :\u00a0www.anses.gob.ar<\/p>\n<p>&#8211; P\u00e1gina en Facebook oficial \u201cANSES\u201d.<\/p>\n<p>\u25cf P\u00e1gina en Facebook oficial \u201cANSES Regional Sur I\u201d (se responden consultas por mensajes privados).<\/p>\n<p>ANSeS,\u00a0 recuerda que todos los tr\u00e1mites y consultas de la Seguridad Social son absolutamente gratuitos y no necesitan gestores.<\/p>\n<p>Por \u00faltimo, ANSeS no llama a nadie por tel\u00e9fono para pedir los datos de la tarjeta de D\u00e9bito.<\/p>\n<div class=\"oasis-despues-del-contenido\" id=\"oasis-1726683490\"><img loading=\"lazy\" decoding=\"async\" src=\"https:\/\/oasisfm935.com.ar\/site\/wp-content\/uploads\/2020\/08\/47806202-8741-49f2-a5c9-d2f930e5baa1.jpg\" alt=\"\"  srcset=\"https:\/\/oasisfm935.com.ar\/site\/wp-content\/uploads\/2020\/08\/47806202-8741-49f2-a5c9-d2f930e5baa1.jpg 1080w, https:\/\/oasisfm935.com.ar\/site\/wp-content\/uploads\/2020\/08\/47806202-8741-49f2-a5c9-d2f930e5baa1-300x300.jpg 300w, https:\/\/oasisfm935.com.ar\/site\/wp-content\/uploads\/2020\/08\/47806202-8741-49f2-a5c9-d2f930e5baa1-1024x1024.jpg 1024w, https:\/\/oasisfm935.com.ar\/site\/wp-content\/uploads\/2020\/08\/47806202-8741-49f2-a5c9-d2f930e5baa1-150x150.jpg 150w, https:\/\/oasisfm935.com.ar\/site\/wp-content\/uploads\/2020\/08\/47806202-8741-49f2-a5c9-d2f930e5baa1-768x768.jpg 768w\" sizes=\"(max-width: 1080px) 100vw, 1080px\" class=\"no-lazyload\" width=\"1080\" height=\"1080\"  style=\"display: inline-block;\" \/><\/div>","protected":false},"excerpt":{"rendered":"<p>En el marco del decreto\u00a0 N\u00b0320\/2020 publicado en Bolet\u00edn Oficial con fecha 29\/03\/2020,\u00a0 de emergencia p\u00fablica en virtud de la pandemia en<\/p>\n","protected":false},"author":4,"featured_media":4004,"comment_status":"closed","ping_status":"open","sticky":false,"template":"","format":"standard","meta":{"colormag_page_layout":"default_layout","footnotes":""},"categories":[2],"tags":[],"class_list":["post-4003","post","type-post","status-publish","format-standard","has-post-thumbnail","hentry","category-noticias"],"_links":{"self":[{"href":"https:\/\/oasisfm935.com.ar\/site\/wp-json\/wp\/v2\/posts\/4003","targetHints":{"allow":["GET"]}}],"collection":[{"href":"https:\/\/oasisfm935.com.ar\/site\/wp-json\/wp\/v2\/posts"}],"about":[{"href":"https:\/\/oasisfm935.com.ar\/site\/wp-json\/wp\/v2\/types\/post"}],"author":[{"embeddable":true,"href":"https:\/\/oasisfm935.com.ar\/site\/wp-json\/wp\/v2\/users\/4"}],"replies":[{"embeddable":true,"href":"https:\/\/oasisfm935.com.ar\/site\/wp-json\/wp\/v2\/comments?post=4003"}],"version-history":[{"count":1,"href":"https:\/\/oasisfm935.com.ar\/site\/wp-json\/wp\/v2\/posts\/4003\/revisions"}],"predecessor-version":[{"id":4005,"href":"https:\/\/oasisfm935.com.ar\/site\/wp-json\/wp\/v2\/posts\/4003\/revisions\/4005"}],"wp:featuredmedia":[{"embeddable":true,"href":"https:\/\/oasisfm935.com.ar\/site\/wp-json\/wp\/v2\/media\/4004"}],"wp:attachment":[{"href":"https:\/\/oasisfm935.com.ar\/site\/wp-json\/wp\/v2\/media?parent=4003"}],"wp:term":[{"taxonomy":"category","embeddable":true,"href":"https:\/\/oasisfm935.com.ar\/site\/wp-json\/wp\/v2\/categories?post=4003"},{"taxonomy":"post_tag","embeddable":true,"href":"https:\/\/oasisfm935.com.ar\/site\/wp-json\/wp\/v2\/tags?post=4003"}],"curies":[{"name":"wp","href":"https:\/\/api.w.org\/{rel}","templated":true}]}}