{"id":4020,"date":"2020-04-02T14:10:29","date_gmt":"2020-04-02T17:10:29","guid":{"rendered":"http:\/\/oasisfm935.com\/site\/?p=4020"},"modified":"2020-04-02T14:16:29","modified_gmt":"2020-04-02T17:16:29","slug":"patricia-lavin-por-videoconferencias-mantuvo-un-dialogo-con-el-gobernador-de-la-pampa","status":"publish","type":"post","link":"https:\/\/oasisfm935.com.ar\/site\/patricia-lavin-por-videoconferencias-mantuvo-un-dialogo-con-el-gobernador-de-la-pampa\/","title":{"rendered":"Patricia Lavin por videoconferencias  mantuvo un di\u00e1logo  con el Gobernador de la Pampa ."},"content":{"rendered":"<p>La Intendenta de Ingeniero Luiggi Patricia Lavin\u00a0 junto a otros mandatarios mantuvieron di\u00e1logo con el Sr. Gobernador cuyo objetivo fue ir evaluando y monitoreando las medidas tomadas sobre situaci\u00f3n sanitaria que nos afecta a todos.<\/p>\n<p>&nbsp;<\/p>\n<p><img decoding=\"async\" src=\"https:\/\/apn.lapampa.gob.ar\/images\/noticias\/5e85ff537cdac.jpg\" alt=\"Ronda de di\u00e1logo con intendentes \" \/><\/p>\n<p>Con el objetivo de tener un monitoreo integral de la situaci\u00f3n en todo el territorio vinculado a la pandemia de coronavirus, el Gobierno provincial puso en marcha una serie de videoconferencias con los intendentes que integran las diez microrregiones pampeanas.<br \/>\nLa decisi\u00f3n la tom\u00f3 el gobernador, Sergio Ziliotto debido a que la aparici\u00f3n del COVID-19 interrumpi\u00f3 el contacto habitual que manten\u00eda con los jefes comunales para coordinar acciones de gesti\u00f3n.<br \/>\nLos encuentros v\u00eda streeming comenzaron con la intendenta de Ingeniero Luiggi y los jefes comunales de Realic\u00f3, Rancul, Quetrequ\u00e9n, Maisonnave, Adolfo Van Praet, Falucho, Embajador Martini y Parera, todos integrantes de la microrregi\u00f3n n\u00famero uno.<br \/>\n\u201cHemos tomado distintas medidas a nivel provincial y ustedes en sus localidades, y considero que entre todos hemos logrado darle respuestas a la sociedad, poni\u00e9ndonos al frente de la problem\u00e1tica que nos afecta\u201d, les dijo el gobernador a los intendentes.<br \/>\nEnfatiz\u00f3 que aquellos \u201ca los que la sociedad nos ha dado la confianza del voto tenemos que retribuir y ponernos al frente de las pol\u00edticas p\u00fablicas en \u00e9pocas donde debemos hacer frente a una crisis sanitaria que nadie imaginaba hace un mes\u201d.<br \/>\nCoincidi\u00f3 con el presidente, Alberto Fern\u00e1ndez en que se est\u00e1 \u201ctrabajando bien\u201d para afrontar la pandemia, pero advirti\u00f3 que \u201ces necesario seguir tomando decisiones serias y con las mayores de las responsabilidades\u201d.<\/p>\n<div class=\"oasis-despues-del-contenido\" id=\"oasis-1480554579\"><img loading=\"lazy\" decoding=\"async\" src=\"https:\/\/oasisfm935.com.ar\/site\/wp-content\/uploads\/2020\/08\/47806202-8741-49f2-a5c9-d2f930e5baa1.jpg\" alt=\"\"  srcset=\"https:\/\/oasisfm935.com.ar\/site\/wp-content\/uploads\/2020\/08\/47806202-8741-49f2-a5c9-d2f930e5baa1.jpg 1080w, https:\/\/oasisfm935.com.ar\/site\/wp-content\/uploads\/2020\/08\/47806202-8741-49f2-a5c9-d2f930e5baa1-300x300.jpg 300w, https:\/\/oasisfm935.com.ar\/site\/wp-content\/uploads\/2020\/08\/47806202-8741-49f2-a5c9-d2f930e5baa1-1024x1024.jpg 1024w, https:\/\/oasisfm935.com.ar\/site\/wp-content\/uploads\/2020\/08\/47806202-8741-49f2-a5c9-d2f930e5baa1-150x150.jpg 150w, https:\/\/oasisfm935.com.ar\/site\/wp-content\/uploads\/2020\/08\/47806202-8741-49f2-a5c9-d2f930e5baa1-768x768.jpg 768w\" sizes=\"(max-width: 1080px) 100vw, 1080px\" class=\"no-lazyload\" width=\"1080\" height=\"1080\"  style=\"display: inline-block;\" \/><\/div>","protected":false},"excerpt":{"rendered":"<p>La Intendenta de Ingeniero Luiggi Patricia Lavin\u00a0 junto a otros mandatarios mantuvieron di\u00e1logo con el Sr. Gobernador cuyo objetivo fue ir evaluando<\/p>\n","protected":false},"author":4,"featured_media":4022,"comment_status":"closed","ping_status":"open","sticky":false,"template":"","format":"standard","meta":{"colormag_page_layout":"default_layout","footnotes":""},"categories":[2],"tags":[],"class_list":["post-4020","post","type-post","status-publish","format-standard","has-post-thumbnail","hentry","category-noticias"],"_links":{"self":[{"href":"https:\/\/oasisfm935.com.ar\/site\/wp-json\/wp\/v2\/posts\/4020","targetHints":{"allow":["GET"]}}],"collection":[{"href":"https:\/\/oasisfm935.com.ar\/site\/wp-json\/wp\/v2\/posts"}],"about":[{"href":"https:\/\/oasisfm935.com.ar\/site\/wp-json\/wp\/v2\/types\/post"}],"author":[{"embeddable":true,"href":"https:\/\/oasisfm935.com.ar\/site\/wp-json\/wp\/v2\/users\/4"}],"replies":[{"embeddable":true,"href":"https:\/\/oasisfm935.com.ar\/site\/wp-json\/wp\/v2\/comments?post=4020"}],"version-history":[{"count":5,"href":"https:\/\/oasisfm935.com.ar\/site\/wp-json\/wp\/v2\/posts\/4020\/revisions"}],"predecessor-version":[{"id":4026,"href":"https:\/\/oasisfm935.com.ar\/site\/wp-json\/wp\/v2\/posts\/4020\/revisions\/4026"}],"wp:featuredmedia":[{"embeddable":true,"href":"https:\/\/oasisfm935.com.ar\/site\/wp-json\/wp\/v2\/media\/4022"}],"wp:attachment":[{"href":"https:\/\/oasisfm935.com.ar\/site\/wp-json\/wp\/v2\/media?parent=4020"}],"wp:term":[{"taxonomy":"category","embeddable":true,"href":"https:\/\/oasisfm935.com.ar\/site\/wp-json\/wp\/v2\/categories?post=4020"},{"taxonomy":"post_tag","embeddable":true,"href":"https:\/\/oasisfm935.com.ar\/site\/wp-json\/wp\/v2\/tags?post=4020"}],"curies":[{"name":"wp","href":"https:\/\/api.w.org\/{rel}","templated":true}]}}