{"id":4069,"date":"2020-04-03T13:34:52","date_gmt":"2020-04-03T16:34:52","guid":{"rendered":"http:\/\/oasisfm935.com\/site\/?p=4069"},"modified":"2020-04-03T13:34:52","modified_gmt":"2020-04-03T16:34:52","slug":"ziliotto-anuncio-que-la-factura-de-luz-de-abril-se-podra-pagar-en-cuotas-en-2021","status":"publish","type":"post","link":"https:\/\/oasisfm935.com.ar\/site\/ziliotto-anuncio-que-la-factura-de-luz-de-abril-se-podra-pagar-en-cuotas-en-2021\/","title":{"rendered":"Ziliotto anunci\u00f3 que la factura de luz de abril se podr\u00e1 pagar en cuotas en 2021"},"content":{"rendered":"<p>El gobernador Sergio Ziliotto anunci\u00f3 este viernes la postergaci\u00f3n del pago de la factura de luz de abril para el 56% de los pampeanos -que representan los sectores m\u00e1s vulnerables y el sector productivo- quienes podr\u00e1n abonarla\u00a0en 6 cuotas sin inter\u00e9s durante los primeros seis meses de 2021.<\/p>\n<p>Ser\u00e1 en 6 cuota durante los primeros seis meses de 2021. Significa una erogaci\u00f3n de 60 millones de pesos que el Gobierno provincial afrontar\u00e1 con recursos propios.<\/p>\n<div class=\"nota-detalle-cuerpo\">La decisi\u00f3n fue tomada por el gobernador, Sergio Ziliotto, en el marco del paquete de medidas implementadas en La Pampa para paliar los efectos econ\u00f3micos que provoca la pandemia del COVID 19, que impactan con mayor severidad a los sectores sociales y econ\u00f3micos m\u00e1s vulnerables de la sociedad pampeana.<br \/>\nSer\u00e1n beneficiarios de esta medida los usuarios\u00a0residenciales con consumo de hasta 150 kW por mes; comerciales con consumo de hasta 300 kW\/mes; industriales con consumo hasta 2.000 kW\/mes y asociaciones civiles (clubes) con consumo de hasta 2.000 kW\/mes.<br \/>\nPara esta medida se tomar\u00e1n los consumos incluidos en la factura que vence en este mes de abril.<br \/>\nSeg\u00fan cada categor\u00eda,\u00a0la medida alcanzar\u00e1 al 54 % de los usuarios residenciales; al 63 % de los comerciantes; al 84 % de los industriales y al 95 % de las asociaciones civiles.<br \/>\nPara aquellos casos en que el usuario haya pagado su factura o est\u00e9 adherido al d\u00e9bito autom\u00e1tico, podr\u00e1 solicitar a su cooperativa la emisi\u00f3n de una nota de cr\u00e9dito.<br \/>\nPara las cooperativas, estos 60 millones de pesos ser\u00e1n una importante inyecci\u00f3n de fondos ya que se les asegura el cobro del 100% de la facturaci\u00f3n correspondiente a usuarios que m\u00e1s sufren los efectos de la ca\u00edda de la actividad econ\u00f3mica y, por ende, su nivel de cumplimiento de pago ser\u00eda muy bajo<\/div>\n<div class=\"oasis-despues-del-contenido\" id=\"oasis-3455142849\"><img loading=\"lazy\" decoding=\"async\" src=\"https:\/\/oasisfm935.com.ar\/site\/wp-content\/uploads\/2020\/08\/47806202-8741-49f2-a5c9-d2f930e5baa1.jpg\" alt=\"\"  srcset=\"https:\/\/oasisfm935.com.ar\/site\/wp-content\/uploads\/2020\/08\/47806202-8741-49f2-a5c9-d2f930e5baa1.jpg 1080w, https:\/\/oasisfm935.com.ar\/site\/wp-content\/uploads\/2020\/08\/47806202-8741-49f2-a5c9-d2f930e5baa1-300x300.jpg 300w, https:\/\/oasisfm935.com.ar\/site\/wp-content\/uploads\/2020\/08\/47806202-8741-49f2-a5c9-d2f930e5baa1-1024x1024.jpg 1024w, https:\/\/oasisfm935.com.ar\/site\/wp-content\/uploads\/2020\/08\/47806202-8741-49f2-a5c9-d2f930e5baa1-150x150.jpg 150w, https:\/\/oasisfm935.com.ar\/site\/wp-content\/uploads\/2020\/08\/47806202-8741-49f2-a5c9-d2f930e5baa1-768x768.jpg 768w\" sizes=\"(max-width: 1080px) 100vw, 1080px\" class=\"no-lazyload\" width=\"1080\" height=\"1080\"  style=\"display: inline-block;\" \/><\/div>","protected":false},"excerpt":{"rendered":"<p>El gobernador Sergio Ziliotto anunci\u00f3 este viernes la postergaci\u00f3n del pago de la factura de luz de abril para el 56% de<\/p>\n","protected":false},"author":4,"featured_media":4070,"comment_status":"closed","ping_status":"open","sticky":false,"template":"","format":"standard","meta":{"colormag_page_layout":"default_layout","footnotes":""},"categories":[2],"tags":[],"class_list":["post-4069","post","type-post","status-publish","format-standard","has-post-thumbnail","hentry","category-noticias"],"_links":{"self":[{"href":"https:\/\/oasisfm935.com.ar\/site\/wp-json\/wp\/v2\/posts\/4069","targetHints":{"allow":["GET"]}}],"collection":[{"href":"https:\/\/oasisfm935.com.ar\/site\/wp-json\/wp\/v2\/posts"}],"about":[{"href":"https:\/\/oasisfm935.com.ar\/site\/wp-json\/wp\/v2\/types\/post"}],"author":[{"embeddable":true,"href":"https:\/\/oasisfm935.com.ar\/site\/wp-json\/wp\/v2\/users\/4"}],"replies":[{"embeddable":true,"href":"https:\/\/oasisfm935.com.ar\/site\/wp-json\/wp\/v2\/comments?post=4069"}],"version-history":[{"count":1,"href":"https:\/\/oasisfm935.com.ar\/site\/wp-json\/wp\/v2\/posts\/4069\/revisions"}],"predecessor-version":[{"id":4071,"href":"https:\/\/oasisfm935.com.ar\/site\/wp-json\/wp\/v2\/posts\/4069\/revisions\/4071"}],"wp:featuredmedia":[{"embeddable":true,"href":"https:\/\/oasisfm935.com.ar\/site\/wp-json\/wp\/v2\/media\/4070"}],"wp:attachment":[{"href":"https:\/\/oasisfm935.com.ar\/site\/wp-json\/wp\/v2\/media?parent=4069"}],"wp:term":[{"taxonomy":"category","embeddable":true,"href":"https:\/\/oasisfm935.com.ar\/site\/wp-json\/wp\/v2\/categories?post=4069"},{"taxonomy":"post_tag","embeddable":true,"href":"https:\/\/oasisfm935.com.ar\/site\/wp-json\/wp\/v2\/tags?post=4069"}],"curies":[{"name":"wp","href":"https:\/\/api.w.org\/{rel}","templated":true}]}}