{"id":408,"date":"2019-01-20T14:02:32","date_gmt":"2019-01-20T17:02:32","guid":{"rendered":"http:\/\/oasisfm935.com\/site\/?p=408"},"modified":"2019-01-20T14:02:32","modified_gmt":"2019-01-20T17:02:32","slug":"ing-luiggi-el-negro-ferreyra-deslumbro-al-publico-de-la-fiesta-del-caballo-y-la-tradicion","status":"publish","type":"post","link":"https:\/\/oasisfm935.com.ar\/site\/ing-luiggi-el-negro-ferreyra-deslumbro-al-publico-de-la-fiesta-del-caballo-y-la-tradicion\/","title":{"rendered":"Ing. Luiggi: El \u201cNegro\u201d Ferreyra deslumbr\u00f3 al p\u00fablico de la Fiesta del Caballo y la Tradici\u00f3n"},"content":{"rendered":"<div class=\"itemIntroText\">\n<p><strong>El \u201crey de las cuerdas\u201d cautiv\u00f3 al p\u00fablico de la 47\u00ba edici\u00f3n de la Fiesta del Caballo y la Tradici\u00f3n en la noche del s\u00e1bado. Adem\u00e1s hubo otros artistas destacados sobre el escenario Hern\u00e1n Figueroa Reyes y un gran espect\u00e1culo de jineteada con\u00a0 jinetes y tropillas de primer nivel.<br \/>\n<\/strong><\/p>\n<\/div>\n<div class=\"itemFullText\">\n<p>El espect\u00e1culo comenz\u00f3 con el acto inaugural en el campo de jineteada Don Reinaldo Urrute, donde se hicieron presentes autoridades provinciales\u00a0 y locales, acompa\u00f1ando un a\u00f1o m\u00e1s a la gente del club Costa Brava en la organizaci\u00f3n de esta tradicional fiesta del norte provincial.<\/p>\n<blockquote><p>La rueda tanto en bastos y encimera como en grupa, cont\u00f3 con la presencia de jinetes y tropillas de primera categor\u00eda, ya que seg\u00fan afirm\u00f3 el presidente del club Roberto Monge<strong>\u00a0\u00abeste a\u00f1o se hizo una apuesta fuerte al espect\u00e1culo de jineteada\u00bb.<\/strong><\/p>\n<p><a href=\"http:\/\/oasisfm935.com\/site\/wp-content\/uploads\/2019\/01\/descarga-4.jpg\"><img loading=\"lazy\" decoding=\"async\" class=\"alignnone size-medium wp-image-409\" src=\"http:\/\/oasisfm935.com\/site\/wp-content\/uploads\/2019\/01\/descarga-4-300x225.jpg\" alt=\"\" width=\"300\" height=\"225\" srcset=\"https:\/\/oasisfm935.com.ar\/site\/wp-content\/uploads\/2019\/01\/descarga-4-300x225.jpg 300w, https:\/\/oasisfm935.com.ar\/site\/wp-content\/uploads\/2019\/01\/descarga-4-768x576.jpg 768w, https:\/\/oasisfm935.com.ar\/site\/wp-content\/uploads\/2019\/01\/descarga-4-678x509.jpg 678w, https:\/\/oasisfm935.com.ar\/site\/wp-content\/uploads\/2019\/01\/descarga-4-326x245.jpg 326w, https:\/\/oasisfm935.com.ar\/site\/wp-content\/uploads\/2019\/01\/descarga-4-80x60.jpg 80w, https:\/\/oasisfm935.com.ar\/site\/wp-content\/uploads\/2019\/01\/descarga-4.jpg 960w\" sizes=\"auto, (max-width: 300px) 100vw, 300px\" \/><\/a><\/p>\n<p><strong>Pasada la medianoche y con la impecable conducci\u00f3n de Bibiana Amateis, Juan Carlos Alba, Claudia Guti\u00e9rrez e Ignacio Mart\u00edn, se hizo entrega de premios a los ganadores del broche de oro de petisos, y adem\u00e1s se premi\u00f3 a los ganadores del broche de oro \u00a0en categor\u00eda bastos con encimera.<\/strong><\/p>\n<blockquote><p><strong>El gran ganador de la noche en categor\u00eda bastos fue \u00a0Juan Ca\u00f1ete<\/strong>, el segundo lugar fue para Agust\u00edn Balenari, el tercer premio fue para Fredy Gatica, el cuarto premio fue para Andres Fern\u00e1ndez, el quinto lugar para Rafael Pr\u00e1tula y el sexto premio fue para Agust\u00edn Reale.<\/p>\n<hr \/>\n<\/blockquote>\n<p><strong>\u00a0Show musical<\/strong><\/p>\n<p>En el escenario mayor el espect\u00e1culo lo inaugur\u00f3 la agrupaci\u00f3n local \u201c<strong>Los Pampitas\u201d,<\/strong>\u00a0integrada por j\u00f3venes de la localidad, que una vez m\u00e1s conquist\u00f3 al p\u00fablico de la regi\u00f3n con su repertorio festivalero.<\/p>\n<p><a href=\"http:\/\/oasisfm935.com\/site\/wp-content\/uploads\/2019\/01\/descarga-5.jpg\"><img loading=\"lazy\" decoding=\"async\" class=\"alignnone size-medium wp-image-410\" src=\"http:\/\/oasisfm935.com\/site\/wp-content\/uploads\/2019\/01\/descarga-5-300x225.jpg\" alt=\"\" width=\"300\" height=\"225\" srcset=\"https:\/\/oasisfm935.com.ar\/site\/wp-content\/uploads\/2019\/01\/descarga-5-300x225.jpg 300w, https:\/\/oasisfm935.com.ar\/site\/wp-content\/uploads\/2019\/01\/descarga-5-768x576.jpg 768w, https:\/\/oasisfm935.com.ar\/site\/wp-content\/uploads\/2019\/01\/descarga-5-678x509.jpg 678w, https:\/\/oasisfm935.com.ar\/site\/wp-content\/uploads\/2019\/01\/descarga-5-326x245.jpg 326w, https:\/\/oasisfm935.com.ar\/site\/wp-content\/uploads\/2019\/01\/descarga-5-80x60.jpg 80w, https:\/\/oasisfm935.com.ar\/site\/wp-content\/uploads\/2019\/01\/descarga-5.jpg 960w\" sizes=\"auto, (max-width: 300px) 100vw, 300px\" \/><\/a><\/p>\n<p><strong>(Los Pampitas con el grupo de Baile de Realic\u00f3 y Falucho)<\/strong><\/p>\n<hr \/>\n<p>Luego se present\u00f3 el d\u00fao\u00a0<strong>\u201cHerederos\u201d, Los Diableros de Or\u00e1n y la gran atracci\u00f3n de la noche fue \u201cEl Negro\u201d Ferreryra<\/strong>\u00a0que una vez m\u00e1s hizo honor a su apodo \u00abel rey de las cuerdas\u00bb y cautiv\u00f3 a los espectadores presentes con su espect\u00e1culo musical.<\/p><\/blockquote>\n<p>&nbsp;<\/p>\n<blockquote><p><strong>El cierre de la noche fue con la presencia de Banda Manantial, que hizo bailar al p\u00fablico hasta el amanecer.<br \/>\n<\/strong><\/p>\n<hr \/>\n<p><strong>Los Guaran\u00edes<\/strong><\/p>\n<blockquote><p>Este domingo, la fiesta costera comenzar\u00e1 a partir de las 19 horas con la presencia de la agrupaci\u00f3n Pampa M\u00eda de la ciudad de Santa Rosa, luego dar\u00e1 inicio la jineteada con una rueda de bastos y encimeras, rueda de clina, broche de oro con categor\u00eda grupa con jinetes y caballos elegidos, y un broche de oro de petisos.<\/p><\/blockquote>\n<p>Adem\u00e1s se realizar\u00e1 la gran final de bastos para conocer los ganadores entre los clasificados del \u00a0s\u00e1bado y el domingo.<\/p>\n<blockquote><p><strong>En el escenario mayor actuar\u00e1n la agrupaci\u00f3n santarrose\u00f1a\u00a0 Los Caldenes, Los Parranderos del R\u00edo Quinto, Juli\u00e1n Burgos y sus mariachis, y Los Guaran\u00edes, que estar\u00e1n a cargo del gran cierre de la 47\u00ba edici\u00f3n de la fiesta costera.<\/strong><\/p>\n<p>Fuente :Zonal Noticias<\/p><\/blockquote>\n<\/blockquote>\n<\/div>\n<div class=\"oasis-despues-del-contenido\" id=\"oasis-646746314\"><img loading=\"lazy\" decoding=\"async\" src=\"https:\/\/oasisfm935.com.ar\/site\/wp-content\/uploads\/2020\/08\/47806202-8741-49f2-a5c9-d2f930e5baa1.jpg\" alt=\"\"  srcset=\"https:\/\/oasisfm935.com.ar\/site\/wp-content\/uploads\/2020\/08\/47806202-8741-49f2-a5c9-d2f930e5baa1.jpg 1080w, https:\/\/oasisfm935.com.ar\/site\/wp-content\/uploads\/2020\/08\/47806202-8741-49f2-a5c9-d2f930e5baa1-300x300.jpg 300w, https:\/\/oasisfm935.com.ar\/site\/wp-content\/uploads\/2020\/08\/47806202-8741-49f2-a5c9-d2f930e5baa1-1024x1024.jpg 1024w, https:\/\/oasisfm935.com.ar\/site\/wp-content\/uploads\/2020\/08\/47806202-8741-49f2-a5c9-d2f930e5baa1-150x150.jpg 150w, https:\/\/oasisfm935.com.ar\/site\/wp-content\/uploads\/2020\/08\/47806202-8741-49f2-a5c9-d2f930e5baa1-768x768.jpg 768w\" sizes=\"(max-width: 1080px) 100vw, 1080px\" class=\"no-lazyload\" width=\"1080\" height=\"1080\"  style=\"display: inline-block;\" \/><\/div>","protected":false},"excerpt":{"rendered":"<p>El \u201crey de las cuerdas\u201d cautiv\u00f3 al p\u00fablico de la 47\u00ba edici\u00f3n de la Fiesta del Caballo y la Tradici\u00f3n en la<\/p>\n","protected":false},"author":4,"featured_media":412,"comment_status":"closed","ping_status":"open","sticky":false,"template":"","format":"standard","meta":{"colormag_page_layout":"default_layout","footnotes":""},"categories":[2],"tags":[],"class_list":["post-408","post","type-post","status-publish","format-standard","has-post-thumbnail","hentry","category-noticias"],"_links":{"self":[{"href":"https:\/\/oasisfm935.com.ar\/site\/wp-json\/wp\/v2\/posts\/408","targetHints":{"allow":["GET"]}}],"collection":[{"href":"https:\/\/oasisfm935.com.ar\/site\/wp-json\/wp\/v2\/posts"}],"about":[{"href":"https:\/\/oasisfm935.com.ar\/site\/wp-json\/wp\/v2\/types\/post"}],"author":[{"embeddable":true,"href":"https:\/\/oasisfm935.com.ar\/site\/wp-json\/wp\/v2\/users\/4"}],"replies":[{"embeddable":true,"href":"https:\/\/oasisfm935.com.ar\/site\/wp-json\/wp\/v2\/comments?post=408"}],"version-history":[{"count":1,"href":"https:\/\/oasisfm935.com.ar\/site\/wp-json\/wp\/v2\/posts\/408\/revisions"}],"predecessor-version":[{"id":413,"href":"https:\/\/oasisfm935.com.ar\/site\/wp-json\/wp\/v2\/posts\/408\/revisions\/413"}],"wp:featuredmedia":[{"embeddable":true,"href":"https:\/\/oasisfm935.com.ar\/site\/wp-json\/wp\/v2\/media\/412"}],"wp:attachment":[{"href":"https:\/\/oasisfm935.com.ar\/site\/wp-json\/wp\/v2\/media?parent=408"}],"wp:term":[{"taxonomy":"category","embeddable":true,"href":"https:\/\/oasisfm935.com.ar\/site\/wp-json\/wp\/v2\/categories?post=408"},{"taxonomy":"post_tag","embeddable":true,"href":"https:\/\/oasisfm935.com.ar\/site\/wp-json\/wp\/v2\/tags?post=408"}],"curies":[{"name":"wp","href":"https:\/\/api.w.org\/{rel}","templated":true}]}}