{"id":4083,"date":"2020-04-04T21:16:29","date_gmt":"2020-04-05T00:16:29","guid":{"rendered":"http:\/\/oasisfm935.com\/site\/?p=4083"},"modified":"2020-04-04T21:16:29","modified_gmt":"2020-04-05T00:16:29","slug":"comenzo-con-exito-la-campana-de-vacunacion-en-ingeniero-luiggi","status":"publish","type":"post","link":"https:\/\/oasisfm935.com.ar\/site\/comenzo-con-exito-la-campana-de-vacunacion-en-ingeniero-luiggi\/","title":{"rendered":"Comenz\u00f3 con \u00e9xito la campa\u00f1a de vacunaci\u00f3n en Ingeniero Luiggi"},"content":{"rendered":"<p>\u201cN<b>o se le va a negar la vacuna a nadie\u00bb sostuvo Moyano.\u00a0<\/b>Se est\u00e1 vacunando a todos los mayores de 65 a\u00f1os sin importar que obra social tenga, respetando el orden de n\u00fameros de documentos.<\/p>\n<p>Ayer comenz\u00f3 la campa\u00f1a de vacunaci\u00f3n antigripal desde Salud P\u00fablica, para personas de 65 a\u00f1os en adelante, en el Sum Municipal donde personal municipal colabor\u00f3 para la organizaci\u00f3n con medidas preventivas durante la espera.<\/p>\n<p>Esta ma\u00f1ana se realiz\u00f3 una conferencia de prensa en el municipio de Ingeniero Luiggi por parte de los integrantes del comit\u00e9 de crisis local, entre ellos el referente de enfermeros.<\/p>\n<p>Zonal Noticias consult\u00f3 al jefe de enfermer\u00eda del Hospital Justo G. Ferraris, Javier Moyano sobre la campa\u00f1a 2020 quien manifest\u00f3 que \u201cla campa\u00f1a de vacunaci\u00f3n comenz\u00f3 ayer y se est\u00e1 realizando en SUM municipal. Esta campa\u00f1a contempla a los mayores de 65 a\u00f1os, en esta primera etapa\u201d.<\/p>\n<p><img decoding=\"async\" src=\"https:\/\/www.zonalnoticias.com\/images\/Javier_moyano_enfermeria_vacunacion_2020.jpg\" \/><\/p>\n<p><b>Segunda Etapa<\/b><\/p>\n<p>\u201cLa segunda etapa la vamos a dividir en dos. Incluso tienen que estar atentos a la informaci\u00f3n, porque es muy probable que cambiemos el lugar de vacunaci\u00f3n. Seguramente va a ser en el predio del hospital y una de las cosas que vamos a agregar, es adelantar la primer parte de la segunda etapa\u201d dijo moyano.<\/p>\n<p><b>\u00bfC\u00f3mo va a ser eso?<\/b>\u00a0 Va a ser para todos los mayores de 65 a\u00f1os sin distinci\u00f3n de obra social. Nosotros de salud p\u00fablica vacunamos a las personas de cualquier obra social.<\/p>\n<p>La nueva etapa va a ser en el predio del hospital Justo G. Ferraris a partir de los 65 a\u00f1os, tenga o no Pami, Sempre, Osprera, Swiss Medical, Osde o cual fuere \u201c aclar\u00f3 el enfermero.<\/p>\n<p><b>Adelantamos la segunda etapa<\/b>: la primera parte en\u00a0<b>personas con factores de riesgo de 2 a 64 a\u00f1os<\/b>\u00a0<b>con orden m\u00e9dica\u00a0<\/b>se van a vacunar en el predio del hospital con terminaci\u00f3n seg\u00fan el n\u00famero de documento. Nosotros vamos a estar informando qu\u00e9 d\u00eda tocan los diferentes n\u00fameros\u201d agreg\u00f3.<\/p>\n<p>\u201cLas embarazadas y ni\u00f1os siguen vacunando s\u00e9 igual. Tenemos d\u00edas: lunes, mi\u00e9rcoles y viernes a la ma\u00f1ana de 8 a 11 de la ma\u00f1ana y en la tarde de 15:30 a 17 horas. Van a tener que estar atentos porque vamos a mandar comunicados para que la gente est\u00e9 informada y que no se crea confusi\u00f3n\u201d explic\u00f3 Javier.<\/p>\n<p><img decoding=\"async\" src=\"https:\/\/scontent.frsa4-1.fna.fbcdn.net\/v\/t1.0-9\/s960x960\/91959902_2937455859671227_8273790278498779136_o.jpg?_nc_cat=110&amp;_nc_sid=8024bb&amp;_nc_eui2=AeGSFDEKJ4WVz83kGoUjE6qMypm6XhZZWF3KmbpeFllYXZHUUpmxjBQvWRW3ivvbm3M&amp;_nc_ohc=xlRucW5GEysAX8lS6EI&amp;_nc_ht=scontent.frsa4-1.fna&amp;_nc_tp=7&amp;oh=feaee606c49b49fc6b88399d51b9e0e8&amp;oe=5EAFFD02\" alt=\"La imagen puede contener: pantalla e interior\" \/><\/p>\n<p>\u201cNo depende de nosotros, sino de la cantidad de dosis que la provincia nos manda. Se vacuna hasta lo que hay\u201d.<\/p>\n<p>El referente de enfermer\u00eda resalt\u00f3 que \u201c<b>no se le va a negar la vacuna a nadie.\u00a0<\/b>Pero siempre respetando los lineamientos de epidemiolog\u00eda. Si de 2 a 64 a\u00f1os tienen que ir con orden m\u00e9dica, pues as\u00ed debe ser.\u00a0 Se los va a vacunar igual pero tienen que presentar la orden m\u00e9dica, porque nosotros tambi\u00e9n tenemos que justificar las vacunas. Los mayores de 65 a\u00f1os, entra todo el mundo. Todo el mundo, sin distinci\u00f3n de obra social\u00bb.<\/p>\n<blockquote><p>\u201cSe hab\u00eda armado una lista de personas de Pami, que la estaba haciendo Pami. Tambi\u00e9n vacunamos a los que est\u00e1n en esa lista. Se va a vacunar a todos. Aquellos que quieren esperar la vacuna de Pami, la puede esperar, el resto se va a vacunar siempre respetando horarios y finalizaci\u00f3n de n\u00famero de documento\u201d aclar\u00f3 el referente de salud.<\/p>\n<p><b>La dosis tiene sepas nuevas<\/b><\/p>\n<p>\u201cEsta vacuna tiene cepas nuevas. Es para la gripe estacional, pero no tiene nada que ver con covid19. Lo que va hacer es crear una inmunizaci\u00f3n para la para la gripe de invierno. No hay por ahora vacuna para covid\u201d culmin\u00f3 el jefe de enfermer\u00eda Javier Moyano.<\/p>\n<p><img decoding=\"async\" src=\"https:\/\/scontent.frsa4-1.fna.fbcdn.net\/v\/t1.0-9\/s960x960\/92132804_2937455659671247_1431614841453281280_o.jpg?_nc_cat=105&amp;_nc_sid=8024bb&amp;_nc_eui2=AeHG_j-S92CGeUEpv3Ub6OBgwP7mxTL-BFvA_ubFMv4EWzzQRt02byU5KRcOCuqAz2M&amp;_nc_ohc=AYeKpqtNTx0AX-PWedB&amp;_nc_ht=scontent.frsa4-1.fna&amp;_nc_tp=7&amp;oh=9c1c3b06b1ddae5f8f506c1d630632a8&amp;oe=5EAFDA84\" alt=\"La imagen puede contener: 4 personas, personas de pie e interior\" \/><\/p>\n<p><img decoding=\"async\" src=\"https:\/\/www.zonalnoticias.com\/images\/logo-md.png\" alt=\"Zonal noticias\" \/><\/p><\/blockquote>\n<div class=\"oasis-despues-del-contenido\" id=\"oasis-1800871760\"><img loading=\"lazy\" decoding=\"async\" src=\"https:\/\/oasisfm935.com.ar\/site\/wp-content\/uploads\/2020\/08\/47806202-8741-49f2-a5c9-d2f930e5baa1.jpg\" alt=\"\"  srcset=\"https:\/\/oasisfm935.com.ar\/site\/wp-content\/uploads\/2020\/08\/47806202-8741-49f2-a5c9-d2f930e5baa1.jpg 1080w, https:\/\/oasisfm935.com.ar\/site\/wp-content\/uploads\/2020\/08\/47806202-8741-49f2-a5c9-d2f930e5baa1-300x300.jpg 300w, https:\/\/oasisfm935.com.ar\/site\/wp-content\/uploads\/2020\/08\/47806202-8741-49f2-a5c9-d2f930e5baa1-1024x1024.jpg 1024w, https:\/\/oasisfm935.com.ar\/site\/wp-content\/uploads\/2020\/08\/47806202-8741-49f2-a5c9-d2f930e5baa1-150x150.jpg 150w, https:\/\/oasisfm935.com.ar\/site\/wp-content\/uploads\/2020\/08\/47806202-8741-49f2-a5c9-d2f930e5baa1-768x768.jpg 768w\" sizes=\"(max-width: 1080px) 100vw, 1080px\" class=\"no-lazyload\" width=\"1080\" height=\"1080\"  style=\"display: inline-block;\" \/><\/div>","protected":false},"excerpt":{"rendered":"<p>\u201cNo se le va a negar la vacuna a nadie\u00bb sostuvo Moyano.\u00a0Se est\u00e1 vacunando a todos los mayores de 65 a\u00f1os sin<\/p>\n","protected":false},"author":4,"featured_media":4084,"comment_status":"closed","ping_status":"open","sticky":false,"template":"","format":"standard","meta":{"colormag_page_layout":"default_layout","footnotes":""},"categories":[2],"tags":[],"class_list":["post-4083","post","type-post","status-publish","format-standard","has-post-thumbnail","hentry","category-noticias"],"_links":{"self":[{"href":"https:\/\/oasisfm935.com.ar\/site\/wp-json\/wp\/v2\/posts\/4083","targetHints":{"allow":["GET"]}}],"collection":[{"href":"https:\/\/oasisfm935.com.ar\/site\/wp-json\/wp\/v2\/posts"}],"about":[{"href":"https:\/\/oasisfm935.com.ar\/site\/wp-json\/wp\/v2\/types\/post"}],"author":[{"embeddable":true,"href":"https:\/\/oasisfm935.com.ar\/site\/wp-json\/wp\/v2\/users\/4"}],"replies":[{"embeddable":true,"href":"https:\/\/oasisfm935.com.ar\/site\/wp-json\/wp\/v2\/comments?post=4083"}],"version-history":[{"count":1,"href":"https:\/\/oasisfm935.com.ar\/site\/wp-json\/wp\/v2\/posts\/4083\/revisions"}],"predecessor-version":[{"id":4085,"href":"https:\/\/oasisfm935.com.ar\/site\/wp-json\/wp\/v2\/posts\/4083\/revisions\/4085"}],"wp:featuredmedia":[{"embeddable":true,"href":"https:\/\/oasisfm935.com.ar\/site\/wp-json\/wp\/v2\/media\/4084"}],"wp:attachment":[{"href":"https:\/\/oasisfm935.com.ar\/site\/wp-json\/wp\/v2\/media?parent=4083"}],"wp:term":[{"taxonomy":"category","embeddable":true,"href":"https:\/\/oasisfm935.com.ar\/site\/wp-json\/wp\/v2\/categories?post=4083"},{"taxonomy":"post_tag","embeddable":true,"href":"https:\/\/oasisfm935.com.ar\/site\/wp-json\/wp\/v2\/tags?post=4083"}],"curies":[{"name":"wp","href":"https:\/\/api.w.org\/{rel}","templated":true}]}}