{"id":4097,"date":"2020-04-05T16:37:55","date_gmt":"2020-04-05T19:37:55","guid":{"rendered":"http:\/\/oasisfm935.com\/site\/?p=4097"},"modified":"2020-04-05T16:42:11","modified_gmt":"2020-04-05T19:42:11","slug":"urgente-fallecio-el-hombre-de-huinca-renanco-que-padecia-coronavirus","status":"publish","type":"post","link":"https:\/\/oasisfm935.com.ar\/site\/urgente-fallecio-el-hombre-de-huinca-renanco-que-padecia-coronavirus\/","title":{"rendered":"URGENTE &#8211; FALLECI\u00d3 EL HOMBRE DE HUINCA RENANC\u00d3 QUE PADEC\u00cdA CORONAVIRUS"},"content":{"rendered":"<p>&nbsp;<\/p>\n<p>Un vecino de\u00a0<a href=\"https:\/\/www.puntal.com.ar\/huinca-renanco-a219\" rel=\"219\">Huinca Renanc\u00f3<\/a>\u00a0diagnosticado con\u00a0<a href=\"https:\/\/www.puntal.com.ar\/coronavirus-a8\" rel=\"8\">coronavirus<\/a>\u00a0muri\u00f3 en las \u00faltimas horas y se convirti\u00f3 en la segunda v\u00edctima fatal de la provincia de\u00a0<a href=\"https:\/\/www.puntal.com.ar\/cordoba-a48\" rel=\"48\">C\u00f3rdoba<\/a>\u00a0a causa de esta infecci\u00f3n.<\/p>\n<p>Se trata de un hombre de 65 a\u00f1os que estaba internado desde hace una semana en un centro m\u00e9dico de R\u00edo Cuarto, public\u00f3 el sitio\u00a0<a title=\"Un vecino de Huinca Renanc\u00f3 fallecido por coronavirus\" href=\"http:\/\/cabledigital.com.ar\/urgente-fallecio-en-rio-cuarto-el-paciente-huinquense-que-tenia-coronavirus\/\" target=\"_blank\" rel=\"noopener noreferrer\">Cabledigital.com.ar<\/a>\u00a0tras confirmar la informaci\u00f3n que este mediod\u00eda hab\u00eda trascendi\u00f3 en esta ciudad del sur cordob\u00e9s.<\/p>\n<p>Este huinquense result\u00f3 infectado por el contacto con la mujer que hab\u00eda regresado desde M\u00e9xico el 10 de marzo. Ambos hab\u00edan sido diagnosticados con covid-19, sin embargo el caso del hombre se agrav\u00f3 y dispusieron derivarlo a un centro asistencial de mayor complejidad.<\/p>\n<p>Se espera que las autoridades confirmen el deceso de manera oficial en el reporte que brindan a diario, en el cierre de cada jornada.<\/p>\n<p>Vale recordar que C\u00f3rdoba registr\u00f3 la semana pasada la primera muerte por coronavirus. Fue una mujer de 89 a\u00f1os, oriunda de La Cumbre, que falleci\u00f3 tras ser contagiada por una nieta que hab\u00eda regresado desde el exterior.<\/p>\n<p>Fuente; Punta.com.ar<\/p>\n<div class=\"oasis-despues-del-contenido\" id=\"oasis-4007458405\"><img loading=\"lazy\" decoding=\"async\" src=\"https:\/\/oasisfm935.com.ar\/site\/wp-content\/uploads\/2020\/08\/47806202-8741-49f2-a5c9-d2f930e5baa1.jpg\" alt=\"\"  srcset=\"https:\/\/oasisfm935.com.ar\/site\/wp-content\/uploads\/2020\/08\/47806202-8741-49f2-a5c9-d2f930e5baa1.jpg 1080w, https:\/\/oasisfm935.com.ar\/site\/wp-content\/uploads\/2020\/08\/47806202-8741-49f2-a5c9-d2f930e5baa1-300x300.jpg 300w, https:\/\/oasisfm935.com.ar\/site\/wp-content\/uploads\/2020\/08\/47806202-8741-49f2-a5c9-d2f930e5baa1-1024x1024.jpg 1024w, https:\/\/oasisfm935.com.ar\/site\/wp-content\/uploads\/2020\/08\/47806202-8741-49f2-a5c9-d2f930e5baa1-150x150.jpg 150w, https:\/\/oasisfm935.com.ar\/site\/wp-content\/uploads\/2020\/08\/47806202-8741-49f2-a5c9-d2f930e5baa1-768x768.jpg 768w\" sizes=\"(max-width: 1080px) 100vw, 1080px\" class=\"no-lazyload\" width=\"1080\" height=\"1080\"  style=\"display: inline-block;\" \/><\/div>","protected":false},"excerpt":{"rendered":"<p>&nbsp; Un vecino de\u00a0Huinca Renanc\u00f3\u00a0diagnosticado con\u00a0coronavirus\u00a0muri\u00f3 en las \u00faltimas horas y se convirti\u00f3 en la segunda v\u00edctima fatal de la provincia de\u00a0C\u00f3rdoba\u00a0a<\/p>\n","protected":false},"author":4,"featured_media":4099,"comment_status":"closed","ping_status":"open","sticky":false,"template":"","format":"standard","meta":{"colormag_page_layout":"default_layout","footnotes":""},"categories":[2],"tags":[],"class_list":["post-4097","post","type-post","status-publish","format-standard","has-post-thumbnail","hentry","category-noticias"],"_links":{"self":[{"href":"https:\/\/oasisfm935.com.ar\/site\/wp-json\/wp\/v2\/posts\/4097","targetHints":{"allow":["GET"]}}],"collection":[{"href":"https:\/\/oasisfm935.com.ar\/site\/wp-json\/wp\/v2\/posts"}],"about":[{"href":"https:\/\/oasisfm935.com.ar\/site\/wp-json\/wp\/v2\/types\/post"}],"author":[{"embeddable":true,"href":"https:\/\/oasisfm935.com.ar\/site\/wp-json\/wp\/v2\/users\/4"}],"replies":[{"embeddable":true,"href":"https:\/\/oasisfm935.com.ar\/site\/wp-json\/wp\/v2\/comments?post=4097"}],"version-history":[{"count":2,"href":"https:\/\/oasisfm935.com.ar\/site\/wp-json\/wp\/v2\/posts\/4097\/revisions"}],"predecessor-version":[{"id":4101,"href":"https:\/\/oasisfm935.com.ar\/site\/wp-json\/wp\/v2\/posts\/4097\/revisions\/4101"}],"wp:featuredmedia":[{"embeddable":true,"href":"https:\/\/oasisfm935.com.ar\/site\/wp-json\/wp\/v2\/media\/4099"}],"wp:attachment":[{"href":"https:\/\/oasisfm935.com.ar\/site\/wp-json\/wp\/v2\/media?parent=4097"}],"wp:term":[{"taxonomy":"category","embeddable":true,"href":"https:\/\/oasisfm935.com.ar\/site\/wp-json\/wp\/v2\/categories?post=4097"},{"taxonomy":"post_tag","embeddable":true,"href":"https:\/\/oasisfm935.com.ar\/site\/wp-json\/wp\/v2\/tags?post=4097"}],"curies":[{"name":"wp","href":"https:\/\/api.w.org\/{rel}","templated":true}]}}