{"id":4109,"date":"2020-04-06T18:00:46","date_gmt":"2020-04-06T21:00:46","guid":{"rendered":"http:\/\/oasisfm935.com\/site\/?p=4109"},"modified":"2020-04-06T18:08:26","modified_gmt":"2020-04-06T21:08:26","slug":"http-oasisfm935-com-ar-site-joel-abratte-destaco-el-trabajo-que-se-viene-realizando-en-ingeniero-luiggi","status":"publish","type":"post","link":"https:\/\/oasisfm935.com.ar\/site\/http-oasisfm935-com-ar-site-joel-abratte-destaco-el-trabajo-que-se-viene-realizando-en-ingeniero-luiggi\/","title":{"rendered":"Joel Abratte destaco el trabajo que se viene realizando en Ingeniero Luiggi."},"content":{"rendered":"<blockquote><p>El Secretario de Desarrollo Social y\u00a0 Derechos Humanos del Gobierno de Ingeniero Luiggi\u00a0 Joel Abratte,<\/p>\n<p>inform\u00f3 sobre el trabajo que se realizo en conjunto con la Cooperativa el\u00e9ctrica\u00a0 de Ingeniero Luiggi sobre la entrega de AGUA MINERALIZADA para repartir en los barrios , en principio se comenz\u00f3 con el barrio Quequen tambi\u00e9n acompa\u00f1amos aquellas familias que reciben la vianda de la Escuela 250 y llegaremos a todos los barrios que lo requieran .<\/p>\n<p><a href=\"http:\/\/oasisfm935.com\/site\/wp-content\/uploads\/2020\/04\/91851291_2937543159662497_6401187655589036032_n.jpg\"><img loading=\"lazy\" decoding=\"async\" class=\"alignnone size-full wp-image-4110\" src=\"http:\/\/oasisfm935.com\/site\/wp-content\/uploads\/2020\/04\/91851291_2937543159662497_6401187655589036032_n.jpg\" alt=\"\" width=\"960\" height=\"640\" srcset=\"https:\/\/oasisfm935.com.ar\/site\/wp-content\/uploads\/2020\/04\/91851291_2937543159662497_6401187655589036032_n.jpg 960w, https:\/\/oasisfm935.com.ar\/site\/wp-content\/uploads\/2020\/04\/91851291_2937543159662497_6401187655589036032_n-300x200.jpg 300w, https:\/\/oasisfm935.com.ar\/site\/wp-content\/uploads\/2020\/04\/91851291_2937543159662497_6401187655589036032_n-768x512.jpg 768w\" sizes=\"auto, (max-width: 960px) 100vw, 960px\" \/><\/a><\/p><\/blockquote>\n<p>Joel Abratte\u00a0 tambi\u00e9n destaco el amplio\u00a0 despliegue con refuerzos alimentarios y viandas\u00a0 para las familias de Ingeniero Luiggi.<\/p>\n<p><a href=\"http:\/\/oasisfm935.com\/site\/wp-content\/uploads\/2020\/04\/91900260_2937490199667793_7900018404512235520_o.jpg\"><img loading=\"lazy\" decoding=\"async\" class=\"alignnone size-full wp-image-4111\" src=\"http:\/\/oasisfm935.com\/site\/wp-content\/uploads\/2020\/04\/91900260_2937490199667793_7900018404512235520_o.jpg\" alt=\"\" width=\"1024\" height=\"682\" srcset=\"https:\/\/oasisfm935.com.ar\/site\/wp-content\/uploads\/2020\/04\/91900260_2937490199667793_7900018404512235520_o.jpg 1024w, https:\/\/oasisfm935.com.ar\/site\/wp-content\/uploads\/2020\/04\/91900260_2937490199667793_7900018404512235520_o-300x200.jpg 300w, https:\/\/oasisfm935.com.ar\/site\/wp-content\/uploads\/2020\/04\/91900260_2937490199667793_7900018404512235520_o-768x512.jpg 768w\" sizes=\"auto, (max-width: 1024px) 100vw, 1024px\" \/><\/a><\/p>\n<p>Aprovech\u00f3\u00a0 para\u00a0 \u00a0felicitar y agradecer al equipo de trabajo por el acompa\u00f1amiento en los distintos puntos del pueblo .<\/p>\n<div class=\"oasis-despues-del-contenido\" id=\"oasis-1192467661\"><img loading=\"lazy\" decoding=\"async\" src=\"https:\/\/oasisfm935.com.ar\/site\/wp-content\/uploads\/2020\/08\/47806202-8741-49f2-a5c9-d2f930e5baa1.jpg\" alt=\"\"  srcset=\"https:\/\/oasisfm935.com.ar\/site\/wp-content\/uploads\/2020\/08\/47806202-8741-49f2-a5c9-d2f930e5baa1.jpg 1080w, https:\/\/oasisfm935.com.ar\/site\/wp-content\/uploads\/2020\/08\/47806202-8741-49f2-a5c9-d2f930e5baa1-300x300.jpg 300w, https:\/\/oasisfm935.com.ar\/site\/wp-content\/uploads\/2020\/08\/47806202-8741-49f2-a5c9-d2f930e5baa1-1024x1024.jpg 1024w, https:\/\/oasisfm935.com.ar\/site\/wp-content\/uploads\/2020\/08\/47806202-8741-49f2-a5c9-d2f930e5baa1-150x150.jpg 150w, https:\/\/oasisfm935.com.ar\/site\/wp-content\/uploads\/2020\/08\/47806202-8741-49f2-a5c9-d2f930e5baa1-768x768.jpg 768w\" sizes=\"(max-width: 1080px) 100vw, 1080px\" class=\"no-lazyload\" width=\"1080\" height=\"1080\"  style=\"display: inline-block;\" \/><\/div>","protected":false},"excerpt":{"rendered":"<p>El Secretario de Desarrollo Social y\u00a0 Derechos Humanos del Gobierno de Ingeniero Luiggi\u00a0 Joel Abratte, inform\u00f3 sobre el trabajo que se realizo<\/p>\n","protected":false},"author":4,"featured_media":4112,"comment_status":"closed","ping_status":"open","sticky":false,"template":"","format":"standard","meta":{"colormag_page_layout":"default_layout","footnotes":""},"categories":[2],"tags":[],"class_list":["post-4109","post","type-post","status-publish","format-standard","has-post-thumbnail","hentry","category-noticias"],"_links":{"self":[{"href":"https:\/\/oasisfm935.com.ar\/site\/wp-json\/wp\/v2\/posts\/4109","targetHints":{"allow":["GET"]}}],"collection":[{"href":"https:\/\/oasisfm935.com.ar\/site\/wp-json\/wp\/v2\/posts"}],"about":[{"href":"https:\/\/oasisfm935.com.ar\/site\/wp-json\/wp\/v2\/types\/post"}],"author":[{"embeddable":true,"href":"https:\/\/oasisfm935.com.ar\/site\/wp-json\/wp\/v2\/users\/4"}],"replies":[{"embeddable":true,"href":"https:\/\/oasisfm935.com.ar\/site\/wp-json\/wp\/v2\/comments?post=4109"}],"version-history":[{"count":5,"href":"https:\/\/oasisfm935.com.ar\/site\/wp-json\/wp\/v2\/posts\/4109\/revisions"}],"predecessor-version":[{"id":4117,"href":"https:\/\/oasisfm935.com.ar\/site\/wp-json\/wp\/v2\/posts\/4109\/revisions\/4117"}],"wp:featuredmedia":[{"embeddable":true,"href":"https:\/\/oasisfm935.com.ar\/site\/wp-json\/wp\/v2\/media\/4112"}],"wp:attachment":[{"href":"https:\/\/oasisfm935.com.ar\/site\/wp-json\/wp\/v2\/media?parent=4109"}],"wp:term":[{"taxonomy":"category","embeddable":true,"href":"https:\/\/oasisfm935.com.ar\/site\/wp-json\/wp\/v2\/categories?post=4109"},{"taxonomy":"post_tag","embeddable":true,"href":"https:\/\/oasisfm935.com.ar\/site\/wp-json\/wp\/v2\/tags?post=4109"}],"curies":[{"name":"wp","href":"https:\/\/api.w.org\/{rel}","templated":true}]}}