{"id":4124,"date":"2020-04-06T20:02:54","date_gmt":"2020-04-06T23:02:54","guid":{"rendered":"http:\/\/oasisfm935.com\/site\/?p=4124"},"modified":"2020-04-06T20:02:54","modified_gmt":"2020-04-06T23:02:54","slug":"ingeniero-luiggi-incendio-destruyo-un-camion-en-la-zonal-de-el-tala","status":"publish","type":"post","link":"https:\/\/oasisfm935.com.ar\/site\/ingeniero-luiggi-incendio-destruyo-un-camion-en-la-zonal-de-el-tala\/","title":{"rendered":"Ingeniero Luiggi: Incendio destruy\u00f3 un cami\u00f3n en la zonal de El Tala"},"content":{"rendered":"<p>Se trat\u00f3 de un Cami\u00f3n Volkswagen modelo 1720 de Ing. Luiggi. Sufri\u00f3 serios da\u00f1os.<\/p>\n<p>Zonal Noticias dialog\u00f3 con el SubJefe del cuartel de Bomberos Voluntarios de Ingeniero Luiggi, Sebasti\u00e1n Hamdan, quien cont\u00f3 que, \u201csiendo las 16:31 horas de esta tarde, el jefe del cuartel recibi\u00f3 un llamado, diciendo que se estaba incendiando un cami\u00f3n en la zona de El Tala\u201d.<\/p>\n<p>\u00abPartimos con dos autobomba,s con un total de 6 bomberos cargo de quien les habla, regresando al cuartel a las 18:20 horas\u201d cont\u00f3 el bombero.<\/p>\n<p>\u201cEl cami\u00f3n sufri\u00f3 importates da\u00f1os, con p\u00e9rdidas casi totales.Se perdi\u00edo la cabina, la cucheta, parte del motor, las ruedas delanteras y lo que es mec\u00e1nica sufrieron serios da\u00f1os\u201d\u00a0 inform\u00f3 Hamdan.<\/p>\n<p><img decoding=\"async\" src=\"https:\/\/www.zonalnoticias.com\/images\/incendio_camion_de_tomba_7_-_6_de_abril.jpg\" \/><\/p>\n<p>El propietario del cami\u00f3n\u00a0<strong>Volkswagen 1720 &#8211; modelo 2005<\/strong>\u00a0es el se\u00f1or Alejo Tomba de la localidad de Ingeniero Luiggi.<\/p>\n<p>Se desconocen los causales del siniestro. El conductor ven\u00ed circulando, trabajando en el transporte de cereal en esa zona cuando comenz\u00f3 a ver fuego en su cami\u00f3n.<\/p>\n<p>Ocurri\u00f3 aproximadamente a unos 25 km al oeste de la localidad, sobre ruta 2 (de tierra), frente del campo de Renaudo.<\/p>\n<p>En el lugar trabaj\u00f3 personal de Bomberos y polic\u00eda de Ingeniero Luiggi.<\/p>\n<p><img decoding=\"async\" src=\"https:\/\/www.zonalnoticias.com\/images\/incendio_camion_de_tomba_2_-_6_de_abril.jpg\" \/><\/p>\n<p><img decoding=\"async\" src=\"https:\/\/www.zonalnoticias.com\/images\/incendio_camion_de_tomba_3_-_6_de_abril.jpg\" \/><\/p>\n<p><img decoding=\"async\" src=\"https:\/\/www.zonalnoticias.com\/images\/incendio_camion_de_tomba_6_-_6_de_abril.jpg\" \/><\/p>\n<p><img decoding=\"async\" src=\"https:\/\/www.zonalnoticias.com\/images\/incendio_camion_tomba_8_-6_de_abril.jpg\" \/><\/p>\n<div class=\"oasis-despues-del-contenido\" id=\"oasis-3326248039\"><img loading=\"lazy\" decoding=\"async\" src=\"https:\/\/oasisfm935.com.ar\/site\/wp-content\/uploads\/2020\/08\/47806202-8741-49f2-a5c9-d2f930e5baa1.jpg\" alt=\"\"  srcset=\"https:\/\/oasisfm935.com.ar\/site\/wp-content\/uploads\/2020\/08\/47806202-8741-49f2-a5c9-d2f930e5baa1.jpg 1080w, https:\/\/oasisfm935.com.ar\/site\/wp-content\/uploads\/2020\/08\/47806202-8741-49f2-a5c9-d2f930e5baa1-300x300.jpg 300w, https:\/\/oasisfm935.com.ar\/site\/wp-content\/uploads\/2020\/08\/47806202-8741-49f2-a5c9-d2f930e5baa1-1024x1024.jpg 1024w, https:\/\/oasisfm935.com.ar\/site\/wp-content\/uploads\/2020\/08\/47806202-8741-49f2-a5c9-d2f930e5baa1-150x150.jpg 150w, https:\/\/oasisfm935.com.ar\/site\/wp-content\/uploads\/2020\/08\/47806202-8741-49f2-a5c9-d2f930e5baa1-768x768.jpg 768w\" sizes=\"(max-width: 1080px) 100vw, 1080px\" class=\"no-lazyload\" width=\"1080\" height=\"1080\"  style=\"display: inline-block;\" \/><\/div>","protected":false},"excerpt":{"rendered":"<p>Se trat\u00f3 de un Cami\u00f3n Volkswagen modelo 1720 de Ing. Luiggi. Sufri\u00f3 serios da\u00f1os. Zonal Noticias dialog\u00f3 con el SubJefe del cuartel<\/p>\n","protected":false},"author":4,"featured_media":4125,"comment_status":"closed","ping_status":"open","sticky":false,"template":"","format":"standard","meta":{"colormag_page_layout":"default_layout","footnotes":""},"categories":[2],"tags":[],"class_list":["post-4124","post","type-post","status-publish","format-standard","has-post-thumbnail","hentry","category-noticias"],"_links":{"self":[{"href":"https:\/\/oasisfm935.com.ar\/site\/wp-json\/wp\/v2\/posts\/4124","targetHints":{"allow":["GET"]}}],"collection":[{"href":"https:\/\/oasisfm935.com.ar\/site\/wp-json\/wp\/v2\/posts"}],"about":[{"href":"https:\/\/oasisfm935.com.ar\/site\/wp-json\/wp\/v2\/types\/post"}],"author":[{"embeddable":true,"href":"https:\/\/oasisfm935.com.ar\/site\/wp-json\/wp\/v2\/users\/4"}],"replies":[{"embeddable":true,"href":"https:\/\/oasisfm935.com.ar\/site\/wp-json\/wp\/v2\/comments?post=4124"}],"version-history":[{"count":1,"href":"https:\/\/oasisfm935.com.ar\/site\/wp-json\/wp\/v2\/posts\/4124\/revisions"}],"predecessor-version":[{"id":4126,"href":"https:\/\/oasisfm935.com.ar\/site\/wp-json\/wp\/v2\/posts\/4124\/revisions\/4126"}],"wp:featuredmedia":[{"embeddable":true,"href":"https:\/\/oasisfm935.com.ar\/site\/wp-json\/wp\/v2\/media\/4125"}],"wp:attachment":[{"href":"https:\/\/oasisfm935.com.ar\/site\/wp-json\/wp\/v2\/media?parent=4124"}],"wp:term":[{"taxonomy":"category","embeddable":true,"href":"https:\/\/oasisfm935.com.ar\/site\/wp-json\/wp\/v2\/categories?post=4124"},{"taxonomy":"post_tag","embeddable":true,"href":"https:\/\/oasisfm935.com.ar\/site\/wp-json\/wp\/v2\/tags?post=4124"}],"curies":[{"name":"wp","href":"https:\/\/api.w.org\/{rel}","templated":true}]}}