{"id":4127,"date":"2020-04-07T18:00:15","date_gmt":"2020-04-07T21:00:15","guid":{"rendered":"http:\/\/oasisfm935.com\/site\/?p=4127"},"modified":"2020-04-07T18:01:09","modified_gmt":"2020-04-07T21:01:09","slug":"unilpa-celebra-los-creditos-a-tasa-cero-y-pide-llegar-rapido-a-industrias-en-problemas","status":"publish","type":"post","link":"https:\/\/oasisfm935.com.ar\/site\/unilpa-celebra-los-creditos-a-tasa-cero-y-pide-llegar-rapido-a-industrias-en-problemas\/","title":{"rendered":"Unilpa celebra los cr\u00e9ditos a tasa cero y pide \u00abllegar r\u00e1pido\u00bb a industrias en problemas"},"content":{"rendered":"<p>El presidente de la Uni\u00f3n Industrial de La Pampa,\u00a0<strong>Rub\u00e9n Gorordo<\/strong>, dijo que es una\u00a0<strong>\u00abmuy buena medida\u00bb<\/strong>\u00a0el anuncio de\u00a0<strong>cr\u00e9ditos a tasa cero<\/strong>\u00a0para pymes pampeanas por parte del\u00a0<strong>Banco de La Pampa<\/strong>, pero al mismo tiempo advirti\u00f3 que hay que\u00a0<strong>\u00abllegar r\u00e1pido\u00bb<\/strong>\u00a0a las industrias en problemas porque\u00a0<strong>\u00abempresa que cierra, es dif\u00edcil que vuelva a abrir\u00bb.<\/strong><\/p>\n<p>&nbsp;<\/p>\n<p><strong>\u00abHay empresas que est\u00e1n m\u00e1s comprometidas que otras. Una de las m\u00e1s complicadas son las de indumentaria. A ello se suma el comercio, que no est\u00e1 teniendo ingresos. En este contexto creo que es una muy buena medida los cr\u00e9ditos a tasa cero y hay que llegar r\u00e1pido porque empresa que cierra es dif\u00edcil que vuelva a abrir\u00bb<\/strong>, reflexion\u00f3 Gorordo ante la consulta de Diario Textual<\/p>\n<p>El empresario advirti\u00f3 que\u00a0<strong>\u00abhay empresas que van a poder salir a facturar al otro d\u00eda que se levante la cuarentena, pero otras no. Por eso hay que apuntar a esos sectores y anticiparse a los problemas que puedan tener\u00bb.<\/strong><\/p>\n<p>Sostuvo que las industrias pampeanas m\u00e1s comprometidas son, por ejemplo, las del rubro indumentaria y las diferenci\u00f3 de otras que podr\u00e1n salir r\u00e1pido de la crisis.\u00a0<strong>\u00abLas\u00a0metalmec\u00e1nicas van a mover r\u00e1pido\u00bb<\/strong>, confi\u00f3.<\/p>\n<div class=\"oasis-despues-del-contenido\" id=\"oasis-3854810224\"><img loading=\"lazy\" decoding=\"async\" src=\"https:\/\/oasisfm935.com.ar\/site\/wp-content\/uploads\/2020\/08\/47806202-8741-49f2-a5c9-d2f930e5baa1.jpg\" alt=\"\"  srcset=\"https:\/\/oasisfm935.com.ar\/site\/wp-content\/uploads\/2020\/08\/47806202-8741-49f2-a5c9-d2f930e5baa1.jpg 1080w, https:\/\/oasisfm935.com.ar\/site\/wp-content\/uploads\/2020\/08\/47806202-8741-49f2-a5c9-d2f930e5baa1-300x300.jpg 300w, https:\/\/oasisfm935.com.ar\/site\/wp-content\/uploads\/2020\/08\/47806202-8741-49f2-a5c9-d2f930e5baa1-1024x1024.jpg 1024w, https:\/\/oasisfm935.com.ar\/site\/wp-content\/uploads\/2020\/08\/47806202-8741-49f2-a5c9-d2f930e5baa1-150x150.jpg 150w, https:\/\/oasisfm935.com.ar\/site\/wp-content\/uploads\/2020\/08\/47806202-8741-49f2-a5c9-d2f930e5baa1-768x768.jpg 768w\" sizes=\"(max-width: 1080px) 100vw, 1080px\" class=\"no-lazyload\" width=\"1080\" height=\"1080\"  style=\"display: inline-block;\" \/><\/div>","protected":false},"excerpt":{"rendered":"<p>El presidente de la Uni\u00f3n Industrial de La Pampa,\u00a0Rub\u00e9n Gorordo, dijo que es una\u00a0\u00abmuy buena medida\u00bb\u00a0el anuncio de\u00a0cr\u00e9ditos a tasa cero\u00a0para pymes<\/p>\n","protected":false},"author":4,"featured_media":2559,"comment_status":"closed","ping_status":"open","sticky":false,"template":"","format":"standard","meta":{"colormag_page_layout":"default_layout","footnotes":""},"categories":[2],"tags":[],"class_list":["post-4127","post","type-post","status-publish","format-standard","has-post-thumbnail","hentry","category-noticias"],"_links":{"self":[{"href":"https:\/\/oasisfm935.com.ar\/site\/wp-json\/wp\/v2\/posts\/4127","targetHints":{"allow":["GET"]}}],"collection":[{"href":"https:\/\/oasisfm935.com.ar\/site\/wp-json\/wp\/v2\/posts"}],"about":[{"href":"https:\/\/oasisfm935.com.ar\/site\/wp-json\/wp\/v2\/types\/post"}],"author":[{"embeddable":true,"href":"https:\/\/oasisfm935.com.ar\/site\/wp-json\/wp\/v2\/users\/4"}],"replies":[{"embeddable":true,"href":"https:\/\/oasisfm935.com.ar\/site\/wp-json\/wp\/v2\/comments?post=4127"}],"version-history":[{"count":1,"href":"https:\/\/oasisfm935.com.ar\/site\/wp-json\/wp\/v2\/posts\/4127\/revisions"}],"predecessor-version":[{"id":4128,"href":"https:\/\/oasisfm935.com.ar\/site\/wp-json\/wp\/v2\/posts\/4127\/revisions\/4128"}],"wp:featuredmedia":[{"embeddable":true,"href":"https:\/\/oasisfm935.com.ar\/site\/wp-json\/wp\/v2\/media\/2559"}],"wp:attachment":[{"href":"https:\/\/oasisfm935.com.ar\/site\/wp-json\/wp\/v2\/media?parent=4127"}],"wp:term":[{"taxonomy":"category","embeddable":true,"href":"https:\/\/oasisfm935.com.ar\/site\/wp-json\/wp\/v2\/categories?post=4127"},{"taxonomy":"post_tag","embeddable":true,"href":"https:\/\/oasisfm935.com.ar\/site\/wp-json\/wp\/v2\/tags?post=4127"}],"curies":[{"name":"wp","href":"https:\/\/api.w.org\/{rel}","templated":true}]}}