{"id":4129,"date":"2020-04-07T19:51:32","date_gmt":"2020-04-07T22:51:32","guid":{"rendered":"http:\/\/oasisfm935.com\/site\/?p=4129"},"modified":"2020-04-07T19:51:32","modified_gmt":"2020-04-07T22:51:32","slug":"covid-19-gobierno-confirmo-un-caso-positivo-en-general-pico","status":"publish","type":"post","link":"https:\/\/oasisfm935.com.ar\/site\/covid-19-gobierno-confirmo-un-caso-positivo-en-general-pico\/","title":{"rendered":"COVID-19: Gobierno confirm\u00f3 un caso positivo en General Pico"},"content":{"rendered":"<p class=\"lead nota-detalle-bajada\">El Gobierno de La Pampa inform\u00f3\u00a0sobre la confirmaci\u00f3n de un caso de COVID-19 en la ciudad\u00a0de General Pico. La persona tiene antecedente de viaje al exterior y contacto con alguien que, en otro pa\u00eds, dio positivo para COVID-19. No presenta factores particulares de riesgo<\/p>\n<div class=\"nota-detalle-cuerpo\">\n<p>\u00a0El caso estaba en aislamiento estricto y seguimiento por el equipo de salud de la localidad. El estado general del paciente es bueno.<\/p>\n<p>La sintomatolog\u00eda que define a una persona como posible caso de COVID-19 es la presencia de fiebre y de uno o m\u00e1s s\u00edntomas respiratorios (tos, dificultad respiratoria, dolor de garganta). Adem\u00e1s, se la vincula al hecho de que en los \u00faltimos 14 d\u00edas haya estado en contacto con casos confirmados o tenga un historial de viaje fuera del pa\u00eds o a zonas de Argentina con transmisi\u00f3n local del virus (Ciudad Aut\u00f3noma de Buenos Aires y \u00e1rea Metropolitana, provincia de Chaco, provincia de Santa Fe, Ciudad de C\u00f3rdoba, Alta Gracia, R\u00edo Cuarto o Ushuaia). Tambi\u00e9n se estudia a los pacientes con diagn\u00f3stico de neumon\u00eda.<br \/>\nA la fecha, La Pampa tiene 4 casos confirmados de COVID-19, todos pacientes con antecedentes de viaje al exterior que se encuentran monitoreados por el equipo de salud.<br \/>\nLas muestras para diagn\u00f3stico de COVID-19 son procesadas por el Laboratorio Central de la Direcci\u00f3n de Epidemiolog\u00eda de la provincia.<br \/>\nLa Pampa se mantiene en etapa de contenci\u00f3n, con alta sensibilidad en la vigilancia epidemiol\u00f3gica y la respuesta integrada y oportuna, con medidas intensivas para reducir la circulaci\u00f3n del virus y disminuir su transmisi\u00f3n.<br \/>\nEl total de casos confirmados en Argentina es de 1727, de los cuales 60 fallecieron. Del total de esos casos, 718 (44,1%) son importados, 563 (34,6%) son contactos estrechos de casos confirmados, 175 (10,75%) son casos de circulaci\u00f3n comunitaria y el resto se encuentra en investigaci\u00f3n epidemiol\u00f3gica.<\/p>\n<p><strong>RECOMENDACIONES<\/strong>:<br \/>\nContinuar con el aislamiento social y obligatorio.<br \/>\nLavado frecuente de manos con agua y jab\u00f3n por 40\u201d a 60\u201d o utilizar alcohol en gel.<br \/>\nEstornudar en el pliegue del codo.<br \/>\nNo llevarse las manos a los ojos, nariz ni boca.<br \/>\nVentilar los ambientes.<br \/>\nNo compartir platos, vasos u otros art\u00edculos de uso personal.<br \/>\nLimpiar los objetos y las superficies que se usan con frecuencia.<br \/>\nSi presenta alguno de los s\u00edntomas y tiene el antecedente de viaje a zonas se\u00f1aladas consultar al 0800 333 1135. No se automedique.<\/p>\n<\/div>\n<div class=\"oasis-despues-del-contenido\" id=\"oasis-2989405602\"><img loading=\"lazy\" decoding=\"async\" src=\"https:\/\/oasisfm935.com.ar\/site\/wp-content\/uploads\/2020\/08\/47806202-8741-49f2-a5c9-d2f930e5baa1.jpg\" alt=\"\"  srcset=\"https:\/\/oasisfm935.com.ar\/site\/wp-content\/uploads\/2020\/08\/47806202-8741-49f2-a5c9-d2f930e5baa1.jpg 1080w, https:\/\/oasisfm935.com.ar\/site\/wp-content\/uploads\/2020\/08\/47806202-8741-49f2-a5c9-d2f930e5baa1-300x300.jpg 300w, https:\/\/oasisfm935.com.ar\/site\/wp-content\/uploads\/2020\/08\/47806202-8741-49f2-a5c9-d2f930e5baa1-1024x1024.jpg 1024w, https:\/\/oasisfm935.com.ar\/site\/wp-content\/uploads\/2020\/08\/47806202-8741-49f2-a5c9-d2f930e5baa1-150x150.jpg 150w, https:\/\/oasisfm935.com.ar\/site\/wp-content\/uploads\/2020\/08\/47806202-8741-49f2-a5c9-d2f930e5baa1-768x768.jpg 768w\" sizes=\"(max-width: 1080px) 100vw, 1080px\" class=\"no-lazyload\" width=\"1080\" height=\"1080\"  style=\"display: inline-block;\" \/><\/div>","protected":false},"excerpt":{"rendered":"<p>El Gobierno de La Pampa inform\u00f3\u00a0sobre la confirmaci\u00f3n de un caso de COVID-19 en la ciudad\u00a0de General Pico. La persona tiene antecedente<\/p>\n","protected":false},"author":4,"featured_media":4130,"comment_status":"closed","ping_status":"open","sticky":false,"template":"","format":"standard","meta":{"colormag_page_layout":"default_layout","footnotes":""},"categories":[2],"tags":[],"class_list":["post-4129","post","type-post","status-publish","format-standard","has-post-thumbnail","hentry","category-noticias"],"_links":{"self":[{"href":"https:\/\/oasisfm935.com.ar\/site\/wp-json\/wp\/v2\/posts\/4129","targetHints":{"allow":["GET"]}}],"collection":[{"href":"https:\/\/oasisfm935.com.ar\/site\/wp-json\/wp\/v2\/posts"}],"about":[{"href":"https:\/\/oasisfm935.com.ar\/site\/wp-json\/wp\/v2\/types\/post"}],"author":[{"embeddable":true,"href":"https:\/\/oasisfm935.com.ar\/site\/wp-json\/wp\/v2\/users\/4"}],"replies":[{"embeddable":true,"href":"https:\/\/oasisfm935.com.ar\/site\/wp-json\/wp\/v2\/comments?post=4129"}],"version-history":[{"count":1,"href":"https:\/\/oasisfm935.com.ar\/site\/wp-json\/wp\/v2\/posts\/4129\/revisions"}],"predecessor-version":[{"id":4131,"href":"https:\/\/oasisfm935.com.ar\/site\/wp-json\/wp\/v2\/posts\/4129\/revisions\/4131"}],"wp:featuredmedia":[{"embeddable":true,"href":"https:\/\/oasisfm935.com.ar\/site\/wp-json\/wp\/v2\/media\/4130"}],"wp:attachment":[{"href":"https:\/\/oasisfm935.com.ar\/site\/wp-json\/wp\/v2\/media?parent=4129"}],"wp:term":[{"taxonomy":"category","embeddable":true,"href":"https:\/\/oasisfm935.com.ar\/site\/wp-json\/wp\/v2\/categories?post=4129"},{"taxonomy":"post_tag","embeddable":true,"href":"https:\/\/oasisfm935.com.ar\/site\/wp-json\/wp\/v2\/tags?post=4129"}],"curies":[{"name":"wp","href":"https:\/\/api.w.org\/{rel}","templated":true}]}}