{"id":4132,"date":"2020-04-07T20:50:14","date_gmt":"2020-04-07T23:50:14","guid":{"rendered":"http:\/\/oasisfm935.com\/site\/?p=4132"},"modified":"2020-04-07T20:50:14","modified_gmt":"2020-04-07T23:50:14","slug":"verna-durisimo-contra-alberto-por-portezuelo-antes-nos-cagaba-macri-ahora-un-companero","status":"publish","type":"post","link":"https:\/\/oasisfm935.com.ar\/site\/verna-durisimo-contra-alberto-por-portezuelo-antes-nos-cagaba-macri-ahora-un-companero\/","title":{"rendered":"Verna dur\u00edsimo contra Alberto por Portezuelo: \u00abAntes nos cagaba Macri, ahora un compa\u00f1ero\u00bb"},"content":{"rendered":"<p>El exgobernador\u00a0<strong>Carlos Verna<\/strong>\u00a0sali\u00f3 a cuestionar, en forma muy dura, al presidente\u00a0<strong>Alberto Fern\u00e1ndez<\/strong>\u00a0por mantener el financiamiento de la obra de la represa hidroel\u00e9ctrica<strong>\u00a0Portezuelo del Viento<\/strong>.<strong>\u00a0\u00abEl presidente Alberto Fern\u00e1ndez defaulte\u00f3 la deuda de los bonos de legislaci\u00f3n nacional, excepto los de Portezuelo. Antes nos cagaba Mauricio Macri,\u00a0ahora nos cag\u00f3 un compa\u00f1ero\u00bb<\/strong>, tuite\u00f3.<\/p>\n<p><strong>Es la segunda vez en este 2020 que Verna sale a cuestionar al presidente.<\/strong>\u00a0Y en ambas ocasiones, para cuestionarlo por medidas tomadas a favor de la obra que se pretende realizar al sur de Mendoza.<\/p>\n<p>Hoy, a trav\u00e9s de un decreto, el presidente\u00a0<strong>Alberto Fern\u00e1ndez exceptu\u00f3 del diferimieno de deuda al financiamiento para la construcci\u00f3n de Portezuelo del Viento<\/strong>. Fue, decididamente, una mala se\u00f1al para La Pampa.<\/p>\n<p>En tanto, los diputados nacionales Melina Del\u00fa, Ariel Rauschenberger y Hern\u00e1n P\u00e9rez Araujo (PJ) presentaron este martes un proyecto de ley para derogar un art\u00edculo del decreto dictado por el presidente que exceptu\u00f3 del diferimieno de deuda al financiamiento para la construcci\u00f3n de Portezuelo del Viento.<\/p>\n<p>Los legisladores pampeanos buscan derogar el inciso iii del art. 2\u00b0 del Decreto N\u00b0346\/2020, por el cual se except\u00faa del diferimiento de los pagos de la deuda p\u00fablica nacional contra\u00edda en d\u00f3lares, bajo legislaci\u00f3n argentina, a las Letras de Tesorer\u00eda emitidas por el Estado Nacional durante el gobierno de Mauricio Macri, para el financiamiento de la obra Portezuelo del Viento.<\/p>\n<p>La represa es resistida por La Pampa y, con cada vez m\u00e1s fuerza, por poblaciones y autoridades de localidades de otras provincias.\u00a0<strong>\u00bfCu\u00e1l es el temor de La Pampa y pueblos ribere\u00f1os de Neuqu\u00e9n, R\u00edo Negro y Buenos Aires?<\/strong>\u00a0<strong>Que Portezuelo baje a\u00fan mas el magro caudal del Colorado. No solo afectar\u00eda el riego sino tambi\u00e9n la provisi\u00f3n de agua a las poblaciones.<\/strong><\/p>\n<div class=\"oasis-despues-del-contenido\" id=\"oasis-95203124\"><img loading=\"lazy\" decoding=\"async\" src=\"https:\/\/oasisfm935.com.ar\/site\/wp-content\/uploads\/2020\/08\/47806202-8741-49f2-a5c9-d2f930e5baa1.jpg\" alt=\"\"  srcset=\"https:\/\/oasisfm935.com.ar\/site\/wp-content\/uploads\/2020\/08\/47806202-8741-49f2-a5c9-d2f930e5baa1.jpg 1080w, https:\/\/oasisfm935.com.ar\/site\/wp-content\/uploads\/2020\/08\/47806202-8741-49f2-a5c9-d2f930e5baa1-300x300.jpg 300w, https:\/\/oasisfm935.com.ar\/site\/wp-content\/uploads\/2020\/08\/47806202-8741-49f2-a5c9-d2f930e5baa1-1024x1024.jpg 1024w, https:\/\/oasisfm935.com.ar\/site\/wp-content\/uploads\/2020\/08\/47806202-8741-49f2-a5c9-d2f930e5baa1-150x150.jpg 150w, https:\/\/oasisfm935.com.ar\/site\/wp-content\/uploads\/2020\/08\/47806202-8741-49f2-a5c9-d2f930e5baa1-768x768.jpg 768w\" sizes=\"(max-width: 1080px) 100vw, 1080px\" class=\"no-lazyload\" width=\"1080\" height=\"1080\"  style=\"display: inline-block;\" \/><\/div>","protected":false},"excerpt":{"rendered":"<p>El exgobernador\u00a0Carlos Verna\u00a0sali\u00f3 a cuestionar, en forma muy dura, al presidente\u00a0Alberto Fern\u00e1ndez\u00a0por mantener el financiamiento de la obra de la represa hidroel\u00e9ctrica\u00a0Portezuelo<\/p>\n","protected":false},"author":4,"featured_media":4133,"comment_status":"closed","ping_status":"open","sticky":false,"template":"","format":"standard","meta":{"colormag_page_layout":"default_layout","footnotes":""},"categories":[2],"tags":[],"class_list":["post-4132","post","type-post","status-publish","format-standard","has-post-thumbnail","hentry","category-noticias"],"_links":{"self":[{"href":"https:\/\/oasisfm935.com.ar\/site\/wp-json\/wp\/v2\/posts\/4132","targetHints":{"allow":["GET"]}}],"collection":[{"href":"https:\/\/oasisfm935.com.ar\/site\/wp-json\/wp\/v2\/posts"}],"about":[{"href":"https:\/\/oasisfm935.com.ar\/site\/wp-json\/wp\/v2\/types\/post"}],"author":[{"embeddable":true,"href":"https:\/\/oasisfm935.com.ar\/site\/wp-json\/wp\/v2\/users\/4"}],"replies":[{"embeddable":true,"href":"https:\/\/oasisfm935.com.ar\/site\/wp-json\/wp\/v2\/comments?post=4132"}],"version-history":[{"count":1,"href":"https:\/\/oasisfm935.com.ar\/site\/wp-json\/wp\/v2\/posts\/4132\/revisions"}],"predecessor-version":[{"id":4134,"href":"https:\/\/oasisfm935.com.ar\/site\/wp-json\/wp\/v2\/posts\/4132\/revisions\/4134"}],"wp:featuredmedia":[{"embeddable":true,"href":"https:\/\/oasisfm935.com.ar\/site\/wp-json\/wp\/v2\/media\/4133"}],"wp:attachment":[{"href":"https:\/\/oasisfm935.com.ar\/site\/wp-json\/wp\/v2\/media?parent=4132"}],"wp:term":[{"taxonomy":"category","embeddable":true,"href":"https:\/\/oasisfm935.com.ar\/site\/wp-json\/wp\/v2\/categories?post=4132"},{"taxonomy":"post_tag","embeddable":true,"href":"https:\/\/oasisfm935.com.ar\/site\/wp-json\/wp\/v2\/tags?post=4132"}],"curies":[{"name":"wp","href":"https:\/\/api.w.org\/{rel}","templated":true}]}}