{"id":4135,"date":"2020-04-08T10:24:41","date_gmt":"2020-04-08T13:24:41","guid":{"rendered":"http:\/\/oasisfm935.com\/site\/?p=4135"},"modified":"2020-04-08T10:25:28","modified_gmt":"2020-04-08T13:25:28","slug":"campana-de-vacunacion-por-esta-semana-no-hay-vacunas-en-ingeniero-luiggi","status":"publish","type":"post","link":"https:\/\/oasisfm935.com.ar\/site\/campana-de-vacunacion-por-esta-semana-no-hay-vacunas-en-ingeniero-luiggi\/","title":{"rendered":"campa\u00f1a de vacunaci\u00f3n:  Por esta semana no hay vacunas en Ingeniero Luiggi ."},"content":{"rendered":"<p>\u00abEn esta semana no hay vacunas en la provincia\u00bb sostuvo Javier Moyano . Creo que sali\u00f3 por algunos medios; no estaban dando vacunas porque la provincia no tiene vacunas.<\/p>\n<p><em> Nosotros al perder una semana de vacunaci\u00f3n se decidi\u00f3 cambiar la estrategia, primero el lugar, el lugar va a ser en el predio del Hospital y la estrategia de la vacunaci\u00f3n, va a ser a partir de los 65 a\u00f1os como siempre sin distinci\u00f3n de obra social y sin distinci\u00f3n de terminaci\u00f3n de documento.; va a ser a todos, hasta donde d\u00e9 la cantidad de dosis que tengamos y vamos a sumar a los factores de riesgo, tambi\u00e9n de 2 a 64 a\u00f1os con orden medica de factor de riesgo y carnet de vacunaci\u00f3n del a\u00f1o anterior o sea carnet de vacunaci\u00f3n del a\u00f1o pasado y se va a ir vacunado a todos como vayan llegando\u00a0 hasta que se acabe la partida de dosis y as\u00ed todos los d\u00edas, los horarios son de 08:00 a 17:00 hs en el predio del Hospital.-<\/em><\/p>\n<div class=\"oasis-despues-del-contenido\" id=\"oasis-4100430177\"><img loading=\"lazy\" decoding=\"async\" src=\"https:\/\/oasisfm935.com.ar\/site\/wp-content\/uploads\/2020\/08\/47806202-8741-49f2-a5c9-d2f930e5baa1.jpg\" alt=\"\"  srcset=\"https:\/\/oasisfm935.com.ar\/site\/wp-content\/uploads\/2020\/08\/47806202-8741-49f2-a5c9-d2f930e5baa1.jpg 1080w, https:\/\/oasisfm935.com.ar\/site\/wp-content\/uploads\/2020\/08\/47806202-8741-49f2-a5c9-d2f930e5baa1-300x300.jpg 300w, https:\/\/oasisfm935.com.ar\/site\/wp-content\/uploads\/2020\/08\/47806202-8741-49f2-a5c9-d2f930e5baa1-1024x1024.jpg 1024w, https:\/\/oasisfm935.com.ar\/site\/wp-content\/uploads\/2020\/08\/47806202-8741-49f2-a5c9-d2f930e5baa1-150x150.jpg 150w, https:\/\/oasisfm935.com.ar\/site\/wp-content\/uploads\/2020\/08\/47806202-8741-49f2-a5c9-d2f930e5baa1-768x768.jpg 768w\" sizes=\"(max-width: 1080px) 100vw, 1080px\" class=\"no-lazyload\" width=\"1080\" height=\"1080\"  style=\"display: inline-block;\" \/><\/div>","protected":false},"excerpt":{"rendered":"<p>\u00abEn esta semana no hay vacunas en la provincia\u00bb sostuvo Javier Moyano . Creo que sali\u00f3 por algunos medios; no estaban dando<\/p>\n","protected":false},"author":4,"featured_media":4136,"comment_status":"closed","ping_status":"open","sticky":false,"template":"","format":"standard","meta":{"colormag_page_layout":"default_layout","footnotes":""},"categories":[2],"tags":[],"class_list":["post-4135","post","type-post","status-publish","format-standard","has-post-thumbnail","hentry","category-noticias"],"_links":{"self":[{"href":"https:\/\/oasisfm935.com.ar\/site\/wp-json\/wp\/v2\/posts\/4135","targetHints":{"allow":["GET"]}}],"collection":[{"href":"https:\/\/oasisfm935.com.ar\/site\/wp-json\/wp\/v2\/posts"}],"about":[{"href":"https:\/\/oasisfm935.com.ar\/site\/wp-json\/wp\/v2\/types\/post"}],"author":[{"embeddable":true,"href":"https:\/\/oasisfm935.com.ar\/site\/wp-json\/wp\/v2\/users\/4"}],"replies":[{"embeddable":true,"href":"https:\/\/oasisfm935.com.ar\/site\/wp-json\/wp\/v2\/comments?post=4135"}],"version-history":[{"count":1,"href":"https:\/\/oasisfm935.com.ar\/site\/wp-json\/wp\/v2\/posts\/4135\/revisions"}],"predecessor-version":[{"id":4137,"href":"https:\/\/oasisfm935.com.ar\/site\/wp-json\/wp\/v2\/posts\/4135\/revisions\/4137"}],"wp:featuredmedia":[{"embeddable":true,"href":"https:\/\/oasisfm935.com.ar\/site\/wp-json\/wp\/v2\/media\/4136"}],"wp:attachment":[{"href":"https:\/\/oasisfm935.com.ar\/site\/wp-json\/wp\/v2\/media?parent=4135"}],"wp:term":[{"taxonomy":"category","embeddable":true,"href":"https:\/\/oasisfm935.com.ar\/site\/wp-json\/wp\/v2\/categories?post=4135"},{"taxonomy":"post_tag","embeddable":true,"href":"https:\/\/oasisfm935.com.ar\/site\/wp-json\/wp\/v2\/tags?post=4135"}],"curies":[{"name":"wp","href":"https:\/\/api.w.org\/{rel}","templated":true}]}}