{"id":4138,"date":"2020-04-08T10:44:01","date_gmt":"2020-04-08T13:44:01","guid":{"rendered":"http:\/\/oasisfm935.com\/site\/?p=4138"},"modified":"2020-04-08T10:46:46","modified_gmt":"2020-04-08T13:46:46","slug":"dos-jovenes-de-luiggi-regresaron-desde-brasil-y-cumpliran-el-aislamiento-obligatorio","status":"publish","type":"post","link":"https:\/\/oasisfm935.com.ar\/site\/dos-jovenes-de-luiggi-regresaron-desde-brasil-y-cumpliran-el-aislamiento-obligatorio\/","title":{"rendered":"Dos j\u00f3venes de Luiggi regresaron desde Brasil y cumplir\u00e1n el aislamiento obligatorio"},"content":{"rendered":"<p>Se trata de dos j\u00f3venes que fueron a pasear y se quedaron trabajando en Brasil. Franco \u201cTato\u201d Fern\u00e1ndez viaj\u00f3 en el mes de diciembre y Agust\u00edn Nold lo hizo el 2 de marzo. Tras una larga odisea, una vez desatada la pandemia del Covid 19, finalmente el martes pudieron regresar a Ingeniero Luiggi.<\/p>\n<p>En el caso de \u201cTato\u201d Fern\u00e1ndez sali\u00f3 con un grupo de amigos rumbo a Florian\u00f3polis el\u00a0 12 de diciembre, fui con cinco amigos de San Rafael, Mendoza, tres de ellos se volvieron el 27 de diciembre y ese mismo d\u00eda con el otro chico que nos quedamos, que se llama Santiago, nos fuimos a vivir a un camping y conseguimos trabajo en un restaurante que la due\u00f1a era argentina.<\/p>\n<p>Tato cont\u00f3 a<strong>\u00a0Zonal Noticias<\/strong>\u00a0que \u201call\u00ed trabajamos dos meses y una semana, y despu\u00e9s decidimos hacer voluntariado en diferentes hostels, donde por medio de una aplicaci\u00f3n ellos te permiten hospedarte gratis y vos a cambio trabaj\u00e1s en limpieza, recepci\u00f3n, en lo que sea\u201d.<\/p>\n<p>\u201cDe Florian\u00f3polis nos fuimos a Paraty, \u00a0que es un lugar de R\u00edo de Janeiro, y all\u00ed ten\u00edamos tiempo para quedarnos dos semanas pero con esto de la pandemia, le preguntamos al due\u00f1o del hostel asique nos quedamos una semana m\u00e1s haciendo voluntariado ah\u00ed\u201d, explic\u00f3.<\/p>\n<p>\u201cNos quedamos una semana m\u00e1s pero ya se nos venc\u00eda la visa y nos ten\u00edamos que volver, y justo hab\u00edamos visto que abr\u00edan la frontera para venir para Argentina porque antes estaban cerradas, asique decidimos volver\u201d, explic\u00f3.<\/p>\n<p><img decoding=\"async\" src=\"https:\/\/scontent.frsa4-1.fna.fbcdn.net\/v\/t1.0-9\/p960x960\/87773144_476511489897245_2768242641454759936_o.jpg?_nc_cat=102&amp;_nc_sid=dd7718&amp;_nc_eui2=AeG0jXiTvSjLg5aEx4FasoZxzM5ltt__gn_MzmW23_-Cfw0OD5Odvt7qyakLpRwzOpU&amp;_nc_ohc=xkiUX1-LaJkAX9NyO4W&amp;_nc_ht=scontent.frsa4-1.fna&amp;_nc_tp=6&amp;oh=c13eb251bd184ab9957d186279240cc3&amp;oe=5EB2FBE2\" \/><\/p>\n<p><strong><u>Situaci\u00f3n en Brasil<\/u><\/strong><\/p>\n<p>El joven luiggense coment\u00f3 que la situaci\u00f3n en Brasil se estaba complicando por la decisi\u00f3n del propio presidente de no hacer cumplir la cuarentena obligatoria.<\/p>\n<p>\u201cIgualmente donde est\u00e1bamos nosotros no hab\u00eda ning\u00fan caso, y en R\u00edo de Janeiro estaban cumpliendo la cuarentena algunos, otros no, pero en San Pablo era un desastre porque la gente ah\u00ed no cumpl\u00eda el aislamiento\u201d, relat\u00f3.<\/p>\n<p>Fern\u00e1ndez cont\u00f3 que de Paraty fueron a R\u00edo de Janeiro que est\u00e1 a 350 kil\u00f3metros aproximadamente del centro.<\/p>\n<p><strong>\u201cNos fuimos en un auto privado de un amigo del due\u00f1o del hostel donde est\u00e1bamos, tardamos unas cuatro horas y cuando llegamos nos estaba esperando otro auto que nos consigui\u00f3 una amiga argentina para que nos lleve a la frontera argentina\u201d<\/strong>, expres\u00f3.<\/p>\n<p>\u201cTardamos 24 horas en llegar, hicimos 5 paradas en las cuales ten\u00edamos que bajar con el barbijo y sub\u00edamos nuevamente al veh\u00edculo, llegamos a la frontera de Uruguayana el domingo 5 a las 12 del mediod\u00eda\u201d, explic\u00f3 Tato.<\/p>\n<p>El luiggense coment\u00f3 que en la frontera les tomaron la fiebre y \u201ccomo no ten\u00edamos ning\u00fan s\u00edntoma, nos mandaron a completar los papeles para poder organizar los colectivos que sal\u00edan para Retiro, en Buenos Aires\u201d<\/p>\n<p>El joven coment\u00f3 a\u00a0<strong>Zonal Noticias<\/strong>\u00a0que a las 14 horas salieron rumbo a Retiro y tras unas 8 horas, al llegar all\u00ed nuevamente le tomaron la temperatura.<\/p>\n<p><strong>\u201cComo nadie de los que viajaba presentaba s\u00edntomas, dormimos en la terminal hasta el otro d\u00eda que sal\u00edan m\u00e1s colectivos\u201d<\/strong>, explic\u00f3.<\/p>\n<p>Tato cont\u00f3 que pasaron el lunes 6 en la terminal de Retiro, hasta que a la noche lleg\u00f3 un colectivo que hac\u00eda un recorrido que pasaba por La Pampa.<\/p>\n<p><img decoding=\"async\" src=\"https:\/\/www.zonalnoticias.com\/images\/agustin_y_tato_covid_7_de_abril.jpg\" \/><\/p>\n<p>Despu\u00e9s de 17 horas llegaron a Santa Rosa, all\u00ed bajaron, tres polic\u00edas les tomaron los datos, nos hicieron poner un barbijo y como \u201cten\u00edamos coordinado el regreso a Luiggi con la municipalidad, nos dejaron ir\u201d, coment\u00f3.<\/p>\n<p>Tato cont\u00f3 que al arribar a la localidad\u00a0 alrededor de las 20 horas del martes, \u201cestaba\u00a0 el comisario Leandro Ernst, una enfermera y el referente de Ambiente Alan Ruiz, esper\u00e1ndonos para darnos todas las medidas de precauci\u00f3n.<\/p>\n<p><strong>Los j\u00f3venes cumplir\u00e1n la cuarentena en el domicilio de Tato Fern\u00e1ndez, donde tomar\u00e1n todos los recaudos para no tomar contacto con nadie durante los pr\u00f3ximos d\u00edas.<\/strong><\/p>\n<p>\u201cNos dieron todas las indicaciones, barbijos, alcohol en gel, asique estamos muy agradecidos con todos\u201d, indic\u00f3 Tato.<\/p>\n<p>\u201cQueremos agradecer especialmente a la Municipalidad de Luiggi, que siempre estuvieron muy predispuestos a darnos una mano para poder regresar a nuestra localidad\u201d, concluyeron los j\u00f3venes en di\u00e1logo con Zonal Noticias anoche.<\/p>\n<p><img decoding=\"async\" src=\"https:\/\/www.zonalnoticias.com\/images\/logo-md.png\" alt=\"Zonal noticias\" \/><\/p>\n<div class=\"oasis-despues-del-contenido\" id=\"oasis-2503344603\"><img loading=\"lazy\" decoding=\"async\" src=\"https:\/\/oasisfm935.com.ar\/site\/wp-content\/uploads\/2020\/08\/47806202-8741-49f2-a5c9-d2f930e5baa1.jpg\" alt=\"\"  srcset=\"https:\/\/oasisfm935.com.ar\/site\/wp-content\/uploads\/2020\/08\/47806202-8741-49f2-a5c9-d2f930e5baa1.jpg 1080w, https:\/\/oasisfm935.com.ar\/site\/wp-content\/uploads\/2020\/08\/47806202-8741-49f2-a5c9-d2f930e5baa1-300x300.jpg 300w, https:\/\/oasisfm935.com.ar\/site\/wp-content\/uploads\/2020\/08\/47806202-8741-49f2-a5c9-d2f930e5baa1-1024x1024.jpg 1024w, https:\/\/oasisfm935.com.ar\/site\/wp-content\/uploads\/2020\/08\/47806202-8741-49f2-a5c9-d2f930e5baa1-150x150.jpg 150w, https:\/\/oasisfm935.com.ar\/site\/wp-content\/uploads\/2020\/08\/47806202-8741-49f2-a5c9-d2f930e5baa1-768x768.jpg 768w\" sizes=\"(max-width: 1080px) 100vw, 1080px\" class=\"no-lazyload\" width=\"1080\" height=\"1080\"  style=\"display: inline-block;\" \/><\/div>","protected":false},"excerpt":{"rendered":"<p>Se trata de dos j\u00f3venes que fueron a pasear y se quedaron trabajando en Brasil. Franco \u201cTato\u201d Fern\u00e1ndez viaj\u00f3 en el mes<\/p>\n","protected":false},"author":4,"featured_media":4139,"comment_status":"closed","ping_status":"open","sticky":false,"template":"","format":"standard","meta":{"colormag_page_layout":"default_layout","footnotes":""},"categories":[2],"tags":[],"class_list":["post-4138","post","type-post","status-publish","format-standard","has-post-thumbnail","hentry","category-noticias"],"_links":{"self":[{"href":"https:\/\/oasisfm935.com.ar\/site\/wp-json\/wp\/v2\/posts\/4138","targetHints":{"allow":["GET"]}}],"collection":[{"href":"https:\/\/oasisfm935.com.ar\/site\/wp-json\/wp\/v2\/posts"}],"about":[{"href":"https:\/\/oasisfm935.com.ar\/site\/wp-json\/wp\/v2\/types\/post"}],"author":[{"embeddable":true,"href":"https:\/\/oasisfm935.com.ar\/site\/wp-json\/wp\/v2\/users\/4"}],"replies":[{"embeddable":true,"href":"https:\/\/oasisfm935.com.ar\/site\/wp-json\/wp\/v2\/comments?post=4138"}],"version-history":[{"count":2,"href":"https:\/\/oasisfm935.com.ar\/site\/wp-json\/wp\/v2\/posts\/4138\/revisions"}],"predecessor-version":[{"id":4141,"href":"https:\/\/oasisfm935.com.ar\/site\/wp-json\/wp\/v2\/posts\/4138\/revisions\/4141"}],"wp:featuredmedia":[{"embeddable":true,"href":"https:\/\/oasisfm935.com.ar\/site\/wp-json\/wp\/v2\/media\/4139"}],"wp:attachment":[{"href":"https:\/\/oasisfm935.com.ar\/site\/wp-json\/wp\/v2\/media?parent=4138"}],"wp:term":[{"taxonomy":"category","embeddable":true,"href":"https:\/\/oasisfm935.com.ar\/site\/wp-json\/wp\/v2\/categories?post=4138"},{"taxonomy":"post_tag","embeddable":true,"href":"https:\/\/oasisfm935.com.ar\/site\/wp-json\/wp\/v2\/tags?post=4138"}],"curies":[{"name":"wp","href":"https:\/\/api.w.org\/{rel}","templated":true}]}}