{"id":4142,"date":"2020-04-08T18:00:56","date_gmt":"2020-04-08T21:00:56","guid":{"rendered":"http:\/\/oasisfm935.com\/site\/?p=4142"},"modified":"2020-04-08T18:06:39","modified_gmt":"2020-04-08T21:06:39","slug":"mas-demorados-por-incumplir-el-aislamiento-social-obligatorio","status":"publish","type":"post","link":"https:\/\/oasisfm935.com.ar\/site\/mas-demorados-por-incumplir-el-aislamiento-social-obligatorio\/","title":{"rendered":"Ingeniero Luiggi : Mas demorados por incumplir el aislamiento social obligatorio."},"content":{"rendered":"<p>En horas de la noche de ayer (07-04-2020) siendo horas 20:30, y luego otro a horas 20:50, se intercepto el paso de dos masculinos, uno en forma pedestre sobre calles Larrea e Hip\u00f3lito Irigoyen, en tanto que el restante se desplazaba en una bicicleta tipo todo terreno por calles Sarmiento y Castelli, cuando fueron interceptados por el personal policial que efectuaba sus habituales recorridas.<\/p>\n<blockquote><p>Ambos sujetos no manifestaron un motivo que justifique estar en la v\u00eda p\u00fablica, por lo cual fueron demorados y trasladados a la dependencia Policial, por esta violando el aislamiento social, preventivo y obligatorio. Por ello se les iniciaron las actuaciones judiciales respectivas por \u201cS\/INFRACCION ARTICULOS 205 Y 239 DEL CODIGO PENAL\u201d, correspondientes con intervenci\u00f3n de la Fiscal\u00eda General a cargo del Dr. Armando AG\u00dcERO, de la Segunda Circunscripci\u00f3n Judicial de la Provincia de La Pampa, con asiento en la ciudad de General Pico.<\/p>\n<p><a href=\"http:\/\/oasisfm935.com\/site\/wp-content\/uploads\/2020\/04\/fadf38d6-0757-49f2-a5a3-a68dc2d894cb.jpg\"><img loading=\"lazy\" decoding=\"async\" class=\"alignnone size-full wp-image-4145\" src=\"http:\/\/oasisfm935.com\/site\/wp-content\/uploads\/2020\/04\/fadf38d6-0757-49f2-a5a3-a68dc2d894cb.jpg\" alt=\"\" width=\"1032\" height=\"774\" srcset=\"https:\/\/oasisfm935.com.ar\/site\/wp-content\/uploads\/2020\/04\/fadf38d6-0757-49f2-a5a3-a68dc2d894cb.jpg 1032w, https:\/\/oasisfm935.com.ar\/site\/wp-content\/uploads\/2020\/04\/fadf38d6-0757-49f2-a5a3-a68dc2d894cb-300x225.jpg 300w, https:\/\/oasisfm935.com.ar\/site\/wp-content\/uploads\/2020\/04\/fadf38d6-0757-49f2-a5a3-a68dc2d894cb-1024x768.jpg 1024w, https:\/\/oasisfm935.com.ar\/site\/wp-content\/uploads\/2020\/04\/fadf38d6-0757-49f2-a5a3-a68dc2d894cb-768x576.jpg 768w, https:\/\/oasisfm935.com.ar\/site\/wp-content\/uploads\/2020\/04\/fadf38d6-0757-49f2-a5a3-a68dc2d894cb-678x509.jpg 678w, https:\/\/oasisfm935.com.ar\/site\/wp-content\/uploads\/2020\/04\/fadf38d6-0757-49f2-a5a3-a68dc2d894cb-326x245.jpg 326w, https:\/\/oasisfm935.com.ar\/site\/wp-content\/uploads\/2020\/04\/fadf38d6-0757-49f2-a5a3-a68dc2d894cb-80x60.jpg 80w\" sizes=\"auto, (max-width: 1032px) 100vw, 1032px\" \/><\/a><\/p><\/blockquote>\n<p>&nbsp;<\/p>\n<p>Un hecho similar aconteci\u00f3 el d\u00eda 06-04-2020 a horas 20:20 cuando se identific\u00f3 sobre calles Castelli e Irigoyen a un sujeto masculino, mayor de edad, desplaz\u00e1ndose en su bicicleta, el cual manifest\u00f3 estar dirigi\u00e9ndose a la casa de un conocido.<\/p>\n<p>&nbsp;<\/p>\n<p><a href=\"http:\/\/oasisfm935.com\/site\/wp-content\/uploads\/2020\/04\/16c02454-9cba-4649-868a-b3c2752c930b.jpg\"><img loading=\"lazy\" decoding=\"async\" class=\"alignnone size-full wp-image-4146\" src=\"http:\/\/oasisfm935.com\/site\/wp-content\/uploads\/2020\/04\/16c02454-9cba-4649-868a-b3c2752c930b.jpg\" alt=\"\" width=\"1032\" height=\"774\" srcset=\"https:\/\/oasisfm935.com.ar\/site\/wp-content\/uploads\/2020\/04\/16c02454-9cba-4649-868a-b3c2752c930b.jpg 1032w, https:\/\/oasisfm935.com.ar\/site\/wp-content\/uploads\/2020\/04\/16c02454-9cba-4649-868a-b3c2752c930b-300x225.jpg 300w, https:\/\/oasisfm935.com.ar\/site\/wp-content\/uploads\/2020\/04\/16c02454-9cba-4649-868a-b3c2752c930b-1024x768.jpg 1024w, https:\/\/oasisfm935.com.ar\/site\/wp-content\/uploads\/2020\/04\/16c02454-9cba-4649-868a-b3c2752c930b-768x576.jpg 768w, https:\/\/oasisfm935.com.ar\/site\/wp-content\/uploads\/2020\/04\/16c02454-9cba-4649-868a-b3c2752c930b-678x509.jpg 678w, https:\/\/oasisfm935.com.ar\/site\/wp-content\/uploads\/2020\/04\/16c02454-9cba-4649-868a-b3c2752c930b-326x245.jpg 326w, https:\/\/oasisfm935.com.ar\/site\/wp-content\/uploads\/2020\/04\/16c02454-9cba-4649-868a-b3c2752c930b-80x60.jpg 80w\" sizes=\"auto, (max-width: 1032px) 100vw, 1032px\" \/><\/a><\/p>\n<blockquote><p>Tambi\u00e9n fue demorado y trasladado a la Dependencia Policial local, donde se le dieron inici\u00f3 a las respectivas actuaciones judiciales por \u201cS\/INFRACCI\u00d3N ART\u00cdCULOS 205 Y 239 DEL C\u00d3DIGO PENAL\u201d, con intervenci\u00f3n de la Fiscal\u00eda Piquense.<\/p>\n<p>En ambos casos las bicicletas en las que se desplazaban los imputados, fueron secuestradas y permanecen en ese estado en sede policial.-<\/p>\n<p>&nbsp;<\/p><\/blockquote>\n<div class=\"oasis-despues-del-contenido\" id=\"oasis-3484857154\"><img loading=\"lazy\" decoding=\"async\" src=\"https:\/\/oasisfm935.com.ar\/site\/wp-content\/uploads\/2020\/08\/47806202-8741-49f2-a5c9-d2f930e5baa1.jpg\" alt=\"\"  srcset=\"https:\/\/oasisfm935.com.ar\/site\/wp-content\/uploads\/2020\/08\/47806202-8741-49f2-a5c9-d2f930e5baa1.jpg 1080w, https:\/\/oasisfm935.com.ar\/site\/wp-content\/uploads\/2020\/08\/47806202-8741-49f2-a5c9-d2f930e5baa1-300x300.jpg 300w, https:\/\/oasisfm935.com.ar\/site\/wp-content\/uploads\/2020\/08\/47806202-8741-49f2-a5c9-d2f930e5baa1-1024x1024.jpg 1024w, https:\/\/oasisfm935.com.ar\/site\/wp-content\/uploads\/2020\/08\/47806202-8741-49f2-a5c9-d2f930e5baa1-150x150.jpg 150w, https:\/\/oasisfm935.com.ar\/site\/wp-content\/uploads\/2020\/08\/47806202-8741-49f2-a5c9-d2f930e5baa1-768x768.jpg 768w\" sizes=\"(max-width: 1080px) 100vw, 1080px\" class=\"no-lazyload\" width=\"1080\" height=\"1080\"  style=\"display: inline-block;\" \/><\/div>","protected":false},"excerpt":{"rendered":"<p>En horas de la noche de ayer (07-04-2020) siendo horas 20:30, y luego otro a horas 20:50, se intercepto el paso de<\/p>\n","protected":false},"author":4,"featured_media":4149,"comment_status":"closed","ping_status":"open","sticky":false,"template":"","format":"standard","meta":{"colormag_page_layout":"default_layout","footnotes":""},"categories":[2],"tags":[],"class_list":["post-4142","post","type-post","status-publish","format-standard","has-post-thumbnail","hentry","category-noticias"],"_links":{"self":[{"href":"https:\/\/oasisfm935.com.ar\/site\/wp-json\/wp\/v2\/posts\/4142","targetHints":{"allow":["GET"]}}],"collection":[{"href":"https:\/\/oasisfm935.com.ar\/site\/wp-json\/wp\/v2\/posts"}],"about":[{"href":"https:\/\/oasisfm935.com.ar\/site\/wp-json\/wp\/v2\/types\/post"}],"author":[{"embeddable":true,"href":"https:\/\/oasisfm935.com.ar\/site\/wp-json\/wp\/v2\/users\/4"}],"replies":[{"embeddable":true,"href":"https:\/\/oasisfm935.com.ar\/site\/wp-json\/wp\/v2\/comments?post=4142"}],"version-history":[{"count":6,"href":"https:\/\/oasisfm935.com.ar\/site\/wp-json\/wp\/v2\/posts\/4142\/revisions"}],"predecessor-version":[{"id":4153,"href":"https:\/\/oasisfm935.com.ar\/site\/wp-json\/wp\/v2\/posts\/4142\/revisions\/4153"}],"wp:featuredmedia":[{"embeddable":true,"href":"https:\/\/oasisfm935.com.ar\/site\/wp-json\/wp\/v2\/media\/4149"}],"wp:attachment":[{"href":"https:\/\/oasisfm935.com.ar\/site\/wp-json\/wp\/v2\/media?parent=4142"}],"wp:term":[{"taxonomy":"category","embeddable":true,"href":"https:\/\/oasisfm935.com.ar\/site\/wp-json\/wp\/v2\/categories?post=4142"},{"taxonomy":"post_tag","embeddable":true,"href":"https:\/\/oasisfm935.com.ar\/site\/wp-json\/wp\/v2\/tags?post=4142"}],"curies":[{"name":"wp","href":"https:\/\/api.w.org\/{rel}","templated":true}]}}