{"id":4158,"date":"2020-04-09T09:27:20","date_gmt":"2020-04-09T12:27:20","guid":{"rendered":"http:\/\/oasisfm935.com\/site\/?p=4158"},"modified":"2020-04-09T09:29:30","modified_gmt":"2020-04-09T12:29:30","slug":"ingeniero-luiggi-patricia-lavin-se-cumplieron-todos-los-pasos-epidemiologicos","status":"publish","type":"post","link":"https:\/\/oasisfm935.com.ar\/site\/ingeniero-luiggi-patricia-lavin-se-cumplieron-todos-los-pasos-epidemiologicos\/","title":{"rendered":"Ingeniero Luiggi : Patricia Lavin  \u00abSe cumplieron todos los pasos epidemiol\u00f3gicos\u00bb"},"content":{"rendered":"<p>La intendenta de la localidad, Patricia Lav\u00edn, ayer asegur\u00f3 que los vecinos luiggenses \u00abno deber\u00edan estar preocupados\u00bb porque el proceso de repatriaci\u00f3n de los j\u00f3venes se concret\u00f3 \u00abresponsablemente\u00bb y \u00abcumpliendo todos los pasos epidemiol\u00f3gicos\u00bb establecidos por las carteras sanitarias de Naci\u00f3n y La Pampa.<\/p>\n<p>Explic\u00f3 que los j\u00f3venes viajaron antes que explotara la epidemia del coronavirus. El regreso incluy\u00f3 dos controles sanitarios establecidos por el Ministerio de Salud de Naci\u00f3n.<br \/>\n\u00abCon las familias de los j\u00f3venes ven\u00edamos trabajando en el procedimiento de retorno y esto estuvo en consideraci\u00f3n con los m\u00e9dicos del hospital, con la polic\u00eda y con las \u00e1reas municipales\u00bb, detall\u00f3.<\/p>\n<p>La jefa comunal explic\u00f3 que el municipio cuenta con una enfermera que est\u00e1 realizando el seguimiento de personas que viajaron al exterior o provincias con circulaci\u00f3n de coronavirus. Y ser\u00e1 la encargada de hacer el monitoreo y control sanitario de los j\u00f3venes.<\/p>\n<p>No hay nada que indique que no cumplir\u00e1n la cuarentena, y si tenemos que actuar por incumplimiento no habr\u00e1 problemas, porque desde el municipio y la polic\u00eda ya saben como proceder\u00bb, asegur\u00f3. \u00abHoy esta todo organizado para que no haya inconvenientes\u00bb, destac\u00f3.<br \/>\n-Lav\u00edn, en las \u00faltimas jornadas, en distintos puntos del pa\u00eds se pueden observar casos de estigmatizaci\u00f3n hacia los pacientes y hasta con los profesionales de la salud.<\/p>\n<p>&nbsp;<\/p>\n<p>S\u00ed. Tenemos que tener cuidado y cumplir con todos los protocolos que establecen Naci\u00f3n y el gobierno provincial. El Gobierno de La Pampa trabaja para dar cobertura y cumplir con los protocolos. Pero, no hay que estigmatizar. Son j\u00f3venes de Ingeniero Luiggi, y nosotros nos haremos cargo del seguimiento en su \u00e1mbito, ellos que hagan el aislamiento y ante cualquier duda sabemos como proceder porque tenemos directivas claras.<\/p>\n<p>&nbsp;<\/p>\n<p>fuente del diario la arena<\/p>\n<div class=\"oasis-despues-del-contenido\" id=\"oasis-1495078427\"><img loading=\"lazy\" decoding=\"async\" src=\"https:\/\/oasisfm935.com.ar\/site\/wp-content\/uploads\/2020\/08\/47806202-8741-49f2-a5c9-d2f930e5baa1.jpg\" alt=\"\"  srcset=\"https:\/\/oasisfm935.com.ar\/site\/wp-content\/uploads\/2020\/08\/47806202-8741-49f2-a5c9-d2f930e5baa1.jpg 1080w, https:\/\/oasisfm935.com.ar\/site\/wp-content\/uploads\/2020\/08\/47806202-8741-49f2-a5c9-d2f930e5baa1-300x300.jpg 300w, https:\/\/oasisfm935.com.ar\/site\/wp-content\/uploads\/2020\/08\/47806202-8741-49f2-a5c9-d2f930e5baa1-1024x1024.jpg 1024w, https:\/\/oasisfm935.com.ar\/site\/wp-content\/uploads\/2020\/08\/47806202-8741-49f2-a5c9-d2f930e5baa1-150x150.jpg 150w, https:\/\/oasisfm935.com.ar\/site\/wp-content\/uploads\/2020\/08\/47806202-8741-49f2-a5c9-d2f930e5baa1-768x768.jpg 768w\" sizes=\"(max-width: 1080px) 100vw, 1080px\" class=\"no-lazyload\" width=\"1080\" height=\"1080\"  style=\"display: inline-block;\" \/><\/div>","protected":false},"excerpt":{"rendered":"<p>La intendenta de la localidad, Patricia Lav\u00edn, ayer asegur\u00f3 que los vecinos luiggenses \u00abno deber\u00edan estar preocupados\u00bb porque el proceso de repatriaci\u00f3n<\/p>\n","protected":false},"author":4,"featured_media":4159,"comment_status":"closed","ping_status":"open","sticky":false,"template":"","format":"standard","meta":{"colormag_page_layout":"default_layout","footnotes":""},"categories":[2],"tags":[],"class_list":["post-4158","post","type-post","status-publish","format-standard","has-post-thumbnail","hentry","category-noticias"],"_links":{"self":[{"href":"https:\/\/oasisfm935.com.ar\/site\/wp-json\/wp\/v2\/posts\/4158","targetHints":{"allow":["GET"]}}],"collection":[{"href":"https:\/\/oasisfm935.com.ar\/site\/wp-json\/wp\/v2\/posts"}],"about":[{"href":"https:\/\/oasisfm935.com.ar\/site\/wp-json\/wp\/v2\/types\/post"}],"author":[{"embeddable":true,"href":"https:\/\/oasisfm935.com.ar\/site\/wp-json\/wp\/v2\/users\/4"}],"replies":[{"embeddable":true,"href":"https:\/\/oasisfm935.com.ar\/site\/wp-json\/wp\/v2\/comments?post=4158"}],"version-history":[{"count":2,"href":"https:\/\/oasisfm935.com.ar\/site\/wp-json\/wp\/v2\/posts\/4158\/revisions"}],"predecessor-version":[{"id":4161,"href":"https:\/\/oasisfm935.com.ar\/site\/wp-json\/wp\/v2\/posts\/4158\/revisions\/4161"}],"wp:featuredmedia":[{"embeddable":true,"href":"https:\/\/oasisfm935.com.ar\/site\/wp-json\/wp\/v2\/media\/4159"}],"wp:attachment":[{"href":"https:\/\/oasisfm935.com.ar\/site\/wp-json\/wp\/v2\/media?parent=4158"}],"wp:term":[{"taxonomy":"category","embeddable":true,"href":"https:\/\/oasisfm935.com.ar\/site\/wp-json\/wp\/v2\/categories?post=4158"},{"taxonomy":"post_tag","embeddable":true,"href":"https:\/\/oasisfm935.com.ar\/site\/wp-json\/wp\/v2\/tags?post=4158"}],"curies":[{"name":"wp","href":"https:\/\/api.w.org\/{rel}","templated":true}]}}