{"id":416,"date":"2019-01-21T19:48:46","date_gmt":"2019-01-21T22:48:46","guid":{"rendered":"http:\/\/oasisfm935.com\/site\/?p=416"},"modified":"2019-01-21T19:48:46","modified_gmt":"2019-01-21T22:48:46","slug":"ing-luiggi-cerro-otra-exitosa-fiesta-del-caballo-y-la-tradicion-conoce-los-ganadores-de-la-jineteada","status":"publish","type":"post","link":"https:\/\/oasisfm935.com.ar\/site\/ing-luiggi-cerro-otra-exitosa-fiesta-del-caballo-y-la-tradicion-conoce-los-ganadores-de-la-jineteada\/","title":{"rendered":"Ing Luiggi cerr\u00f3 otra exitosa Fiesta del Caballo y la Tradici\u00f3n: conoc\u00e9 los ganadores de la jineteada"},"content":{"rendered":"<div class=\"itemIntroText\">\n<p>En la noche del domingo y tras cuatro jornadas consecutivas de buen folklore y un gran espect\u00e1culo de jineteada, finaliz\u00f3 la 47\u00ba edici\u00f3n de la Fiesta Nacional del Caballo y la Tradici\u00f3n en Ingeniero Luiggi.<\/p>\n<\/div>\n<div class=\"itemFullText\">\n<p>En la jornada del domingo, el espect\u00e1culo comenz\u00f3 pasadas las 19 en el campo de jineteada Don Reinaldo Urrute.<\/p>\n<blockquote><p><strong>All\u00ed se llev\u00f3 adelante el broche de oro de petisos, la final en grupa y bastos con encimera.<\/strong><\/p><\/blockquote>\n<p><strong>Ganadores<\/strong><\/p>\n<blockquote><p>En rueda libre de petisos menores, que se desarroll\u00f3 en la noche del viernes,\u00a0<strong>el jinete\u00a0 Jos\u00e9 Herrero de Parera se llev\u00f3 el primer puesto<\/strong>, el segundo fue para Ivan Fern\u00e1ndez de Olavarr\u00eda y el tercer premio para Franco Castillo.<\/p>\n<p>En categor\u00eda\u00a0<strong>grupa libre del d\u00eda viernes<\/strong>, el primer premio\u00a0<strong>se lo llev\u00f3 Efra\u00edn Dominguez de Quetrequ\u00e9n<\/strong>, el segundo puesto fue para el local Lautaro G\u00f3mez, y el tercero para Agustin Blanco.<\/p>\n<p><a href=\"http:\/\/oasisfm935.com\/site\/wp-content\/uploads\/2019\/01\/2.jpg\"><img loading=\"lazy\" decoding=\"async\" class=\"alignnone size-full wp-image-418\" src=\"http:\/\/oasisfm935.com\/site\/wp-content\/uploads\/2019\/01\/2.jpg\" alt=\"\" width=\"700\" height=\"400\" srcset=\"https:\/\/oasisfm935.com.ar\/site\/wp-content\/uploads\/2019\/01\/2.jpg 700w, https:\/\/oasisfm935.com.ar\/site\/wp-content\/uploads\/2019\/01\/2-300x171.jpg 300w\" sizes=\"auto, (max-width: 700px) 100vw, 700px\" \/><\/a><\/p>\n<blockquote><p>(Jos\u00e9 Herrero de Parera y Efr\u00e1in Dominguez de Quetrequ\u00e9n)<\/p>\n<hr \/>\n<\/blockquote>\n<p><strong>Broche de oro<\/strong><\/p>\n<blockquote><p><strong>En el broche de oro en grupa, el ganador fue Cristian Garay de Olavarr\u00eda,<\/strong>\u00a0el segundo puesto \u00a0fue para Luis Pr\u00e1tula de Tres Arroyos,el \u00a0tercer premio fue para Pipo Quinteros de Jovita y el cuarto puesto \u00a0para Joaquin Savala.<\/p><\/blockquote>\n<blockquote><p><strong>En el broche de oro de petisos de 13\u00a0 a 15 a\u00f1os,<\/strong>\u00a0el primer premio se lo llev\u00f3 \u00a0Mart\u00edn de Los R\u00edos, de las Perdices, y el segundo premio fue para Milton Bravo de General Pico.<\/p>\n<p><strong>En la final de \u00a0crinas el campe\u00f3n fue Felix Garro de General Acha<\/strong>, el segundo lugar fue para Fausto Iglesias de Coronel Vidal, tercer puesto fue para Juli\u00e1n Bonetto de Loyola,\u00a0 el cuarto premio se lo llev\u00f3 Patricio G\u00f3mez de Macachin.<\/p><\/blockquote>\n<p><strong>El premio mayor de la final en bastos con encimera fue para Lucas Bustamante de Santa Rosa,<\/strong>\u00a0el segundo lugar se lo llev\u00f3 Martin Malmorris, el tercer premio se lo llev\u00f3 Facundo Pr\u00e1tula de Dorrego, el cuarto lugar fue para Juan Pedro Gasparini, el quinto lugar fue para \u00a0Luis Aguirre de Tres Algarrobos, el sexto premio fue para H\u00e9ctor Galeano de General Madariaga,<\/p>\n<blockquote><p>La tradicional jineteada cont\u00f3 con la animaci\u00f3n del legendario Jorge Alberto Socodatto, \u201cTopo\u201dLauda, \u00a0Pedro Sauvidet, el Indio Pampa y la animaci\u00f3n del payador \u00a0Joaquin Chiavarino.<\/p>\n<hr \/>\n<\/blockquote>\n<p><strong>Show musical<\/strong><\/p>\n<p>En la \u00faltima noche, adem\u00e1s de la espectacular jineteada en el campo de doma Reinaldo Urrute, en el escenario Hern\u00e1n Figueroa Reyes actuaron\u00a0<strong>Juli\u00e1n Burgos y sus mariachis, Los Parranderos<\/strong>\u00a0<strong>del R\u00edo V con su m\u00fasica chamamecera.<\/strong><\/p>\n<blockquote><p><strong>Adem\u00e1s se presentaron sobre el escenario mayor Los Guaran\u00edes\u00a0\u00a0<\/strong>y el conjunto santarrose\u00f1o\u00a0<strong>Los Caldenes<\/strong>, que interpretaron un variado repertorio del cancionero popular, ante el p\u00fablico presente.<\/p><\/blockquote>\n<p><strong>Los integrantes de la comisi\u00f3n directiva del club Costa Brava\u00a0 agradecieron el apoyo del p\u00fablico de la regi\u00f3n, en esta 47\u00ba edici\u00f3n de la Fiesta Nacional del Caballo y la Tradici\u00f3n que culmin\u00f3 tras cuatro noches consecutivas de buen folklore y jineteada.<\/strong><\/p>\n<p><a href=\"http:\/\/oasisfm935.com\/site\/wp-content\/uploads\/2019\/01\/3.jpg\"><img loading=\"lazy\" decoding=\"async\" class=\"alignnone size-full wp-image-419\" src=\"http:\/\/oasisfm935.com\/site\/wp-content\/uploads\/2019\/01\/3.jpg\" alt=\"\" width=\"1280\" height=\"960\" srcset=\"https:\/\/oasisfm935.com.ar\/site\/wp-content\/uploads\/2019\/01\/3.jpg 1280w, https:\/\/oasisfm935.com.ar\/site\/wp-content\/uploads\/2019\/01\/3-300x225.jpg 300w, https:\/\/oasisfm935.com.ar\/site\/wp-content\/uploads\/2019\/01\/3-768x576.jpg 768w, https:\/\/oasisfm935.com.ar\/site\/wp-content\/uploads\/2019\/01\/3-1024x768.jpg 1024w, https:\/\/oasisfm935.com.ar\/site\/wp-content\/uploads\/2019\/01\/3-678x509.jpg 678w, https:\/\/oasisfm935.com.ar\/site\/wp-content\/uploads\/2019\/01\/3-326x245.jpg 326w, https:\/\/oasisfm935.com.ar\/site\/wp-content\/uploads\/2019\/01\/3-80x60.jpg 80w\" sizes=\"auto, (max-width: 1280px) 100vw, 1280px\" \/><\/a><\/p>\n<p>Fuente: Zonal Noticias<\/p>\n<p>&nbsp;<\/p><\/blockquote>\n<\/div>\n<div class=\"oasis-despues-del-contenido\" id=\"oasis-357414571\"><img loading=\"lazy\" decoding=\"async\" src=\"https:\/\/oasisfm935.com.ar\/site\/wp-content\/uploads\/2020\/08\/47806202-8741-49f2-a5c9-d2f930e5baa1.jpg\" alt=\"\"  srcset=\"https:\/\/oasisfm935.com.ar\/site\/wp-content\/uploads\/2020\/08\/47806202-8741-49f2-a5c9-d2f930e5baa1.jpg 1080w, https:\/\/oasisfm935.com.ar\/site\/wp-content\/uploads\/2020\/08\/47806202-8741-49f2-a5c9-d2f930e5baa1-300x300.jpg 300w, https:\/\/oasisfm935.com.ar\/site\/wp-content\/uploads\/2020\/08\/47806202-8741-49f2-a5c9-d2f930e5baa1-1024x1024.jpg 1024w, https:\/\/oasisfm935.com.ar\/site\/wp-content\/uploads\/2020\/08\/47806202-8741-49f2-a5c9-d2f930e5baa1-150x150.jpg 150w, https:\/\/oasisfm935.com.ar\/site\/wp-content\/uploads\/2020\/08\/47806202-8741-49f2-a5c9-d2f930e5baa1-768x768.jpg 768w\" sizes=\"(max-width: 1080px) 100vw, 1080px\" class=\"no-lazyload\" width=\"1080\" height=\"1080\"  style=\"display: inline-block;\" \/><\/div>","protected":false},"excerpt":{"rendered":"<p>En la noche del domingo y tras cuatro jornadas consecutivas de buen folklore y un gran espect\u00e1culo de jineteada, finaliz\u00f3 la 47\u00ba<\/p>\n","protected":false},"author":4,"featured_media":417,"comment_status":"closed","ping_status":"open","sticky":false,"template":"","format":"standard","meta":{"colormag_page_layout":"default_layout","footnotes":""},"categories":[2],"tags":[],"class_list":["post-416","post","type-post","status-publish","format-standard","has-post-thumbnail","hentry","category-noticias"],"_links":{"self":[{"href":"https:\/\/oasisfm935.com.ar\/site\/wp-json\/wp\/v2\/posts\/416","targetHints":{"allow":["GET"]}}],"collection":[{"href":"https:\/\/oasisfm935.com.ar\/site\/wp-json\/wp\/v2\/posts"}],"about":[{"href":"https:\/\/oasisfm935.com.ar\/site\/wp-json\/wp\/v2\/types\/post"}],"author":[{"embeddable":true,"href":"https:\/\/oasisfm935.com.ar\/site\/wp-json\/wp\/v2\/users\/4"}],"replies":[{"embeddable":true,"href":"https:\/\/oasisfm935.com.ar\/site\/wp-json\/wp\/v2\/comments?post=416"}],"version-history":[{"count":1,"href":"https:\/\/oasisfm935.com.ar\/site\/wp-json\/wp\/v2\/posts\/416\/revisions"}],"predecessor-version":[{"id":420,"href":"https:\/\/oasisfm935.com.ar\/site\/wp-json\/wp\/v2\/posts\/416\/revisions\/420"}],"wp:featuredmedia":[{"embeddable":true,"href":"https:\/\/oasisfm935.com.ar\/site\/wp-json\/wp\/v2\/media\/417"}],"wp:attachment":[{"href":"https:\/\/oasisfm935.com.ar\/site\/wp-json\/wp\/v2\/media?parent=416"}],"wp:term":[{"taxonomy":"category","embeddable":true,"href":"https:\/\/oasisfm935.com.ar\/site\/wp-json\/wp\/v2\/categories?post=416"},{"taxonomy":"post_tag","embeddable":true,"href":"https:\/\/oasisfm935.com.ar\/site\/wp-json\/wp\/v2\/tags?post=416"}],"curies":[{"name":"wp","href":"https:\/\/api.w.org\/{rel}","templated":true}]}}