{"id":4164,"date":"2020-04-10T18:52:15","date_gmt":"2020-04-10T21:52:15","guid":{"rendered":"http:\/\/oasisfm935.com\/site\/?p=4164"},"modified":"2020-04-10T18:52:15","modified_gmt":"2020-04-10T21:52:15","slug":"ingeniero-luiggi-mas-gente-sigue-infringiendo-el-aislamiento","status":"publish","type":"post","link":"https:\/\/oasisfm935.com.ar\/site\/ingeniero-luiggi-mas-gente-sigue-infringiendo-el-aislamiento\/","title":{"rendered":"INGENIERO LUIGGI  : MAS GENTE SIGUE INFRINGIENDO EL AISLAMIENTO ."},"content":{"rendered":"<p>En horas de la tarde de ayer (09-04-2020) pasadas la hora 18:00, personal policial a cargo del Jefe de la Comisar\u00eda Local, Comisario Leandro ERNST, intercepto el paso de dos masculinos, ambos caminando por la calles Castelli y Alberdi.<\/p>\n<blockquote><p>\u00a0 \u00a0 \u00a0 \u00a0 \u00a0 \u00a0 \u00a0 \u00a0 \u00a0 \u00a0 \u00a0 \u00a0 \u00a0 \u00a0 \u00a0 \u00a0 \u00a0 \u00a0 \u00a0 \u00a0 \u00a0 \u00a0 Cuando los mismos fueron abordados por los uniformados, manifestaron venir de la casa de un amigo, no siendo justificativo para estar violando el \u201caislamiento social, preventivo y obligatorio\u201d, dispuesto por el Decreto PRESIDENCIAL Nro. 297\/20.-<\/p>\n<p>Ambos sujetos fueron demorados y trasladados a la dependencia Policial, dando inicio a las respectivas actuaciones por \u201cS\/INFRACCI\u00d3N ART\u00cdCULOS 205 Y 239 DEL C\u00d3DIGO PENAL\u201d, correspondientes con intervenci\u00f3n de la Fiscal\u00eda General a cargo del Dr. Armando AG\u00dcERO, de la Segunda Circunscripci\u00f3n Judicial de la Provincia de La Pampa, con asiento en la ciudad de General Pico.<\/p>\n<p>Estos dos j\u00f3venes resultaron ser reincidentes para este tipo de delitos, ya que hab\u00edan sido notificados en una oportunidad el d\u00eda 21 del mes pasado, tambi\u00e9n por estar violando la cuarentena.<\/p><\/blockquote>\n<p>Por tal motivo es que pasaron a quedar detenidos, hasta horas de la ma\u00f1ana de la fecha, donde mediante el nuevo sistema que se empez\u00f3 a implementar en la fecha mediante la aplicaci\u00f3n ZOOM (conferencia por video llamadas), ambos imputados fueron formalizados en una audiencia de la cual participaron el Juez de Ejecuci\u00f3n Penal Diego ABROGHETTI, el Fiscal Dr. Guillermo KOMAROFKY y el Defensor Oficial Dr. VACCARO, como as\u00ed personal de la Oficina Judicial de General Pico siendo \u00e9sta \u00faltima quien coordino la audiencia. A los mismos se les imputo la medida sustitutiva de ARRESTO DOMICILIARIO, con controles policiales peri\u00f3dicos y sorpresivos.-<\/p>\n<p>&nbsp;<\/p>\n<p><strong>Un hecho similar sucedi\u00f3 tambi\u00e9n en horas de la madrugada de ayer, alrededor de horas 00:20 de la fecha<\/strong><\/p>\n<p><em>cuando la polic\u00eda local identific\u00f3 sobre calles Irigoyen y Pasaje Moreno, a una pareja, adultos mayores (ambos mas de 50 a\u00f1os) caminando por la v\u00eda p\u00fablica sin una justificaci\u00f3n que amerite el quebrantamiento de la cuarentena obligatoria. <\/em><\/p>\n<p><em>Tambi\u00e9n ambos fueron demorados y trasladados a la Dependencia Policial local, donde se le dieron inici\u00f3 a las respectivas actuaciones judiciales por \u201cS\/INFRACCI\u00d3N ART\u00cdCULOS\u00a0205 Y 239 DEL C\u00d3DIGO\u00a0PENAL\u201d, con intervenci\u00f3n de la Fiscal\u00eda Piquense.<\/em><\/p>\n<p>&nbsp;<\/p>\n<p>&nbsp;<\/p>\n<p>&nbsp;<\/p>\n<p>&#8211;<\/p>\n<div class=\"oasis-despues-del-contenido\" id=\"oasis-1212575024\"><img loading=\"lazy\" decoding=\"async\" src=\"https:\/\/oasisfm935.com.ar\/site\/wp-content\/uploads\/2020\/08\/47806202-8741-49f2-a5c9-d2f930e5baa1.jpg\" alt=\"\"  srcset=\"https:\/\/oasisfm935.com.ar\/site\/wp-content\/uploads\/2020\/08\/47806202-8741-49f2-a5c9-d2f930e5baa1.jpg 1080w, https:\/\/oasisfm935.com.ar\/site\/wp-content\/uploads\/2020\/08\/47806202-8741-49f2-a5c9-d2f930e5baa1-300x300.jpg 300w, https:\/\/oasisfm935.com.ar\/site\/wp-content\/uploads\/2020\/08\/47806202-8741-49f2-a5c9-d2f930e5baa1-1024x1024.jpg 1024w, https:\/\/oasisfm935.com.ar\/site\/wp-content\/uploads\/2020\/08\/47806202-8741-49f2-a5c9-d2f930e5baa1-150x150.jpg 150w, https:\/\/oasisfm935.com.ar\/site\/wp-content\/uploads\/2020\/08\/47806202-8741-49f2-a5c9-d2f930e5baa1-768x768.jpg 768w\" sizes=\"(max-width: 1080px) 100vw, 1080px\" class=\"no-lazyload\" width=\"1080\" height=\"1080\"  style=\"display: inline-block;\" \/><\/div>","protected":false},"excerpt":{"rendered":"<p>En horas de la tarde de ayer (09-04-2020) pasadas la hora 18:00, personal policial a cargo del Jefe de la Comisar\u00eda Local,<\/p>\n","protected":false},"author":4,"featured_media":3972,"comment_status":"closed","ping_status":"open","sticky":false,"template":"","format":"standard","meta":{"colormag_page_layout":"default_layout","footnotes":""},"categories":[2],"tags":[],"class_list":["post-4164","post","type-post","status-publish","format-standard","has-post-thumbnail","hentry","category-noticias"],"_links":{"self":[{"href":"https:\/\/oasisfm935.com.ar\/site\/wp-json\/wp\/v2\/posts\/4164","targetHints":{"allow":["GET"]}}],"collection":[{"href":"https:\/\/oasisfm935.com.ar\/site\/wp-json\/wp\/v2\/posts"}],"about":[{"href":"https:\/\/oasisfm935.com.ar\/site\/wp-json\/wp\/v2\/types\/post"}],"author":[{"embeddable":true,"href":"https:\/\/oasisfm935.com.ar\/site\/wp-json\/wp\/v2\/users\/4"}],"replies":[{"embeddable":true,"href":"https:\/\/oasisfm935.com.ar\/site\/wp-json\/wp\/v2\/comments?post=4164"}],"version-history":[{"count":1,"href":"https:\/\/oasisfm935.com.ar\/site\/wp-json\/wp\/v2\/posts\/4164\/revisions"}],"predecessor-version":[{"id":4165,"href":"https:\/\/oasisfm935.com.ar\/site\/wp-json\/wp\/v2\/posts\/4164\/revisions\/4165"}],"wp:featuredmedia":[{"embeddable":true,"href":"https:\/\/oasisfm935.com.ar\/site\/wp-json\/wp\/v2\/media\/3972"}],"wp:attachment":[{"href":"https:\/\/oasisfm935.com.ar\/site\/wp-json\/wp\/v2\/media?parent=4164"}],"wp:term":[{"taxonomy":"category","embeddable":true,"href":"https:\/\/oasisfm935.com.ar\/site\/wp-json\/wp\/v2\/categories?post=4164"},{"taxonomy":"post_tag","embeddable":true,"href":"https:\/\/oasisfm935.com.ar\/site\/wp-json\/wp\/v2\/tags?post=4164"}],"curies":[{"name":"wp","href":"https:\/\/api.w.org\/{rel}","templated":true}]}}