{"id":4172,"date":"2020-04-11T12:51:51","date_gmt":"2020-04-11T15:51:51","guid":{"rendered":"http:\/\/oasisfm935.com\/site\/?p=4172"},"modified":"2020-04-11T12:51:51","modified_gmt":"2020-04-11T15:51:51","slug":"en-la-pampa-no-se-habilitan-nuevas-excepeciones-a-la-cuarentena","status":"publish","type":"post","link":"https:\/\/oasisfm935.com.ar\/site\/en-la-pampa-no-se-habilitan-nuevas-excepeciones-a-la-cuarentena\/","title":{"rendered":"En La Pampa no se habilitan nuevas excepeciones a la cuarentena"},"content":{"rendered":"<p>La decisi\u00f3n del Comit\u00e9 de Crisis se fund\u00f3 en la realidad sanitaria provincial, la que se logr\u00f3 con el esfuerzo de todos los pampeanos. Las horrorosas im\u00e1genes que llegan de otros pa\u00edses que no hicieron la cuarentena obligan a seguir en este camino. En correspondencia a esta decisi\u00f3n, el gobierno provincial seguir\u00e1 incorporando sectores a la asistencia alimentaria y econ\u00f3mica que ha implementado.<\/p>\n<p>Para ello, el Gobernador Ziliotto dispuso se incorpore a los sectores que desarrollen actividades econ\u00f3micas independientes. Asimismo instruy\u00f3 al Presidente del Banco de La Pampa a dar mayor celeridad a la disposici\u00f3n de los cr\u00e9ditos para que las PyMES puedan acceder a los beneficios a tasa cero.<\/p>\n<p>El comit\u00e9 ratific\u00f3 que la mayor apertura de actividades generar\u00eda menor posibilidad de control de la circulaci\u00f3n social y, por ende, mayor riesgo de propagaci\u00f3n del virus.<\/p>\n<p>A su vez, cada actividad exceptuada sumar\u00eda excusas a los irresponsables que, aun ante la amenaza de detenci\u00f3n e inicio de un proceso judicial, siguen circulando sin motivo alguno.<\/p>\n<p>Pocas horas despu\u00e9s que el Gobierno Nacional resolviera extender la cuarentena hasta el pr\u00f3ximo 26 de abril, el gobernador Sergio Ziliotto convoc\u00f3 al Comit\u00e9 de Crisis para analizar c\u00f3mo prosigue el protocolo preventivo dispuesto en la provincia de La Pampa para afrontar la pandemia de COVID-19.<\/p>\n<p>En mandatario reiter\u00f3 que estamos ante un escenario din\u00e1mico, y subray\u00f3 la necesidad de ser \u201cabsolutamente responsables\u201d en todas las decisiones que se adopten porque \u201cest\u00e1 en juego la vida de los pampeanos\u201d.<\/p>\n<p>An\u00e1lisis con responsabilidad<\/p>\n<p>Si bien se comenz\u00f3 a analizar el levantamiento de la cuarentena a nuevos sectores, se estableci\u00f3 la necesidad de un di\u00e1logo constante y fluido con los intendentes, a fin de conocer cu\u00e1les pueden ser las necesidades esenciales en cada una de las localidades, pero tambi\u00e9n cuales ser\u00edan las medidas que garanticen su control.<\/p>\n<p>En este sentido, y con el objetivo de analizar c\u00f3mo se incorporar\u00edan las distintas actividades, se resolvi\u00f3 que sean propuestas por los intendentes junto a los comit\u00e9s de crisis locales. El pedido de habilitaci\u00f3n de actividad deber\u00e1 estar acompa\u00f1ado por protocolos que garanticen su control y funcionamiento. Este se pondr\u00e1 a consideraci\u00f3n del Comit\u00e9 de Crisis Provincial primero, y posteriormente ser\u00e1 elevado al Gobierno Nacional quien tendr\u00e1 la decisi\u00f3n final respecto de cualquier tipo de levantamiento parcial de la cuarentena.<\/p>\n<div class=\"oasis-despues-del-contenido\" id=\"oasis-1041088139\"><img loading=\"lazy\" decoding=\"async\" src=\"https:\/\/oasisfm935.com.ar\/site\/wp-content\/uploads\/2020\/08\/47806202-8741-49f2-a5c9-d2f930e5baa1.jpg\" alt=\"\"  srcset=\"https:\/\/oasisfm935.com.ar\/site\/wp-content\/uploads\/2020\/08\/47806202-8741-49f2-a5c9-d2f930e5baa1.jpg 1080w, https:\/\/oasisfm935.com.ar\/site\/wp-content\/uploads\/2020\/08\/47806202-8741-49f2-a5c9-d2f930e5baa1-300x300.jpg 300w, https:\/\/oasisfm935.com.ar\/site\/wp-content\/uploads\/2020\/08\/47806202-8741-49f2-a5c9-d2f930e5baa1-1024x1024.jpg 1024w, https:\/\/oasisfm935.com.ar\/site\/wp-content\/uploads\/2020\/08\/47806202-8741-49f2-a5c9-d2f930e5baa1-150x150.jpg 150w, https:\/\/oasisfm935.com.ar\/site\/wp-content\/uploads\/2020\/08\/47806202-8741-49f2-a5c9-d2f930e5baa1-768x768.jpg 768w\" sizes=\"(max-width: 1080px) 100vw, 1080px\" class=\"no-lazyload\" width=\"1080\" height=\"1080\"  style=\"display: inline-block;\" \/><\/div>","protected":false},"excerpt":{"rendered":"<p>La decisi\u00f3n del Comit\u00e9 de Crisis se fund\u00f3 en la realidad sanitaria provincial, la que se logr\u00f3 con el esfuerzo de todos<\/p>\n","protected":false},"author":4,"featured_media":4173,"comment_status":"closed","ping_status":"open","sticky":false,"template":"","format":"standard","meta":{"colormag_page_layout":"default_layout","footnotes":""},"categories":[2],"tags":[],"class_list":["post-4172","post","type-post","status-publish","format-standard","has-post-thumbnail","hentry","category-noticias"],"_links":{"self":[{"href":"https:\/\/oasisfm935.com.ar\/site\/wp-json\/wp\/v2\/posts\/4172","targetHints":{"allow":["GET"]}}],"collection":[{"href":"https:\/\/oasisfm935.com.ar\/site\/wp-json\/wp\/v2\/posts"}],"about":[{"href":"https:\/\/oasisfm935.com.ar\/site\/wp-json\/wp\/v2\/types\/post"}],"author":[{"embeddable":true,"href":"https:\/\/oasisfm935.com.ar\/site\/wp-json\/wp\/v2\/users\/4"}],"replies":[{"embeddable":true,"href":"https:\/\/oasisfm935.com.ar\/site\/wp-json\/wp\/v2\/comments?post=4172"}],"version-history":[{"count":1,"href":"https:\/\/oasisfm935.com.ar\/site\/wp-json\/wp\/v2\/posts\/4172\/revisions"}],"predecessor-version":[{"id":4174,"href":"https:\/\/oasisfm935.com.ar\/site\/wp-json\/wp\/v2\/posts\/4172\/revisions\/4174"}],"wp:featuredmedia":[{"embeddable":true,"href":"https:\/\/oasisfm935.com.ar\/site\/wp-json\/wp\/v2\/media\/4173"}],"wp:attachment":[{"href":"https:\/\/oasisfm935.com.ar\/site\/wp-json\/wp\/v2\/media?parent=4172"}],"wp:term":[{"taxonomy":"category","embeddable":true,"href":"https:\/\/oasisfm935.com.ar\/site\/wp-json\/wp\/v2\/categories?post=4172"},{"taxonomy":"post_tag","embeddable":true,"href":"https:\/\/oasisfm935.com.ar\/site\/wp-json\/wp\/v2\/tags?post=4172"}],"curies":[{"name":"wp","href":"https:\/\/api.w.org\/{rel}","templated":true}]}}