{"id":4190,"date":"2020-04-14T14:21:48","date_gmt":"2020-04-14T17:21:48","guid":{"rendered":"http:\/\/oasisfm935.com\/site\/?p=4190"},"modified":"2020-04-14T14:21:48","modified_gmt":"2020-04-14T17:21:48","slug":"ingeniero-luiggi-desde-el-sabado-18-es-obligatorio-en-la-pampa-el-permiso-de-circulacion-nacional","status":"publish","type":"post","link":"https:\/\/oasisfm935.com.ar\/site\/ingeniero-luiggi-desde-el-sabado-18-es-obligatorio-en-la-pampa-el-permiso-de-circulacion-nacional\/","title":{"rendered":"Ingeniero Luiggi: Desde el s\u00e1bado 18 es obligatorio en La Pampa el permiso de circulaci\u00f3n nacional"},"content":{"rendered":"<p>El Ministerio de Seguridad comunic\u00f3 acerca las excepciones al aislamiento y la entrada en vigencia del permiso de circulaci\u00f3n para aquellas personas que, por sus tareas laborales o funciones sociales, deban hacer uso de la v\u00eda p\u00fablica.<\/p>\n<p>A partir de las 0 del d\u00eda s\u00e1bado 18 de abril, ser\u00e1 obligatorio el Certificado \u00danico Habilitante para Circulaci\u00f3n para las personas que se encuentran exceptuadas del cumplimiento del \u201caislamiento social, preventivo y obligatorio\u201d y de la prohibici\u00f3n de circular -detalladas en el art\u00edculo 6 del\u00a0<a href=\"http:\/\/servicios.infoleg.gob.ar\/infolegInternet\/anexos\/335000-339999\/335741\/norma.htm\">Decreto 297\/2020<\/a>, y en las Decisiones Administrativas. El mismo tiene una validez nacional y se tramita v\u00eda internet, para su uso digital o en formato papel. El link para generar el tr\u00e1mite es\u00a0<a href=\"https:\/\/tramitesadistancia.gob.ar\/\">https:\/\/tramitesadistancia.gob.ar\/<\/a>\u00a0.<\/p>\n<p>En ese contexto se destac\u00f3 que autoridades nacionales, provinciales y municipales, empleados p\u00fablicos provinciales y municipales, funcionarios y empleados de los Poderes Judicial y Legislativo, no tienen que tramitar el CUHC, pueden circular con el documento que avale que son funcionarios p\u00fablicos o la otrogada en la dependencia a la cual pertenecen.<\/p>\n<p>El\u00a0<a href=\"http:\/\/servicios.infoleg.gob.ar\/infolegInternet\/anexos\/335000-339999\/335741\/norma.htm\">Decreto 297\/2020<\/a>, consigna que las personas s\u00f3lo podr\u00e1n realizar desplazamientos m\u00ednimos e indispensables para aprovisionarse de art\u00edculos de limpieza, medicamentos y alimentos. En estos casos no requerir\u00e1n permisos de circulaci\u00f3n. Sin embargo, las personas que se encuentran exceptuadas del cumplimiento del \u201caislamiento social, preventivo y obligatorio\u201d y de la prohibici\u00f3n de circular -detalladas en el art\u00edculo 6 del mencionado Decreto, y en las Decisiones Administrativas, deber\u00e1n contar con una certificaci\u00f3n que acredite su condici\u00f3n frente a la autoridad competente en el caso de ser requerido.<\/p>\n<p>Para saber qu\u00e9 certificado corresponde en cada caso, se puede consultar a trav\u00e9s de internet ingresando a\u00a0<a href=\"https:\/\/www.argentina.gob.ar\/coronavirus\/aislamiento\/exceptuados\">https:\/\/www.argentina.gob.ar\/coronavirus\/aislamiento\/exceptuados<\/a>\u00a0el listado de excepciones:<\/p>\n<ol>\n<li><b>Personal de Salud, Fuerzas de Seguridad, Fuerzas Armadas, actividad migratoria, servicio meteorol\u00f3gico nacional, bomberos y control de tr\u00e1fico a\u00e9reo<\/b>.<br \/>\nLa autoridad competente, la m\u00e1xima autoridad o a quien \u00e9sta autorice de cada una de los organismos o entidades de las que dependa el personal, determinar\u00e1 el modo de acreditar la condici\u00f3n de excepci\u00f3n.<\/li>\n<li><b>Autoridades superiores de los gobiernos nacional, provinciales, municipales y de la Ciudad Aut\u00f3noma de Buenos Aires. Trabajadores y trabajadoras del sector p\u00fablico nacional, provincial, municipal y de la Ciudad Aut\u00f3noma de Buenos Aires, convocados para garantizar actividades esenciales requeridas por las respectivas autoridades<\/b>.<br \/>\nEn el caso de trabajadores y trabajadoras del sector p\u00fablico provincial, municipal y de la Ciudad Aut\u00f3noma de Buenos Aires se aplica lo que en cada jurisdicci\u00f3n -nacional, provincial o municipal- se disponga.<\/li>\n<li><b>Personal de los servicios de justicia de turno, conforme establezcan las autoridades competentes<\/b>.<br \/>\nLa autoridad que ejerza la superintendencia de cada poder judicial indicar\u00e1 con qu\u00e9 instrumentos circular\u00e1n los funcionarios judiciales de turno.<\/li>\n<li><b>Personal diplom\u00e1tico y consular extranjero acreditado ante el gobierno argentino, en el marco de la Convenci\u00f3n de Viena sobre Relaciones Diplom\u00e1ticas y la Convenci\u00f3n de Viena de 1963 sobre Relaciones Consulares y al personal de los organismos internacionales acreditados ante el gobierno argentino, de la Cruz Roja y Cascos Blancos<\/b>.<br \/>\nLa autoridad superior de cada una de dichas representaciones y entidades certificar\u00e1 la condici\u00f3n de tal de las personas mencionadas.<\/li>\n<li><b>Personas que deban asistir a otras con discapacidad; familiares que necesiten asistencia; a personas mayores; a ni\u00f1os, a ni\u00f1as y a adolescentes<\/b>.<\/li>\n<li><b>Personas que deban atender una situaci\u00f3n de fuerza mayor<\/b>.<br \/>\nNo hay un certificado v\u00e1lido a nivel nacional. Se entiende por situaci\u00f3n de fuerza mayor a eventos contingentes, impostergables, y extracotidianos. En todos los casos servir\u00e1 acreditar la urgencia con la mayor cantidad de documentaci\u00f3n posible.<\/li>\n<li><b>Personas afectadas a la realizaci\u00f3n de servicios funerarios, entierros y cremaciones<\/b>.\n<p><b>Personas afectadas a la atenci\u00f3n de comedores escolares, comunitarios y merenderos<\/b>.<\/li>\n<li><b>Personal que se desempe\u00f1a en los servicios de comunicaci\u00f3n audiovisuales, radiales y gr\u00e1ficos<\/b>.<br \/>\nLa autoridad competente certificar\u00e1 la condici\u00f3n de las personas mencionadas.<\/li>\n<li><b>Personal afectado a obra p\u00fablica<\/b>.<\/li>\n<li><b>Supermercados mayoristas y minoristas y comercios minoristas de proximidad. Farmacias. Ferreter\u00edas. Veterinarias. Provisi\u00f3n de garrafas.<\/b><\/li>\n<li><b>Industrias de alimentaci\u00f3n, su cadena productiva e insumos; de higiene personal y limpieza; de equipamiento m\u00e9dico, medicamentos, vacunas y otros insumos sanitarios<\/b>.<\/li>\n<li><b>Reparto a domicilio de alimentos, medicamentos, productos de higiene, de limpieza y otros insumos de necesidad<\/b>.<\/li>\n<li><b>Servicios esenciales de vigilancia, limpieza y guardia<\/b>.<\/li>\n<li><b>Guardias m\u00ednimas que aseguren la operaci\u00f3n y mantenimiento de Yacimientos de Petr\u00f3leo y Gas, plantas de tratamiento y\/o refinaci\u00f3n de Petr\u00f3leo y gas, transporte y distribuci\u00f3n de energ\u00eda el\u00e9ctrica, combustibles l\u00edquidos, petr\u00f3leo y gas, estaciones expendedoras de combustibles y generadores de energ\u00eda el\u00e9ctrica<\/b>.<\/li>\n<li><b>Actividades vinculadas con la producci\u00f3n, distribuci\u00f3n y comercializaci\u00f3n agropecuaria y de pesca<\/b>.<\/li>\n<li><b>Recolecci\u00f3n, transporte y tratamiento de residuos s\u00f3lidos urbanos, peligrosos y patog\u00e9nicos<\/b><\/li>\n<li><b>Servicios de lavander\u00eda<\/b>.<\/li>\n<li><b>Servicios postales y de distribuci\u00f3n de paqueter\u00eda<\/b>.<\/li>\n<li><b>Actividades de telecomunicaciones, internet fija y m\u00f3vil y servicios digitales<\/b>.<\/li>\n<li><b>Actividades impostergables vinculadas con el comercio exterior<\/b>.<\/li>\n<li><b>Mantenimiento de los servicios b\u00e1sicos (agua, electricidad, gas, comunicaciones, etc.) y atenci\u00f3n de emergencias<\/b>.<br \/>\nLa autoridad competente certificar\u00e1 la condici\u00f3n de las personas mencionadas.<\/li>\n<li><b>Transporte p\u00fablico de pasajeros, transporte de mercader\u00edas, petr\u00f3leo, combustibles y GLP<\/b><\/li>\n<\/ol>\n<p>&nbsp;<\/p>\n<ol start=\"24\">\n<li><b>S.E. Casa de Moneda, servicios de cajeros autom\u00e1ticos, transporte de caudales y todas aquellas actividades que el BANCO CENTRAL DE LA REP\u00daBLICA ARGENTINA disponga imprescindibles para garantizar el funcionamiento del sistema de pagos<\/b>.<br \/>\nLa autoridad competente certificar\u00e1 la condici\u00f3n de las personas mencionadas.<\/li>\n<\/ol>\n<p>Excepciones incorporadas en el marco de la\u00a0<a href=\"http:\/\/servicios.infoleg.gob.ar\/infolegInternet\/anexos\/335000-339999\/335789\/norma.htm\">Decisi\u00f3n Administrativa 429\/2020<\/a><\/p>\n<ol>\n<li><b>Industrias que realicen procesos continuos cuya interrupci\u00f3n implique da\u00f1os estructurales en las l\u00edneas de producci\u00f3n y\/o maquinarias podr\u00e1n solicitar autorizaci\u00f3n a la Secretar\u00eda de Industria, Econom\u00eda del Conocimiento y Gesti\u00f3n Comercial Externa, para no discontinuar su producci\u00f3n, reduciendo al m\u00ednimo su actividad y dotaci\u00f3n de personal<\/b>.<\/li>\n<li><b>Operaci\u00f3n de centrales nucleares<\/b>.<\/li>\n<li><b>Hoteles afectados al servicio de emergencia sanitaria. Tambi\u00e9n deber\u00e1n garantizar las prestaciones a las personas que se hallaren alojadas en los mismos a la fecha del dictado del Decreto N\u00b0 297\/20<\/b>.<\/li>\n<li><b>Los restaurantes, locales de comidas preparadas y locales de comidas r\u00e1pidas, podr\u00e1n vender sus productos a trav\u00e9s de servicios de reparto domiciliario, con sujeci\u00f3n al protocolo espec\u00edfico establecido por la autoridad sanitaria<\/b><\/li>\n<li><b>Dotaci\u00f3n de personal m\u00ednima necesaria para la operaci\u00f3n de la F\u00e1brica Argentina de Aviones Brig. San Mart\u00edn S.A<\/b>.<\/li>\n<li><b>Las autoridades de la Comisi\u00f3n Nacional de Valores podr\u00e1n autorizar la actividad de una dotaci\u00f3n m\u00ednima de personal y de la de sus regulados, en caso de resultar necesario<\/b>.<\/li>\n<li><b>Operaci\u00f3n de aeropuertos. Operaciones de garages y estacionamientos, con dotaciones m\u00ednimas<\/b>.<\/li>\n<li><b>Sostenimiento de actividades vinculadas a la protecci\u00f3n ambiental minera<\/b>.<\/li>\n<li><b>Curtiembres, con dotaci\u00f3n m\u00ednima, para la recepci\u00f3n de cuero proveniente de la actividad frigor\u00edfica<\/b>.<\/li>\n<li><b>Producci\u00f3n y distribuci\u00f3n de biocombustibles<\/b>.<\/li>\n<\/ol>\n<p>Excepciones incorporadas en el marco de la\u00a0<a href=\"https:\/\/www.boletinoficial.gob.ar\/detalleAviso\/primera\/227401\/20200403\">Decisi\u00f3n Administrativa 450\/2020<\/a><\/p>\n<ol>\n<li><b>Venta de insumos y materiales de la construcci\u00f3n provistos por corralones<\/b>.<\/li>\n<li><b>Actividades vinculadas con la producci\u00f3n, distribuci\u00f3n y comercializaci\u00f3n forestal y minera<\/b>.<\/li>\n<li><b>Curtiembres, aserraderos y f\u00e1bricas de productos de madera, f\u00e1bricas de colchones y f\u00e1bricas de maquinaria vial y agr\u00edcola<\/b>.<\/li>\n<li><b>Actividades vinculadas con el comercio exterior: exportaciones de productos ya elaborados e importaciones esenciales para el funcionamiento de la econom\u00eda<\/b>.<\/li>\n<li><b>Exploraci\u00f3n, prospecci\u00f3n, producci\u00f3n, transformaci\u00f3n y comercializaci\u00f3n de combustible nuclear.<\/b>.<\/li>\n<li><b>Servicios esenciales de mantenimiento y fumigaci\u00f3n<\/b>.<\/li>\n<li><b>Mutuales y cooperativas de cr\u00e9dito, mediante guardias m\u00ednimas de atenci\u00f3n, al solo efecto de garantizar el funcionamiento del sistema de cr\u00e9ditos y\/o de pagos<\/b>.<\/li>\n<li><b>Inscripci\u00f3n, identificaci\u00f3n y documentaci\u00f3n de personas<\/b>.<\/li>\n<\/ol>\n<p>Excepciones incorporadas en el marco de la\u00a0<a href=\"https:\/\/www.boletinoficial.gob.ar\/detalleAviso\/primera\/227547\/20200407\">Decisi\u00f3n Administrativa 468\/2020<\/a><\/p>\n<ol>\n<li><b>Obra privada de infraestructura energ\u00e9tica<\/b>.<\/li>\n<\/ol>\n<p>Excepciones incorporadas en el marco de la\u00a0<a href=\"https:\/\/www.boletinoficial.gob.ar\/suplementos\/2020040701NS.pdf\">Decisi\u00f3n Administrativa 467\/2020<\/a><\/p>\n<ol>\n<li><b>Actividad notarial<\/b>.<\/li>\n<\/ol>\n<p>Excepciones incorporadas en el marco de la\u00a0<a href=\"https:\/\/www.boletinoficial.gob.ar\/detalleAviso\/primera\/227686\/20200411\">Decisi\u00f3n Administrativa 490\/2020<\/a><\/p>\n<ol>\n<li><b>Circulaci\u00f3n de las personas con discapacidad y aquellas comprendidas en el colectivo de trastorno del espectro autista<\/b>.<br \/>\nLas personas con discapacidad podr\u00e1n salir a la v\u00eda p\u00fablica\u00a0con un \u00fanico acompa\u00f1ante, familiar o conviviente, si lo necesitaren, para realizar paseos breves, a no m\u00e1s de 500 metros de su residencia. En tales casos, las personas asistidas y su acompa\u00f1ante deber\u00e1n portar sus respectivos DNI y el Certificado \u00danico de Discapacidad o la prescripci\u00f3n m\u00e9dica donde se indique el diagn\u00f3stico y la necesidad de salidas, la cual podr\u00e1 ser confeccionada en forma digital.<br \/>\n<b>Prestaciones profesionales a domicilio destinadas a personas con discapacidad y aquellas comprendidas en el colectivo de trastorno del espectro autista<\/b>.<br \/>\nLos profesionales deber\u00e1n portar copia del Documento Nacional de Identidad de la persona bajo tratamiento y del Certificado \u00danico de Discapacidad, o la prescripci\u00f3n m\u00e9dica correspondiente con los requisitos previstos.\u00a0<a href=\"https:\/\/www.boletinoficial.gob.ar\/detalleAviso\/primera\/227719\/20200413\">La Resoluci\u00f3n 77\/2020<\/a>\u00a0de la Agencia Nacional de Discapacidad establece que solo se realizar\u00e1n en forma presencial aquellas prestaciones de estricta necesidad, impostergables, y que no admitan su realizaci\u00f3n en modo virtual, y que no se podr\u00e1 hacer uso de este tipo de prestaciones si la persona que recibir\u00e1 la misma, alguno o alguna de sus convivientes, o el profesional respectivo, posee s\u00edntomas de Covid-19 o se encuentra alcanzado por alguna de las circunstancias anteriormente descritas. Esta limitaci\u00f3n se extiende si alg\u00fan conviviente con el paciente presentara los s\u00edntomas.<\/li>\n<li><b>Actividad bancaria con atenci\u00f3n al p\u00fablico, exclusivamente con sistema de turnos<\/b>.<\/li>\n<li><b>Talleres para mantenimiento y reparaci\u00f3n de automotores, motocicletas y bicicletas<\/b>.<br \/>\nExclusivamente para transporte p\u00fablico, veh\u00edculos de las fuerzas de seguridad y fuerzas armadas, veh\u00edculos afectados a las prestaciones de salud o al personal con autorizaci\u00f3n para circular, conforme la normativa vigente.<\/li>\n<li><b>Venta de repuestos, partes y piezas para automotores, motocicletas y bicicletas<\/b>.<br \/>\n\u00danicamente bajo la modalidad de entrega puerta a puerta. En ning\u00fan caso podr\u00e1n realizar atenci\u00f3n al p\u00fablico.<\/li>\n<li><b>Fabricaci\u00f3n de neum\u00e1ticos; venta y reparaci\u00f3n de los mismos<\/b>.<br \/>\nExclusivamente para transporte p\u00fablico, veh\u00edculos de las fuerzas de seguridad y fuerzas armadas, veh\u00edculos afectados a las prestaciones de salud o al personal con autorizaci\u00f3n para circular.<\/li>\n<li><b>Venta de art\u00edculos de librer\u00eda e insumos inform\u00e1ticos, exclusivamente bajo la modalidad de entrega a domicilio<\/b>.<br \/>\nSe incluye la venta de libros por internet, pero en ning\u00fan caso se podr\u00e1 realizar atenci\u00f3n al p\u00fablico.<\/li>\n<\/ol>\n<p>&nbsp;<\/p>\n<div class=\"oasis-despues-del-contenido\" id=\"oasis-3976787442\"><img loading=\"lazy\" decoding=\"async\" src=\"https:\/\/oasisfm935.com.ar\/site\/wp-content\/uploads\/2020\/08\/47806202-8741-49f2-a5c9-d2f930e5baa1.jpg\" alt=\"\"  srcset=\"https:\/\/oasisfm935.com.ar\/site\/wp-content\/uploads\/2020\/08\/47806202-8741-49f2-a5c9-d2f930e5baa1.jpg 1080w, https:\/\/oasisfm935.com.ar\/site\/wp-content\/uploads\/2020\/08\/47806202-8741-49f2-a5c9-d2f930e5baa1-300x300.jpg 300w, https:\/\/oasisfm935.com.ar\/site\/wp-content\/uploads\/2020\/08\/47806202-8741-49f2-a5c9-d2f930e5baa1-1024x1024.jpg 1024w, https:\/\/oasisfm935.com.ar\/site\/wp-content\/uploads\/2020\/08\/47806202-8741-49f2-a5c9-d2f930e5baa1-150x150.jpg 150w, https:\/\/oasisfm935.com.ar\/site\/wp-content\/uploads\/2020\/08\/47806202-8741-49f2-a5c9-d2f930e5baa1-768x768.jpg 768w\" sizes=\"(max-width: 1080px) 100vw, 1080px\" class=\"no-lazyload\" width=\"1080\" height=\"1080\"  style=\"display: inline-block;\" \/><\/div>","protected":false},"excerpt":{"rendered":"<p>El Ministerio de Seguridad comunic\u00f3 acerca las excepciones al aislamiento y la entrada en vigencia del permiso de circulaci\u00f3n para aquellas personas<\/p>\n","protected":false},"author":4,"featured_media":4191,"comment_status":"closed","ping_status":"open","sticky":false,"template":"","format":"standard","meta":{"colormag_page_layout":"default_layout","footnotes":""},"categories":[2],"tags":[],"class_list":["post-4190","post","type-post","status-publish","format-standard","has-post-thumbnail","hentry","category-noticias"],"_links":{"self":[{"href":"https:\/\/oasisfm935.com.ar\/site\/wp-json\/wp\/v2\/posts\/4190","targetHints":{"allow":["GET"]}}],"collection":[{"href":"https:\/\/oasisfm935.com.ar\/site\/wp-json\/wp\/v2\/posts"}],"about":[{"href":"https:\/\/oasisfm935.com.ar\/site\/wp-json\/wp\/v2\/types\/post"}],"author":[{"embeddable":true,"href":"https:\/\/oasisfm935.com.ar\/site\/wp-json\/wp\/v2\/users\/4"}],"replies":[{"embeddable":true,"href":"https:\/\/oasisfm935.com.ar\/site\/wp-json\/wp\/v2\/comments?post=4190"}],"version-history":[{"count":1,"href":"https:\/\/oasisfm935.com.ar\/site\/wp-json\/wp\/v2\/posts\/4190\/revisions"}],"predecessor-version":[{"id":4192,"href":"https:\/\/oasisfm935.com.ar\/site\/wp-json\/wp\/v2\/posts\/4190\/revisions\/4192"}],"wp:featuredmedia":[{"embeddable":true,"href":"https:\/\/oasisfm935.com.ar\/site\/wp-json\/wp\/v2\/media\/4191"}],"wp:attachment":[{"href":"https:\/\/oasisfm935.com.ar\/site\/wp-json\/wp\/v2\/media?parent=4190"}],"wp:term":[{"taxonomy":"category","embeddable":true,"href":"https:\/\/oasisfm935.com.ar\/site\/wp-json\/wp\/v2\/categories?post=4190"},{"taxonomy":"post_tag","embeddable":true,"href":"https:\/\/oasisfm935.com.ar\/site\/wp-json\/wp\/v2\/tags?post=4190"}],"curies":[{"name":"wp","href":"https:\/\/api.w.org\/{rel}","templated":true}]}}