{"id":4209,"date":"2020-04-15T17:27:51","date_gmt":"2020-04-15T20:27:51","guid":{"rendered":"http:\/\/oasisfm935.com\/site\/?p=4209"},"modified":"2020-04-15T17:32:37","modified_gmt":"2020-04-15T20:32:37","slug":"por-el-acceso-violando-el-aislamiento","status":"publish","type":"post","link":"https:\/\/oasisfm935.com.ar\/site\/por-el-acceso-violando-el-aislamiento\/","title":{"rendered":"Ingeniero Luiggi : Nuevos Demorados por violando el aislamiento."},"content":{"rendered":"<p>&nbsp;<\/p>\n<p>En horas del mediod\u00eda de ayer (15-04-20), dos j\u00f3venes (una femenina y un masculino), fueron interceptados por el personal policial en predios del ferrocarril de esta localidad, los cuales adujeron estar dialogando.<\/p>\n<p>Dicho motivo no es una de las excepciones para violar el aislamiento, raz\u00f3n por la cual ambos fueron trasladados a la dependencia, donde en el caso de la femenina por ser menor de edad fue entregada a su progenitora.<\/p>\n<p>En tanto el masculino mayor de edad, y por tratarse de una persona reincidente por haber violado la cuarentena en segundo oportunidad, fue demorado. A ambos se le iniciaron las actuaciones judiciales con intervenci\u00f3n de la Fiscal\u00eda del Dr. Armando AG\u00dcERO de la ciudad de General Pico, por Infracci\u00f3n a los Art\u00edculos 205 y 239 del CP..<\/p>\n<p>El hombre fue formalizado sobre \u00faltimas horas del d\u00eda de ayer, en una audiencia celebrada v\u00eda v\u00eddeo llamadas del cual participaron el Juez de Control Dr. Alejandro GILARDENGHI, La Fiscal a cargo Dr. Andreina MONTES, el Defensor Oficial Dr. VACCARO y por supuesto el imputado, mas el personal de Oficina Judicial de General Pico. Imponi\u00e9ndosela al infractor el ARRESTO DOMICILIARIO, hasta el d\u00eda 26-04-2020 con controles policiales peri\u00f3dicos.<\/p>\n<p><strong>OTRO CASO EN LA MADRUGADA:<\/strong><\/p>\n<p>Otro caso similar se dio en horas de la madrugada de la fecha, alrededor de la hora 05:00, cuando el personal policial intercepto en calles Rivadavia y Tucum\u00e1n, a un masculino que se desplazaba en su bicicleta, manifestando ir a comprar cigarrillos, respuesta totalmente inveros\u00edmil por el horario en el que se hallaba. Fue demorado y trasladado a la comisar\u00eda, donde se dieron inici\u00f3 a las actuaciones legales respectivas, procedi\u00e9ndose en este caso adem\u00e1s al secuestro de la bicicleta<\/p>\n<p>&nbsp;<\/p>\n<p>&nbsp;<\/p>\n<blockquote><p>&nbsp;<\/p><\/blockquote>\n<p>&nbsp;<\/p>\n<div class=\"oasis-despues-del-contenido\" id=\"oasis-1291874100\"><img loading=\"lazy\" decoding=\"async\" src=\"https:\/\/oasisfm935.com.ar\/site\/wp-content\/uploads\/2020\/08\/47806202-8741-49f2-a5c9-d2f930e5baa1.jpg\" alt=\"\"  srcset=\"https:\/\/oasisfm935.com.ar\/site\/wp-content\/uploads\/2020\/08\/47806202-8741-49f2-a5c9-d2f930e5baa1.jpg 1080w, https:\/\/oasisfm935.com.ar\/site\/wp-content\/uploads\/2020\/08\/47806202-8741-49f2-a5c9-d2f930e5baa1-300x300.jpg 300w, https:\/\/oasisfm935.com.ar\/site\/wp-content\/uploads\/2020\/08\/47806202-8741-49f2-a5c9-d2f930e5baa1-1024x1024.jpg 1024w, https:\/\/oasisfm935.com.ar\/site\/wp-content\/uploads\/2020\/08\/47806202-8741-49f2-a5c9-d2f930e5baa1-150x150.jpg 150w, https:\/\/oasisfm935.com.ar\/site\/wp-content\/uploads\/2020\/08\/47806202-8741-49f2-a5c9-d2f930e5baa1-768x768.jpg 768w\" sizes=\"(max-width: 1080px) 100vw, 1080px\" class=\"no-lazyload\" width=\"1080\" height=\"1080\"  style=\"display: inline-block;\" \/><\/div>","protected":false},"excerpt":{"rendered":"<p>&nbsp; En horas del mediod\u00eda de ayer (15-04-20), dos j\u00f3venes (una femenina y un masculino), fueron interceptados por el personal policial en<\/p>\n","protected":false},"author":4,"featured_media":4210,"comment_status":"closed","ping_status":"open","sticky":false,"template":"","format":"standard","meta":{"colormag_page_layout":"default_layout","footnotes":""},"categories":[2],"tags":[],"class_list":["post-4209","post","type-post","status-publish","format-standard","has-post-thumbnail","hentry","category-noticias"],"_links":{"self":[{"href":"https:\/\/oasisfm935.com.ar\/site\/wp-json\/wp\/v2\/posts\/4209","targetHints":{"allow":["GET"]}}],"collection":[{"href":"https:\/\/oasisfm935.com.ar\/site\/wp-json\/wp\/v2\/posts"}],"about":[{"href":"https:\/\/oasisfm935.com.ar\/site\/wp-json\/wp\/v2\/types\/post"}],"author":[{"embeddable":true,"href":"https:\/\/oasisfm935.com.ar\/site\/wp-json\/wp\/v2\/users\/4"}],"replies":[{"embeddable":true,"href":"https:\/\/oasisfm935.com.ar\/site\/wp-json\/wp\/v2\/comments?post=4209"}],"version-history":[{"count":3,"href":"https:\/\/oasisfm935.com.ar\/site\/wp-json\/wp\/v2\/posts\/4209\/revisions"}],"predecessor-version":[{"id":4213,"href":"https:\/\/oasisfm935.com.ar\/site\/wp-json\/wp\/v2\/posts\/4209\/revisions\/4213"}],"wp:featuredmedia":[{"embeddable":true,"href":"https:\/\/oasisfm935.com.ar\/site\/wp-json\/wp\/v2\/media\/4210"}],"wp:attachment":[{"href":"https:\/\/oasisfm935.com.ar\/site\/wp-json\/wp\/v2\/media?parent=4209"}],"wp:term":[{"taxonomy":"category","embeddable":true,"href":"https:\/\/oasisfm935.com.ar\/site\/wp-json\/wp\/v2\/categories?post=4209"},{"taxonomy":"post_tag","embeddable":true,"href":"https:\/\/oasisfm935.com.ar\/site\/wp-json\/wp\/v2\/tags?post=4209"}],"curies":[{"name":"wp","href":"https:\/\/api.w.org\/{rel}","templated":true}]}}