{"id":4214,"date":"2020-04-16T08:03:01","date_gmt":"2020-04-16T11:03:01","guid":{"rendered":"http:\/\/oasisfm935.com\/site\/?p=4214"},"modified":"2020-04-16T08:04:17","modified_gmt":"2020-04-16T11:04:17","slug":"en-ingeniero-luiggi-fabrican-alcohol-en-gel-para-las-familias-carenciadas-todos-tenemos-derecho-a-tener-un-desinfectante","status":"publish","type":"post","link":"https:\/\/oasisfm935.com.ar\/site\/en-ingeniero-luiggi-fabrican-alcohol-en-gel-para-las-familias-carenciadas-todos-tenemos-derecho-a-tener-un-desinfectante\/","title":{"rendered":"En Ingeniero Luiggi, fabrican alcohol en gel para las familias carenciadas: \u00abTodos tenemos derecho a tener un desinfectante\u00bb"},"content":{"rendered":"<p>La analista y profesora de Qu\u00edmica Florencia Sequeira y la licenciada en Enfermer\u00eda Mariana Garay fabricaron 200 potes de 250 gramos de alcohol en gel, que ahora ser\u00e1n entregados -con otras asistencias municipales- a las familias de bajo recursos de Ingeniero Luiggi. Utilizaron una f\u00f3rmula siguiendo los lineamientos de la Organizaci\u00f3n Mundial de la Salud (OMS), y destacaron que obtuvieron una producci\u00f3n \u00abde alta calidad\u00bb, que comparada con el producto de una reconocida marca comercial \u00abalcanz\u00f3 mayor tiempo de acci\u00f3n en las manos\u00bb de las personas.<\/p>\n<p>&nbsp;<\/p>\n<p>\u00abCon el dinero que nosotros invertimos en reactivos para hacer los potes de alcohol en gel para 300 personas, el municipio hubiera comprado alcohol en gel comercial para 80 personas\u00bb, destac\u00f3 la qu\u00edmica Florencia Sequeira en una comunicaci\u00f3n en Radio DON.<br \/>\n\u00abNosotros trabajamos para la gente que no puede comprar el alcohol en gel, porque todos nos merecemos tener un desinfectante en estos momentos. Antes un pote sal\u00eda 120 pesos, y ahora hay gente que no puede pagar 600 pesos por un pote para desinfectar a su familia. Con saber que llega una unidad a alguien que no puede comprarlo, ya estamos realizadas. No pod\u00eda quedarme durmiendo en mi casa, sabiendo que se hacer el alcohol en gel, no era justo y no me lo pod\u00eda perdonar\u00bb, se\u00f1al\u00f3 la profesional.<\/p>\n<p><img decoding=\"async\" src=\"https:\/\/scontent.frsa4-1.fna.fbcdn.net\/v\/t1.0-9\/s960x960\/93695824_2961012520648894_35686101578416128_o.jpg?_nc_cat=108&amp;_nc_sid=8024bb&amp;_nc_oc=AQkMuF-p4PnaMB2pbaCSkiVZsb_slPdrPAQBw58JV2ZY42I1ypuhQ7lnRb4AGwXvk8U&amp;_nc_ht=scontent.frsa4-1.fna&amp;_nc_tp=7&amp;oh=089f5a61941d5850cba11cd170e0a74b&amp;oe=5EBCF091\" alt=\"No hay ninguna descripci\u00f3n de la foto disponible.\" \/><\/p>\n<p>La propuesta.<br \/>\nFlorencia Sequeira termin\u00f3 la carrera en la Universidad Nacional de San Luis y se encontraba buscando trabajo cuando comenz\u00f3 a surgir la problem\u00e1tica de la pandemia del Covid-19. Y opt\u00f3 por regresar a Ingeniero Luiggi para atravesar la cuarentena con su familia. Mientras<br \/>\nque la licenciada en Enfermer\u00eda, Mariana Garay, ya estaba trabajando en la municipalidad local, realizando tareas sanitarias.<br \/>\nSequeira se enter\u00f3 que Garay integraba el Comit\u00e9 de Emergencia del Covid-19, donde se definen las pol\u00edticas de trabajo comunal en estos momentos de pandemia mundial. Y le propuso \u00abarmar un proyecto\u00bb para presentar a la intendenta Patricia Lav\u00edn, para fabricar alcohol en gel para las familias carenciadas. La jefa comunal norte\u00f1a r\u00e1pidamente aprob\u00f3 la iniciativa por dos factores fundamentales: hay escasez del producto y el costo se elev\u00f3 a tal punto que se constituye en un condicionante para muchos vecinos.<br \/>\nSequeira y Garay empezaron a investigar para alcanzar una producci\u00f3n \u00abde calidad\u00bb. Y se basaron en fundamentos de la OMS. \u00abNo inventamos nada raro\u00bb, destac\u00f3 Sequiera. \u00abFabricamos con los reactivos alternativos que pudimos conseguir, que tambi\u00e9n cumplen con las condiciones establecidas por la OMS. Tenemos tres formulas para adaptarnos a lo que podemos conseguir y hoy tuvimos que parar la producci\u00f3n porque nos quedamos sin alcohol\u00bb, relat\u00f3 la entrevistada.<\/p>\n<p>&nbsp;<\/p>\n<p>Controles y trabajo.<br \/>\n\u00abLa semana pasada comenzamos con la fabricaci\u00f3n, trabajando cinco horas por la ma\u00f1ana y cinco horas por la tarde y reci\u00e9n esta semana pudimos entregar las primeras unidades. Lleva bastante tiempo de trabajo. Inicialmente realizamos testeos con el personal policial para garantizarnos que fuera un buen producto, que estuviera bien fabricado y no tuviera reacciones adversas. Pero, cumple con todos los rangos establecidos por Anmat\u00bb, indic\u00f3.<br \/>\nLa producci\u00f3n ahora la entregar\u00e1n desde el municipio luiggense a las familias que reciben asistencia social municipal, provincial o nacional. \u00abAc\u00e1 no son culpables los vendedores, sino los proveedores que han subido mucho los precios. Si hay alcohol en gel, no alcanza para todos. Y como no todos lo pueden comprar, el objetivo es que las personas de bajos recursos tambi\u00e9n puedan acceder al alcohol en gel\u00bb, sostuvo.<br \/>\n-Sequeira, \u00bfc\u00f3mo consiguieron los materiales y elementos para comenzar con la fabricaci\u00f3n que financiar\u00e1 el municipio de Ingeniero Luiggi?<br \/>\n-Nos ayud\u00f3 mucho Juan Agradi porque nos facilit\u00f3 el contacto con las droguer\u00edas, porque nadie nos atend\u00eda el tel\u00e9fono. Y nos consigui\u00f3 la ropa, barbijos, el material para trabajar. Tuvimos ayuda del municipio y de gente del pueblo.<br \/>\n-\u00bfCu\u00e1ndo se ahorra el municipio entregando este desinfectante a las familias carentes de recursos econ\u00f3micos?<\/p>\n<p><img decoding=\"async\" src=\"https:\/\/scontent.frsa4-1.fna.fbcdn.net\/v\/t1.0-9\/p720x720\/93282609_2961012017315611_6496730182341099520_o.jpg?_nc_cat=102&amp;_nc_sid=8024bb&amp;_nc_oc=AQkQ7ACDNm5cv6Q9uTC_0P5fHhLLMdb-4ANg31Ep3uwcVYlnls-Bh1-bzi8OdDwWmZs&amp;_nc_ht=scontent.frsa4-1.fna&amp;_nc_tp=6&amp;oh=c821a0ce92feccf3508b67dc63fcc38f&amp;oe=5EBEC648\" alt=\"La imagen puede contener: 3 personas, tabla e interior\" \/><\/p>\n<p>Sacamos la cuenta, porque hicimos un presupuesto para fabricar alcohol en gel para 300 personas. Con el dinero que nosotros invertimos, calculamos que alcanzar\u00eda para comprar alcohol en gel comercial solo para 80 personas. Es un ahorro muy significativo. Y comparamos el tiempo de acci\u00f3n con otro de marca comercial reconocida y logramos un alcohol que tiene mas tiempo de duraci\u00f3n en las manos, as\u00ed que estamos muy felices con los resultados alcanzados.<br \/>\n-En las redes sociales se comparten f\u00f3rmulas para fabricar alcohol en gel casero. \u00bfEsas formulas son efectivas como desinfectante?<\/p>\n<p>-Mi opini\u00f3n es que se debe tener mucho respeto por las f\u00f3rmulas. Tenemos que saber que estamos haciendo. Pero tengo que ver que formula voy a aplicar para fabricar un producto, porque si tengo el gel no necesito la glicerina, porque arruinas la propiedad del alcohol para desinfectar. Ah\u00ed te puede quedar un alcohol en gel muy bonito, pero no es desinfectante. Ah\u00ed estas perdiendo plata y gastando tiempo. Nosotros por eso nos basamos en los lineamientos de la OMS, porque son seguras. Despu\u00e9s, en Youtube encontr\u00e1s muchas recetas para fabricar alcohol en gel, pero no significa que sean efectivas.<\/p>\n<p>&nbsp;<\/p>\n<p>Diario la Arena<\/p>\n<div class=\"oasis-despues-del-contenido\" id=\"oasis-337408809\"><img loading=\"lazy\" decoding=\"async\" src=\"https:\/\/oasisfm935.com.ar\/site\/wp-content\/uploads\/2020\/08\/47806202-8741-49f2-a5c9-d2f930e5baa1.jpg\" alt=\"\"  srcset=\"https:\/\/oasisfm935.com.ar\/site\/wp-content\/uploads\/2020\/08\/47806202-8741-49f2-a5c9-d2f930e5baa1.jpg 1080w, https:\/\/oasisfm935.com.ar\/site\/wp-content\/uploads\/2020\/08\/47806202-8741-49f2-a5c9-d2f930e5baa1-300x300.jpg 300w, https:\/\/oasisfm935.com.ar\/site\/wp-content\/uploads\/2020\/08\/47806202-8741-49f2-a5c9-d2f930e5baa1-1024x1024.jpg 1024w, https:\/\/oasisfm935.com.ar\/site\/wp-content\/uploads\/2020\/08\/47806202-8741-49f2-a5c9-d2f930e5baa1-150x150.jpg 150w, https:\/\/oasisfm935.com.ar\/site\/wp-content\/uploads\/2020\/08\/47806202-8741-49f2-a5c9-d2f930e5baa1-768x768.jpg 768w\" sizes=\"(max-width: 1080px) 100vw, 1080px\" class=\"no-lazyload\" width=\"1080\" height=\"1080\"  style=\"display: inline-block;\" \/><\/div>","protected":false},"excerpt":{"rendered":"<p>La analista y profesora de Qu\u00edmica Florencia Sequeira y la licenciada en Enfermer\u00eda Mariana Garay fabricaron 200 potes de 250 gramos de<\/p>\n","protected":false},"author":4,"featured_media":4215,"comment_status":"closed","ping_status":"open","sticky":false,"template":"","format":"standard","meta":{"colormag_page_layout":"default_layout","footnotes":""},"categories":[2],"tags":[],"class_list":["post-4214","post","type-post","status-publish","format-standard","has-post-thumbnail","hentry","category-noticias"],"_links":{"self":[{"href":"https:\/\/oasisfm935.com.ar\/site\/wp-json\/wp\/v2\/posts\/4214","targetHints":{"allow":["GET"]}}],"collection":[{"href":"https:\/\/oasisfm935.com.ar\/site\/wp-json\/wp\/v2\/posts"}],"about":[{"href":"https:\/\/oasisfm935.com.ar\/site\/wp-json\/wp\/v2\/types\/post"}],"author":[{"embeddable":true,"href":"https:\/\/oasisfm935.com.ar\/site\/wp-json\/wp\/v2\/users\/4"}],"replies":[{"embeddable":true,"href":"https:\/\/oasisfm935.com.ar\/site\/wp-json\/wp\/v2\/comments?post=4214"}],"version-history":[{"count":3,"href":"https:\/\/oasisfm935.com.ar\/site\/wp-json\/wp\/v2\/posts\/4214\/revisions"}],"predecessor-version":[{"id":4218,"href":"https:\/\/oasisfm935.com.ar\/site\/wp-json\/wp\/v2\/posts\/4214\/revisions\/4218"}],"wp:featuredmedia":[{"embeddable":true,"href":"https:\/\/oasisfm935.com.ar\/site\/wp-json\/wp\/v2\/media\/4215"}],"wp:attachment":[{"href":"https:\/\/oasisfm935.com.ar\/site\/wp-json\/wp\/v2\/media?parent=4214"}],"wp:term":[{"taxonomy":"category","embeddable":true,"href":"https:\/\/oasisfm935.com.ar\/site\/wp-json\/wp\/v2\/categories?post=4214"},{"taxonomy":"post_tag","embeddable":true,"href":"https:\/\/oasisfm935.com.ar\/site\/wp-json\/wp\/v2\/tags?post=4214"}],"curies":[{"name":"wp","href":"https:\/\/api.w.org\/{rel}","templated":true}]}}