{"id":4219,"date":"2020-04-16T10:43:29","date_gmt":"2020-04-16T13:43:29","guid":{"rendered":"http:\/\/oasisfm935.com\/site\/?p=4219"},"modified":"2020-04-16T10:52:24","modified_gmt":"2020-04-16T13:52:24","slug":"ingeniero-luiggi-se-intensificaron-los-controles-con-participacion-de-inspectoras-de-transito","status":"publish","type":"post","link":"https:\/\/oasisfm935.com.ar\/site\/ingeniero-luiggi-se-intensificaron-los-controles-con-participacion-de-inspectoras-de-transito\/","title":{"rendered":"Ingeniero Luiggi : Se intensificaron los controles con participaci\u00f3n de inspectoras de tr\u00e1nsito ."},"content":{"rendered":"<p>En el marco del aislamiento social, preventivo y obligatorio el cual se halla en vigencia en estos momentos en nuestro pa\u00eds, el personal policial de la Comisar\u00eda Departamental de Ingeniero Luiggi, sigue efectuando y acrecentando los controles de la poblaci\u00f3n y la gente que pueda llegar desde otras lugares, como proveedores, contratistas u otras.<\/p>\n<p>&nbsp;<\/p>\n<blockquote><p>\u00a0 \u00a0 \u00a0 \u00a0 \u00a0 \u00a0 \u00a0 \u00a0 \u00a0 \u00a0 \u00a0 \u00a0 \u00a0 \u00a0 \u00a0 \u00a0 \u00a0 \u00a0 \u00a0 \u00a0 \u00a0 \u00a0 \u00a0 \u00a0 \u00a0 \u00a0 \u00a0 \u00a0 \u00a0 \u00a0Por ello tambi\u00e9n se sumo a partir del d\u00eda de ayer, el personal de Inspectoras del \u00e1rea de tr\u00e1nsito pertenecientes al Municipio Local, realizando diferentes controles y operativos en conjunto con el personal policial en diferentes sectores, controlando que las personas que se encuentren en la v\u00eda p\u00fablica realmente tengan un justificativo o en su defecto se proceder\u00e1 acorde la legislaci\u00f3n vigente inici\u00e1ndoseles las actuaciones de rigor.<\/p>\n<p><a href=\"http:\/\/oasisfm935.com\/site\/wp-content\/uploads\/2020\/04\/94016946_2961674890582657_3432621112314298368_o.jpg\"><img loading=\"lazy\" decoding=\"async\" class=\"alignnone size-full wp-image-4199\" src=\"http:\/\/oasisfm935.com\/site\/wp-content\/uploads\/2020\/04\/94016946_2961674890582657_3432621112314298368_o.jpg\" alt=\"\" width=\"1996\" height=\"1280\" srcset=\"https:\/\/oasisfm935.com.ar\/site\/wp-content\/uploads\/2020\/04\/94016946_2961674890582657_3432621112314298368_o.jpg 1996w, https:\/\/oasisfm935.com.ar\/site\/wp-content\/uploads\/2020\/04\/94016946_2961674890582657_3432621112314298368_o-300x192.jpg 300w, https:\/\/oasisfm935.com.ar\/site\/wp-content\/uploads\/2020\/04\/94016946_2961674890582657_3432621112314298368_o-1024x657.jpg 1024w, https:\/\/oasisfm935.com.ar\/site\/wp-content\/uploads\/2020\/04\/94016946_2961674890582657_3432621112314298368_o-768x493.jpg 768w, https:\/\/oasisfm935.com.ar\/site\/wp-content\/uploads\/2020\/04\/94016946_2961674890582657_3432621112314298368_o-1536x985.jpg 1536w\" sizes=\"auto, (max-width: 1996px) 100vw, 1996px\" \/><\/a><\/p>\n<p>Por ello seguimos aconsejando que las salidas de las personas sean solo para aprovisionarse de mercader\u00edas, elementos de limpieza, medicamentos en las farmacias y\/o alguna urgencia medica. En el resto de la gente que transite debe estar dentro de las excepciones del Decreto Nacional 297\/2020 y sus ampliatorios, para lo cual indefectiblemente deber\u00e1n contar con el CERTIFICADO UNICO HABILITANTE, lo cual ya deber\u00e1n ir tramitando dado que a partir del d\u00eda 18 de este mes en curso ser\u00e1 obligatorio.-<\/p><\/blockquote>\n<div class=\"oasis-despues-del-contenido\" id=\"oasis-3741110950\"><img loading=\"lazy\" decoding=\"async\" src=\"https:\/\/oasisfm935.com.ar\/site\/wp-content\/uploads\/2020\/08\/47806202-8741-49f2-a5c9-d2f930e5baa1.jpg\" alt=\"\"  srcset=\"https:\/\/oasisfm935.com.ar\/site\/wp-content\/uploads\/2020\/08\/47806202-8741-49f2-a5c9-d2f930e5baa1.jpg 1080w, https:\/\/oasisfm935.com.ar\/site\/wp-content\/uploads\/2020\/08\/47806202-8741-49f2-a5c9-d2f930e5baa1-300x300.jpg 300w, https:\/\/oasisfm935.com.ar\/site\/wp-content\/uploads\/2020\/08\/47806202-8741-49f2-a5c9-d2f930e5baa1-1024x1024.jpg 1024w, https:\/\/oasisfm935.com.ar\/site\/wp-content\/uploads\/2020\/08\/47806202-8741-49f2-a5c9-d2f930e5baa1-150x150.jpg 150w, https:\/\/oasisfm935.com.ar\/site\/wp-content\/uploads\/2020\/08\/47806202-8741-49f2-a5c9-d2f930e5baa1-768x768.jpg 768w\" sizes=\"(max-width: 1080px) 100vw, 1080px\" class=\"no-lazyload\" width=\"1080\" height=\"1080\"  style=\"display: inline-block;\" \/><\/div>","protected":false},"excerpt":{"rendered":"<p>En el marco del aislamiento social, preventivo y obligatorio el cual se halla en vigencia en estos momentos en nuestro pa\u00eds, el<\/p>\n","protected":false},"author":4,"featured_media":4198,"comment_status":"closed","ping_status":"open","sticky":false,"template":"","format":"standard","meta":{"colormag_page_layout":"default_layout","footnotes":""},"categories":[2],"tags":[],"class_list":["post-4219","post","type-post","status-publish","format-standard","has-post-thumbnail","hentry","category-noticias"],"_links":{"self":[{"href":"https:\/\/oasisfm935.com.ar\/site\/wp-json\/wp\/v2\/posts\/4219","targetHints":{"allow":["GET"]}}],"collection":[{"href":"https:\/\/oasisfm935.com.ar\/site\/wp-json\/wp\/v2\/posts"}],"about":[{"href":"https:\/\/oasisfm935.com.ar\/site\/wp-json\/wp\/v2\/types\/post"}],"author":[{"embeddable":true,"href":"https:\/\/oasisfm935.com.ar\/site\/wp-json\/wp\/v2\/users\/4"}],"replies":[{"embeddable":true,"href":"https:\/\/oasisfm935.com.ar\/site\/wp-json\/wp\/v2\/comments?post=4219"}],"version-history":[{"count":4,"href":"https:\/\/oasisfm935.com.ar\/site\/wp-json\/wp\/v2\/posts\/4219\/revisions"}],"predecessor-version":[{"id":4223,"href":"https:\/\/oasisfm935.com.ar\/site\/wp-json\/wp\/v2\/posts\/4219\/revisions\/4223"}],"wp:featuredmedia":[{"embeddable":true,"href":"https:\/\/oasisfm935.com.ar\/site\/wp-json\/wp\/v2\/media\/4198"}],"wp:attachment":[{"href":"https:\/\/oasisfm935.com.ar\/site\/wp-json\/wp\/v2\/media?parent=4219"}],"wp:term":[{"taxonomy":"category","embeddable":true,"href":"https:\/\/oasisfm935.com.ar\/site\/wp-json\/wp\/v2\/categories?post=4219"},{"taxonomy":"post_tag","embeddable":true,"href":"https:\/\/oasisfm935.com.ar\/site\/wp-json\/wp\/v2\/tags?post=4219"}],"curies":[{"name":"wp","href":"https:\/\/api.w.org\/{rel}","templated":true}]}}