{"id":4234,"date":"2020-04-17T14:06:19","date_gmt":"2020-04-17T17:06:19","guid":{"rendered":"http:\/\/oasisfm935.com\/site\/?p=4234"},"modified":"2020-04-17T14:06:19","modified_gmt":"2020-04-17T17:06:19","slug":"viajo-de-luiggi-a-parera-sin-una-justificacion-le-retuvieron-el-vehiculo","status":"publish","type":"post","link":"https:\/\/oasisfm935.com.ar\/site\/viajo-de-luiggi-a-parera-sin-una-justificacion-le-retuvieron-el-vehiculo\/","title":{"rendered":"Viaj\u00f3 de Luiggi a Parera sin una justificaci\u00f3n, le retuvieron el veh\u00edculo"},"content":{"rendered":"<p>El subcomisario Daniel Carlos Villegas confirm\u00f3 que ayer se demor\u00f3 a una persona de Ingeniero Luiggi que circulaba en la localidad de Parera sin un motivo que justificara su presencia en la v\u00eda p\u00fablica.<\/p>\n<p>El jefe policial indic\u00f3 a<strong>\u00a0Zonal Noticias\u00a0<\/strong>que<strong>\u00a0\u00abse procedi\u00f3 a la demora de la persona procedente de Ingeniero Luiggi, a quien adem\u00e1s en una ocasi\u00f3n anterior se le hab\u00eda advertido sobre la imposibilidad de circular acorde al aislamiento social obligatorio dispuesto por decreto nacional\u00bb.<\/strong><\/p>\n<p><strong>Villegas coment\u00f3 que se procedi\u00f3 a la retenci\u00f3n del rodado que qued\u00f3 ubicado frente a la sede policial.<\/strong><\/p>\n<p><strong>\u00abEste hombre ya hab\u00eda sido advertido y reincidi\u00f3 en incumplir la medida\u00bb,\u00a0<\/strong>explic\u00f3 el jefe policial de Parera, por lo que se le labr\u00f3 la infracci\u00f3n al art\u00edculo 205 del C\u00f3digo Penal.<\/p>\n<p><img decoding=\"async\" src=\"https:\/\/www.zonalnoticias.com\/images\/logo-md.png\" alt=\"Zonal noticias\" \/><\/p>\n<div class=\"oasis-despues-del-contenido\" id=\"oasis-724160556\"><img loading=\"lazy\" decoding=\"async\" src=\"https:\/\/oasisfm935.com.ar\/site\/wp-content\/uploads\/2020\/08\/47806202-8741-49f2-a5c9-d2f930e5baa1.jpg\" alt=\"\"  srcset=\"https:\/\/oasisfm935.com.ar\/site\/wp-content\/uploads\/2020\/08\/47806202-8741-49f2-a5c9-d2f930e5baa1.jpg 1080w, https:\/\/oasisfm935.com.ar\/site\/wp-content\/uploads\/2020\/08\/47806202-8741-49f2-a5c9-d2f930e5baa1-300x300.jpg 300w, https:\/\/oasisfm935.com.ar\/site\/wp-content\/uploads\/2020\/08\/47806202-8741-49f2-a5c9-d2f930e5baa1-1024x1024.jpg 1024w, https:\/\/oasisfm935.com.ar\/site\/wp-content\/uploads\/2020\/08\/47806202-8741-49f2-a5c9-d2f930e5baa1-150x150.jpg 150w, https:\/\/oasisfm935.com.ar\/site\/wp-content\/uploads\/2020\/08\/47806202-8741-49f2-a5c9-d2f930e5baa1-768x768.jpg 768w\" sizes=\"(max-width: 1080px) 100vw, 1080px\" class=\"no-lazyload\" width=\"1080\" height=\"1080\"  style=\"display: inline-block;\" \/><\/div>","protected":false},"excerpt":{"rendered":"<p>El subcomisario Daniel Carlos Villegas confirm\u00f3 que ayer se demor\u00f3 a una persona de Ingeniero Luiggi que circulaba en la localidad de<\/p>\n","protected":false},"author":4,"featured_media":4235,"comment_status":"closed","ping_status":"open","sticky":false,"template":"","format":"standard","meta":{"colormag_page_layout":"default_layout","footnotes":""},"categories":[2],"tags":[],"class_list":["post-4234","post","type-post","status-publish","format-standard","has-post-thumbnail","hentry","category-noticias"],"_links":{"self":[{"href":"https:\/\/oasisfm935.com.ar\/site\/wp-json\/wp\/v2\/posts\/4234","targetHints":{"allow":["GET"]}}],"collection":[{"href":"https:\/\/oasisfm935.com.ar\/site\/wp-json\/wp\/v2\/posts"}],"about":[{"href":"https:\/\/oasisfm935.com.ar\/site\/wp-json\/wp\/v2\/types\/post"}],"author":[{"embeddable":true,"href":"https:\/\/oasisfm935.com.ar\/site\/wp-json\/wp\/v2\/users\/4"}],"replies":[{"embeddable":true,"href":"https:\/\/oasisfm935.com.ar\/site\/wp-json\/wp\/v2\/comments?post=4234"}],"version-history":[{"count":1,"href":"https:\/\/oasisfm935.com.ar\/site\/wp-json\/wp\/v2\/posts\/4234\/revisions"}],"predecessor-version":[{"id":4236,"href":"https:\/\/oasisfm935.com.ar\/site\/wp-json\/wp\/v2\/posts\/4234\/revisions\/4236"}],"wp:featuredmedia":[{"embeddable":true,"href":"https:\/\/oasisfm935.com.ar\/site\/wp-json\/wp\/v2\/media\/4235"}],"wp:attachment":[{"href":"https:\/\/oasisfm935.com.ar\/site\/wp-json\/wp\/v2\/media?parent=4234"}],"wp:term":[{"taxonomy":"category","embeddable":true,"href":"https:\/\/oasisfm935.com.ar\/site\/wp-json\/wp\/v2\/categories?post=4234"},{"taxonomy":"post_tag","embeddable":true,"href":"https:\/\/oasisfm935.com.ar\/site\/wp-json\/wp\/v2\/tags?post=4234"}],"curies":[{"name":"wp","href":"https:\/\/api.w.org\/{rel}","templated":true}]}}