{"id":4239,"date":"2020-04-17T20:35:38","date_gmt":"2020-04-17T23:35:38","guid":{"rendered":"http:\/\/oasisfm935.com\/site\/?p=4239"},"modified":"2020-04-17T20:35:38","modified_gmt":"2020-04-17T23:35:38","slug":"el-gobierno-provincial-recomienda-el-uso-complementario-de-tapabocas","status":"publish","type":"post","link":"https:\/\/oasisfm935.com.ar\/site\/el-gobierno-provincial-recomienda-el-uso-complementario-de-tapabocas\/","title":{"rendered":"El Gobierno provincial recomienda el uso complementario de \u00abtapabocas\u00bb"},"content":{"rendered":"<p>&nbsp;<\/p>\n<p>En el marco de acciones preventivas para evitar el contagio de COVID-19, el Gobierno provincial recomienda el uso complementario de elementos que cubran la nariz y\u00a0<a class=\"agrupador\" href=\"http:\/\/m.lareforma.com.ar\/boca-a441\" rel=\"441\">boca<\/a>. Asimismo se prohibi\u00f3 la comercializaci\u00f3n de los barbijos N\u00b0 95 a quienes no acrediten ser profesionales o personal de salud, adem\u00e1s de las personas jur\u00eddicas que no acrediten la prestaci\u00f3n de ese servicio.<\/p>\n<p>Como medida complementaria al aislamiento social preventivo y obligatorio, se recomienda la utilizaci\u00f3n de los com\u00fanmente llamados \u201ctapaboca\u201d para el ingreso y\/o permanencia en locales comerciales, en dependencias de\u00a0<a class=\"agrupador\" href=\"http:\/\/m.lareforma.com.ar\/atencion-al-publico-a949\" rel=\"949\">atenci\u00f3n al p\u00fablico<\/a>\u00a0y en medios de transporte p\u00fablico, adem\u00e1s de otros \u00e1mbitos de circulaci\u00f3n pasibles de circulaci\u00f3n del virus.<\/p>\n<p>El decreto subraya que el distanciamiento social complementado con un correcto lavado e higiene de manos y la utilizaci\u00f3n de\u00a0<a class=\"agrupador\" href=\"http:\/\/m.lareforma.com.ar\/alcohol-gel-a3671\" rel=\"3671\">alcohol en gel<\/a>\u00a0y alcohol al 70%, constituyen la principal medida de protecci\u00f3n ante la pandemia.<\/p>\n<p>Tomando como base esas medidas de profilaxis imprescindibles y con el objetivo de sumar nuevas barreras al avance del virus, el gobernador, Sergio Ziliotto, a trav\u00e9s del decreto 723, incorpora los cobertores de boca y nariz como una medida de salud p\u00fablica voluntaria adicional.<\/p>\n<p>Se tuvo en cuenta que una de las principales caracter\u00edsticas del virus es su alta capacidad de transmisi\u00f3n y contagio, y particularmente, que puede estar presente en personas que no presenten s\u00edntoma alguno de la enfermedad, lo que torna dificultosa su detecci\u00f3n y contribuye a su propagaci\u00f3n.<\/p>\n<p><strong>Como usarlo<\/strong><\/p>\n<p>A los efectos que los cobertores de boca y nariz puedan usarse como una medida de salud p\u00fablica voluntaria y adicional a las principales medidas de distanciamiento, se elabor\u00f3 un protocolo con recomendaciones para que su utilizaci\u00f3n sea efectiva.<\/p>\n<p>En principio se recomienda lavar las manos con agua y jab\u00f3n o desinfectante a base de alcohol antes de manipular y colocar el tapaboca, que deber\u00e1 cubrir la boca y la nariz, procurando que haya espacios entre la cara y la m\u00e1scara.<\/p>\n<p>Se aconseja no tocarlo mientras est\u00e1 colocado y en caso de hacerlo lavar inmediatamente las manos, adem\u00e1s de sugerirse el cambio del cobertor cuando est\u00e9 h\u00famedo o visiblemente sucio.<\/p>\n<p>Se encomienda retirarlo teniendo la precauci\u00f3n de no tocarse los ojos, la nariz o la boca y lavar el tapaboca en forma manual o en lavarropa. De no ser posible colocarlo en un recipiente cerrado.<\/p>\n<p>El protocolo elaborado por el Gobierno provincial cuenta adem\u00e1s con un anexo donde se sugiere una metodolog\u00eda de confecci\u00f3n casera del tapaboca.<\/p>\n<div class=\"oasis-despues-del-contenido\" id=\"oasis-2226376622\"><img loading=\"lazy\" decoding=\"async\" src=\"https:\/\/oasisfm935.com.ar\/site\/wp-content\/uploads\/2020\/08\/47806202-8741-49f2-a5c9-d2f930e5baa1.jpg\" alt=\"\"  srcset=\"https:\/\/oasisfm935.com.ar\/site\/wp-content\/uploads\/2020\/08\/47806202-8741-49f2-a5c9-d2f930e5baa1.jpg 1080w, https:\/\/oasisfm935.com.ar\/site\/wp-content\/uploads\/2020\/08\/47806202-8741-49f2-a5c9-d2f930e5baa1-300x300.jpg 300w, https:\/\/oasisfm935.com.ar\/site\/wp-content\/uploads\/2020\/08\/47806202-8741-49f2-a5c9-d2f930e5baa1-1024x1024.jpg 1024w, https:\/\/oasisfm935.com.ar\/site\/wp-content\/uploads\/2020\/08\/47806202-8741-49f2-a5c9-d2f930e5baa1-150x150.jpg 150w, https:\/\/oasisfm935.com.ar\/site\/wp-content\/uploads\/2020\/08\/47806202-8741-49f2-a5c9-d2f930e5baa1-768x768.jpg 768w\" sizes=\"(max-width: 1080px) 100vw, 1080px\" class=\"no-lazyload\" width=\"1080\" height=\"1080\"  style=\"display: inline-block;\" \/><\/div>","protected":false},"excerpt":{"rendered":"<p>&nbsp; En el marco de acciones preventivas para evitar el contagio de COVID-19, el Gobierno provincial recomienda el uso complementario de elementos<\/p>\n","protected":false},"author":4,"featured_media":4240,"comment_status":"closed","ping_status":"open","sticky":false,"template":"","format":"standard","meta":{"colormag_page_layout":"default_layout","footnotes":""},"categories":[2],"tags":[],"class_list":["post-4239","post","type-post","status-publish","format-standard","has-post-thumbnail","hentry","category-noticias"],"_links":{"self":[{"href":"https:\/\/oasisfm935.com.ar\/site\/wp-json\/wp\/v2\/posts\/4239","targetHints":{"allow":["GET"]}}],"collection":[{"href":"https:\/\/oasisfm935.com.ar\/site\/wp-json\/wp\/v2\/posts"}],"about":[{"href":"https:\/\/oasisfm935.com.ar\/site\/wp-json\/wp\/v2\/types\/post"}],"author":[{"embeddable":true,"href":"https:\/\/oasisfm935.com.ar\/site\/wp-json\/wp\/v2\/users\/4"}],"replies":[{"embeddable":true,"href":"https:\/\/oasisfm935.com.ar\/site\/wp-json\/wp\/v2\/comments?post=4239"}],"version-history":[{"count":1,"href":"https:\/\/oasisfm935.com.ar\/site\/wp-json\/wp\/v2\/posts\/4239\/revisions"}],"predecessor-version":[{"id":4241,"href":"https:\/\/oasisfm935.com.ar\/site\/wp-json\/wp\/v2\/posts\/4239\/revisions\/4241"}],"wp:featuredmedia":[{"embeddable":true,"href":"https:\/\/oasisfm935.com.ar\/site\/wp-json\/wp\/v2\/media\/4240"}],"wp:attachment":[{"href":"https:\/\/oasisfm935.com.ar\/site\/wp-json\/wp\/v2\/media?parent=4239"}],"wp:term":[{"taxonomy":"category","embeddable":true,"href":"https:\/\/oasisfm935.com.ar\/site\/wp-json\/wp\/v2\/categories?post=4239"},{"taxonomy":"post_tag","embeddable":true,"href":"https:\/\/oasisfm935.com.ar\/site\/wp-json\/wp\/v2\/tags?post=4239"}],"curies":[{"name":"wp","href":"https:\/\/api.w.org\/{rel}","templated":true}]}}