{"id":4247,"date":"2020-04-18T08:42:07","date_gmt":"2020-04-18T11:42:07","guid":{"rendered":"http:\/\/oasisfm935.com\/site\/?p=4247"},"modified":"2020-04-18T08:42:07","modified_gmt":"2020-04-18T11:42:07","slug":"nacion-da-luz-verde-a-venta-telefonica-que-propuso-ziliotto","status":"publish","type":"post","link":"https:\/\/oasisfm935.com.ar\/site\/nacion-da-luz-verde-a-venta-telefonica-que-propuso-ziliotto\/","title":{"rendered":"Naci\u00f3n da luz verde a venta telef\u00f3nica que propuso Ziliotto"},"content":{"rendered":"<p>&nbsp;<\/p>\n<p><strong>Fuentes del gobierno provincial aseguraron a este diario que la medida se publicar\u00e1 el pr\u00f3ximo lunes en el Bolet\u00edn Oficial y que, a partir de eso, se trabar\u00e1 entre la provincia y los municipios en las habilitaciones y puesta en marcha de la medida.<\/strong><\/p>\n<p>El gobierno nacional habilitar\u00e1 a partir del lunes la venta y distribuci\u00f3n de productos no esenciales por v\u00eda telef\u00f3nica. La propuesta fue elevada por el gobernador provincial, Sergio Ziliotto, al jefe de Gabinete Santiago Cafiero, y tambi\u00e9n fue planteada en la reuni\u00f3n del jueves con el presidente Alberto Fern\u00e1ndez en la Quinta de Olivos.<\/p>\n<p>Seg\u00fan aseguraron a LA ARENA fuentes del gobierno provincial, la decisi\u00f3n administrativa ser\u00e1 publicada el pr\u00f3ximo lunes en el Bolet\u00edn Oficial, y a partir de eso desde el ejecutivo se trabajar\u00e1 en coordinaci\u00f3n con los distintos municipios en la puesta en marcha de la medida.<\/p>\n<p>En la propuesta que formul\u00f3 La Pampa, se pidi\u00f3 que se analice la posibilidad de exceptuar de la cuarentena el \u00abdespacho y\/o distribuci\u00f3n en la provincia de productos adquiridos mediante compra\/venta on-line y\/o telef\u00f3nica, que se deber\u00e1 distribuir mediante sistema de cadeter\u00edas y\/o fletes registrados en los municipios\u00bb.<\/p>\n<p>Adem\u00e1s, en la misiva destinada a Cafiero, el gobernador pidi\u00f3 que Naci\u00f3n analice la posibilidad de exceptuar de la cuarentena decretada hasta el 26 de este mes a los sistemas de recaudaci\u00f3n de tributos y servicios p\u00fablicos a trav\u00e9s de las cajas de cobro de las oficinas de organismos p\u00fablicos y cooperativas.<\/p>\n<p><strong>Cafiero<\/strong><\/p>\n<p>En declaraciones a la Televisi\u00f3n P\u00fablica, Cafiero adelant\u00f3 el jueves que \u00aba partir del lunes se van a ir reanudando actividades en muchas provincias de la Argentina\u00bb, y aclar\u00f3 que ser\u00e1 en localidades, zonas o jurisdicciones \u00abque no tienen casos o que han tenido alg\u00fan caso importado, donde no hay circulaci\u00f3n viral, donde este ratio de duplicaci\u00f3n de casos est\u00e1 mucho m\u00e1s alejado de los catorce d\u00edas promedio que tiene el pa\u00eds\u00bb.<\/p>\n<p>En esa l\u00ednea, La Pampa es una de las provincias donde se reanudar\u00e1n actividades teniendo en cuenta que a la fecha la provincia cuenta con cinco casos confirmados de Covid-19 (cuatro en Santa Rosa y uno en General Pico) y sin circulaci\u00f3n viral, seg\u00fan la informaci\u00f3n de la Direcci\u00f3n de Epidemiolog\u00eda del Ministerio de Salud Provincial.<\/p>\n<p><strong>Listado<\/strong><\/p>\n<p>Seg\u00fan algunos portales, se habilitar\u00e1n, adem\u00e1s de las consultas a m\u00e9dicos y odont\u00f3logos, la apertura con turnos y cupos limitados de las \u00f3pticas, y la venta on-line y telef\u00f3nica con delivery de rubros como pinturer\u00edas, casas electr\u00f3nicas, jugueter\u00edas, ropa, marroquiner\u00edas y calzados.<\/p>\n<p>La medida responde a un fuerte reclamo por parte de los comerciantes que por estas horas mantienen sus comercios cerrados ya que no fueron exceptuados del aislamiento y viven un momento cr\u00edtico a ra\u00edz de la falta de ingresos.<\/p>\n<p>Ante eso, la C\u00e1mara de Comercio, Industria y Servicios de La Pampa (Cacip), junto con el Centro Empleados de Comercio (CEC), presentaron la semana pasada una propuesta al gobernador Ziliotto para flexibilizar el trabajo de comercios y adjuntaron un conjunto de medidas preventivas.<\/p>\n<p><strong>Pedidos<\/strong><\/p>\n<p>Desde hace algunos d\u00edas, algunos comit\u00e9 de crisis de algunas localidades de crisis elevaron a Ziliotto pedidos para flexibilizar el aislamiento. Uno de los casos fue en Quem\u00fa-Quem\u00fa, donde se pidi\u00f3 que varios sectores como comercios de ropa y calzado o kioscos y peque\u00f1as f\u00e1bricas de la localidad puedan comenzar a retomar su actividad siguiendo las reglas sanitarias que reclama la emergencia por el Covid-19.<\/p>\n<p>Sin embargo, desde Casa de Gobierno hab\u00edan asegurado las propuestas ser\u00edan elevadas al gobierno nacional, que tendr\u00e1 la decisi\u00f3n final en relaci\u00f3n a cualquier tipo de levantamiento parcial de la cuarentena.<\/p>\n<div class=\"oasis-despues-del-contenido\" id=\"oasis-3400804362\"><img loading=\"lazy\" decoding=\"async\" src=\"https:\/\/oasisfm935.com.ar\/site\/wp-content\/uploads\/2020\/08\/47806202-8741-49f2-a5c9-d2f930e5baa1.jpg\" alt=\"\"  srcset=\"https:\/\/oasisfm935.com.ar\/site\/wp-content\/uploads\/2020\/08\/47806202-8741-49f2-a5c9-d2f930e5baa1.jpg 1080w, https:\/\/oasisfm935.com.ar\/site\/wp-content\/uploads\/2020\/08\/47806202-8741-49f2-a5c9-d2f930e5baa1-300x300.jpg 300w, https:\/\/oasisfm935.com.ar\/site\/wp-content\/uploads\/2020\/08\/47806202-8741-49f2-a5c9-d2f930e5baa1-1024x1024.jpg 1024w, https:\/\/oasisfm935.com.ar\/site\/wp-content\/uploads\/2020\/08\/47806202-8741-49f2-a5c9-d2f930e5baa1-150x150.jpg 150w, https:\/\/oasisfm935.com.ar\/site\/wp-content\/uploads\/2020\/08\/47806202-8741-49f2-a5c9-d2f930e5baa1-768x768.jpg 768w\" sizes=\"(max-width: 1080px) 100vw, 1080px\" class=\"no-lazyload\" width=\"1080\" height=\"1080\"  style=\"display: inline-block;\" \/><\/div>","protected":false},"excerpt":{"rendered":"<p>&nbsp; Fuentes del gobierno provincial aseguraron a este diario que la medida se publicar\u00e1 el pr\u00f3ximo lunes en el Bolet\u00edn Oficial y<\/p>\n","protected":false},"author":4,"featured_media":4248,"comment_status":"closed","ping_status":"open","sticky":false,"template":"","format":"standard","meta":{"colormag_page_layout":"default_layout","footnotes":""},"categories":[2],"tags":[],"class_list":["post-4247","post","type-post","status-publish","format-standard","has-post-thumbnail","hentry","category-noticias"],"_links":{"self":[{"href":"https:\/\/oasisfm935.com.ar\/site\/wp-json\/wp\/v2\/posts\/4247","targetHints":{"allow":["GET"]}}],"collection":[{"href":"https:\/\/oasisfm935.com.ar\/site\/wp-json\/wp\/v2\/posts"}],"about":[{"href":"https:\/\/oasisfm935.com.ar\/site\/wp-json\/wp\/v2\/types\/post"}],"author":[{"embeddable":true,"href":"https:\/\/oasisfm935.com.ar\/site\/wp-json\/wp\/v2\/users\/4"}],"replies":[{"embeddable":true,"href":"https:\/\/oasisfm935.com.ar\/site\/wp-json\/wp\/v2\/comments?post=4247"}],"version-history":[{"count":1,"href":"https:\/\/oasisfm935.com.ar\/site\/wp-json\/wp\/v2\/posts\/4247\/revisions"}],"predecessor-version":[{"id":4249,"href":"https:\/\/oasisfm935.com.ar\/site\/wp-json\/wp\/v2\/posts\/4247\/revisions\/4249"}],"wp:featuredmedia":[{"embeddable":true,"href":"https:\/\/oasisfm935.com.ar\/site\/wp-json\/wp\/v2\/media\/4248"}],"wp:attachment":[{"href":"https:\/\/oasisfm935.com.ar\/site\/wp-json\/wp\/v2\/media?parent=4247"}],"wp:term":[{"taxonomy":"category","embeddable":true,"href":"https:\/\/oasisfm935.com.ar\/site\/wp-json\/wp\/v2\/categories?post=4247"},{"taxonomy":"post_tag","embeddable":true,"href":"https:\/\/oasisfm935.com.ar\/site\/wp-json\/wp\/v2\/tags?post=4247"}],"curies":[{"name":"wp","href":"https:\/\/api.w.org\/{rel}","templated":true}]}}