{"id":4251,"date":"2020-04-18T09:47:18","date_gmt":"2020-04-18T12:47:18","guid":{"rendered":"http:\/\/oasisfm935.com\/site\/?p=4251"},"modified":"2020-04-18T09:50:50","modified_gmt":"2020-04-18T12:50:50","slug":"ing-luiggi-ya-esta-listo-el-predio-donde-deberan-alojarse-los-maquinistas-para-la-cosecha","status":"publish","type":"post","link":"https:\/\/oasisfm935.com.ar\/site\/ing-luiggi-ya-esta-listo-el-predio-donde-deberan-alojarse-los-maquinistas-para-la-cosecha\/","title":{"rendered":"Ing. Luiggi: Ya est\u00e1 listo el predio donde deber\u00e1n alojarse los maquinistas para la cosecha"},"content":{"rendered":"<p>La intendenta Patricia Lav\u00edn dijo que el Aeroclub ser\u00e1 donde estar\u00e1n alojados los equipos de maquinistas provenientes de otros lugares que lleguen a Luiggi para realizar la cosecha.\u00a0Habr\u00e1 un puesto de control para prevenir el Covid19.<\/p>\n<p>Al respecto Zonal Noticias consult\u00f3 a la Intendenta de Ingeniero Luiggi, quien cont\u00f3 que \u201cya estamos observando alg\u00fan movimiento en el sector agropecuario de cara a la cosecha y hemos decidido, partir de un protocolo que nos ha enviado el Gobierno de la provincia de La Pampa elaborado a trav\u00e9s del Ministerio de la Producci\u00f3n, el Ministerio de Salud y el de Seguridad\u201d.<\/p>\n<p>\u201cVamos a intensificar los controles de este sector en nuestra localidad\u00bb, anunci\u00f3.<\/p>\n<p>\u00abLa intenci\u00f3n es que no ingresan a nuestro pueblo, para reducir al m\u00e1ximo el contacto de estas personas con nuestros habitantes, mucho m\u00e1s cuando provienen de provincias que son cr\u00edticas,\u201d manifest\u00f3.<\/p>\n<p>\u201cHemos estado trabajando junto con el comisario Leandro Ernst, con nuestro viceintendente Juanjo Gorordo, con la Asociaci\u00f3n Gremial Agropecuaria y el resto de actores que se encuentran involucrados\u201d, mencion\u00f3 Lav\u00edn.<\/p>\n<p><img decoding=\"async\" src=\"https:\/\/www.zonalnoticias.com\/images\/reunion_de_coe_ing_luiggi_16_de_abril_2020.jpg\" \/><\/p>\n<p>\u201cA partir de estos lineamientos el objetivo ed adaptarlos a nuestra realidad, hemos destinado un predio, que gentilmente nos ha otorgado el Aeroclub de nuestro pueblo, para que ellos se instalen ah\u00ed,\u201d sostuvo la intendenta.<\/p>\n<p><strong>\u201cPondremos seguridad las 24 horas para que se registren quienes salen del predio para llevar adelante compras, gestionar cosas o realizar distintas actividades,\u00a0en nuestra localidad para sostener la producci\u00f3n,<\/strong>\u201d afirm\u00f3 la mandataria. (en la foto ya se aprecia una casilla instalada).<\/p>\n<p>\u201cLa verdad es que hemos estado trabajando con este protocolo y adem\u00e1s le hemos pedido a los productores que se contacten para poder registrar, cuando ingresan personas para realizar la cosecha en sus campos,\u201d agreg\u00f3.<\/p>\n<p>\u201cEstamos haciendo todo un trabajo para poder llevar adelante y acompa\u00f1ar la actividad econ\u00f3mica, porque sabemos que es fundamental para nuestra zona poder llevar adelante la cosecha, pero teniendo todos estos cuidados que fueron dispuestos por el Gobierno de la provincia\u201d, concluy\u00f3\u00a0 Patricia Lav\u00edn.<\/p>\n<p>Zonal Noticias visit\u00f3 el predio del Aeroclub y ya se encuentra una casilla instalada para el puesto de control para los maquinistas y contratistas que lleguen de otros lugares a la zona rural de Ingeniero Luiggi.<\/p>\n<div class=\"oasis-despues-del-contenido\" id=\"oasis-210217185\"><img loading=\"lazy\" decoding=\"async\" src=\"https:\/\/oasisfm935.com.ar\/site\/wp-content\/uploads\/2020\/08\/47806202-8741-49f2-a5c9-d2f930e5baa1.jpg\" alt=\"\"  srcset=\"https:\/\/oasisfm935.com.ar\/site\/wp-content\/uploads\/2020\/08\/47806202-8741-49f2-a5c9-d2f930e5baa1.jpg 1080w, https:\/\/oasisfm935.com.ar\/site\/wp-content\/uploads\/2020\/08\/47806202-8741-49f2-a5c9-d2f930e5baa1-300x300.jpg 300w, https:\/\/oasisfm935.com.ar\/site\/wp-content\/uploads\/2020\/08\/47806202-8741-49f2-a5c9-d2f930e5baa1-1024x1024.jpg 1024w, https:\/\/oasisfm935.com.ar\/site\/wp-content\/uploads\/2020\/08\/47806202-8741-49f2-a5c9-d2f930e5baa1-150x150.jpg 150w, https:\/\/oasisfm935.com.ar\/site\/wp-content\/uploads\/2020\/08\/47806202-8741-49f2-a5c9-d2f930e5baa1-768x768.jpg 768w\" sizes=\"(max-width: 1080px) 100vw, 1080px\" class=\"no-lazyload\" width=\"1080\" height=\"1080\"  style=\"display: inline-block;\" \/><\/div>","protected":false},"excerpt":{"rendered":"<p>La intendenta Patricia Lav\u00edn dijo que el Aeroclub ser\u00e1 donde estar\u00e1n alojados los equipos de maquinistas provenientes de otros lugares que lleguen<\/p>\n","protected":false},"author":4,"featured_media":4253,"comment_status":"closed","ping_status":"open","sticky":false,"template":"","format":"standard","meta":{"colormag_page_layout":"default_layout","footnotes":""},"categories":[2],"tags":[],"class_list":["post-4251","post","type-post","status-publish","format-standard","has-post-thumbnail","hentry","category-noticias"],"_links":{"self":[{"href":"https:\/\/oasisfm935.com.ar\/site\/wp-json\/wp\/v2\/posts\/4251","targetHints":{"allow":["GET"]}}],"collection":[{"href":"https:\/\/oasisfm935.com.ar\/site\/wp-json\/wp\/v2\/posts"}],"about":[{"href":"https:\/\/oasisfm935.com.ar\/site\/wp-json\/wp\/v2\/types\/post"}],"author":[{"embeddable":true,"href":"https:\/\/oasisfm935.com.ar\/site\/wp-json\/wp\/v2\/users\/4"}],"replies":[{"embeddable":true,"href":"https:\/\/oasisfm935.com.ar\/site\/wp-json\/wp\/v2\/comments?post=4251"}],"version-history":[{"count":1,"href":"https:\/\/oasisfm935.com.ar\/site\/wp-json\/wp\/v2\/posts\/4251\/revisions"}],"predecessor-version":[{"id":4252,"href":"https:\/\/oasisfm935.com.ar\/site\/wp-json\/wp\/v2\/posts\/4251\/revisions\/4252"}],"wp:featuredmedia":[{"embeddable":true,"href":"https:\/\/oasisfm935.com.ar\/site\/wp-json\/wp\/v2\/media\/4253"}],"wp:attachment":[{"href":"https:\/\/oasisfm935.com.ar\/site\/wp-json\/wp\/v2\/media?parent=4251"}],"wp:term":[{"taxonomy":"category","embeddable":true,"href":"https:\/\/oasisfm935.com.ar\/site\/wp-json\/wp\/v2\/categories?post=4251"},{"taxonomy":"post_tag","embeddable":true,"href":"https:\/\/oasisfm935.com.ar\/site\/wp-json\/wp\/v2\/tags?post=4251"}],"curies":[{"name":"wp","href":"https:\/\/api.w.org\/{rel}","templated":true}]}}