{"id":4254,"date":"2020-04-19T11:07:22","date_gmt":"2020-04-19T14:07:22","guid":{"rendered":"http:\/\/oasisfm935.com\/site\/?p=4254"},"modified":"2020-04-19T11:07:22","modified_gmt":"2020-04-19T14:07:22","slug":"el-centro-de-apoyo-escolar-de-ingeniero-luiggi-propuso-a-las-escuelas-un-proyecto-para-que-los-alumnos-se-encuentren-virtualmente","status":"publish","type":"post","link":"https:\/\/oasisfm935.com.ar\/site\/el-centro-de-apoyo-escolar-de-ingeniero-luiggi-propuso-a-las-escuelas-un-proyecto-para-que-los-alumnos-se-encuentren-virtualmente\/","title":{"rendered":"El Centro de Apoyo Escolar de Ingeniero Luiggi propuso a las escuelas un proyecto para que los alumnos se encuentren virtualmente"},"content":{"rendered":"<p>Te escuchamos\u201d es el proyecto que el Centro de Apoyo Escolar de Ingeniero Luiggi propone a las escuelas para que los alumnos puedan encontrarse virtualmente.<\/p>\n<p>La idea surge a ra\u00edz de la consulta de un grupo de padres, sobre la necesidad de contenci\u00f3n emocional de los chicos frente a la pandemia del COVID, el equipo C.A.E. de Ingeniero Luiggi realizo una propuesta a las escuelas y JIN de su \u00e1rea de influencia (correspondientes a las localidades de Embajador Martini, Alta Italia, Ojeda, El tala e Ingeniero Luiggi) para que los chicos puedan verse, de manera virtual.<\/p>\n<div class=\"google-auto-placed ap_container\"><\/div>\n<p>\u201cVenimos trabajando con los docentes de las escuelas y sabemos que est\u00e1n completamente atentas a las necesidades de sus alumnos. El WhatsApp privado de cada una se ha convertido en un elemento de uso institucional y todas tienen armados sus grupos o listas de difusi\u00f3n\u201d sostuvo la jefa del equipo.<\/p>\n<p>Posteriormente agreg\u00f3 que \u201csi sumamos el pedido de los padres, con el trabajo del docente y le agregamos nuestro aporte como equipos de apoyo a la inclusi\u00f3n, creemos que vamos a poder darle a todos los chicos la posibilidad de recuperar de alguna manera los v\u00ednculos que se suceden en la cotidianeidad de las aulas\u201d.<\/p>\n<p>La propuesta es armar un cronograma de aulas virtuales donde en un horario determinado, una vez por semana los chicos puedan conectarse.<\/p>\n<p>Cabe se\u00f1alar que la misma, fue informada a la Coordinaci\u00f3n de CAE, a la Coordinaci\u00f3n de \u00c1rea y por su intermedio a la Direcci\u00f3n de Educaci\u00f3n Inclusiva a fin de definir las posibilidades de costeo de los espacios tecnol\u00f3gicos, con la partida que cuentan para gastos de funcionamiento.<\/p>\n<div class=\"google-auto-placed ap_container\"><\/div>\n<p>\u201cHasta ahora tuvo muy buena repercusi\u00f3n, ya fue aceptada por la mayor\u00eda de las escuelas. En algunos casos, particularmente en las escuelas hogares, nos encontramos con la dificultad que tienen algunos grupos familiares para acceder tanto a los recursos tecnol\u00f3gicos como a la conexi\u00f3n a Internet, por lo que tambi\u00e9n se est\u00e1n llevando acciones para tratar de salvar este problema\u201d puntualizaron las integrantes del equipo.<\/p>\n<p>\u201cDe hecho desde la Coordinaci\u00f3n de CAE, desde donde se nos acompa\u00f1\u00f3 profundamente en la idea, se piensa en socializarlo a otros equipos para que se sumen a la iniciativa\u201d.<\/p>\n<p>Por \u00faltimo, consultadas sobre la etapa en que se encuentra el proyecto sostuvieron que \u201cen esos momentos nos encontramos abocados a coordinar los espacios y a definir la plataforma que vamos a utilizar, pero pensamos que para la semana que viene ya estar\u00e1n ocurriendo los primeros encuentros<\/p>\n<p>Fuente: info Pico<\/p>\n<div class=\"oasis-despues-del-contenido\" id=\"oasis-1755476556\"><img loading=\"lazy\" decoding=\"async\" src=\"https:\/\/oasisfm935.com.ar\/site\/wp-content\/uploads\/2020\/08\/47806202-8741-49f2-a5c9-d2f930e5baa1.jpg\" alt=\"\"  srcset=\"https:\/\/oasisfm935.com.ar\/site\/wp-content\/uploads\/2020\/08\/47806202-8741-49f2-a5c9-d2f930e5baa1.jpg 1080w, https:\/\/oasisfm935.com.ar\/site\/wp-content\/uploads\/2020\/08\/47806202-8741-49f2-a5c9-d2f930e5baa1-300x300.jpg 300w, https:\/\/oasisfm935.com.ar\/site\/wp-content\/uploads\/2020\/08\/47806202-8741-49f2-a5c9-d2f930e5baa1-1024x1024.jpg 1024w, https:\/\/oasisfm935.com.ar\/site\/wp-content\/uploads\/2020\/08\/47806202-8741-49f2-a5c9-d2f930e5baa1-150x150.jpg 150w, https:\/\/oasisfm935.com.ar\/site\/wp-content\/uploads\/2020\/08\/47806202-8741-49f2-a5c9-d2f930e5baa1-768x768.jpg 768w\" sizes=\"(max-width: 1080px) 100vw, 1080px\" class=\"no-lazyload\" width=\"1080\" height=\"1080\"  style=\"display: inline-block;\" \/><\/div>","protected":false},"excerpt":{"rendered":"<p>Te escuchamos\u201d es el proyecto que el Centro de Apoyo Escolar de Ingeniero Luiggi propone a las escuelas para que los alumnos<\/p>\n","protected":false},"author":4,"featured_media":4255,"comment_status":"closed","ping_status":"open","sticky":false,"template":"","format":"standard","meta":{"colormag_page_layout":"default_layout","footnotes":""},"categories":[2],"tags":[],"class_list":["post-4254","post","type-post","status-publish","format-standard","has-post-thumbnail","hentry","category-noticias"],"_links":{"self":[{"href":"https:\/\/oasisfm935.com.ar\/site\/wp-json\/wp\/v2\/posts\/4254","targetHints":{"allow":["GET"]}}],"collection":[{"href":"https:\/\/oasisfm935.com.ar\/site\/wp-json\/wp\/v2\/posts"}],"about":[{"href":"https:\/\/oasisfm935.com.ar\/site\/wp-json\/wp\/v2\/types\/post"}],"author":[{"embeddable":true,"href":"https:\/\/oasisfm935.com.ar\/site\/wp-json\/wp\/v2\/users\/4"}],"replies":[{"embeddable":true,"href":"https:\/\/oasisfm935.com.ar\/site\/wp-json\/wp\/v2\/comments?post=4254"}],"version-history":[{"count":1,"href":"https:\/\/oasisfm935.com.ar\/site\/wp-json\/wp\/v2\/posts\/4254\/revisions"}],"predecessor-version":[{"id":4256,"href":"https:\/\/oasisfm935.com.ar\/site\/wp-json\/wp\/v2\/posts\/4254\/revisions\/4256"}],"wp:featuredmedia":[{"embeddable":true,"href":"https:\/\/oasisfm935.com.ar\/site\/wp-json\/wp\/v2\/media\/4255"}],"wp:attachment":[{"href":"https:\/\/oasisfm935.com.ar\/site\/wp-json\/wp\/v2\/media?parent=4254"}],"wp:term":[{"taxonomy":"category","embeddable":true,"href":"https:\/\/oasisfm935.com.ar\/site\/wp-json\/wp\/v2\/categories?post=4254"},{"taxonomy":"post_tag","embeddable":true,"href":"https:\/\/oasisfm935.com.ar\/site\/wp-json\/wp\/v2\/tags?post=4254"}],"curies":[{"name":"wp","href":"https:\/\/api.w.org\/{rel}","templated":true}]}}