{"id":4263,"date":"2020-04-20T14:18:22","date_gmt":"2020-04-20T17:18:22","guid":{"rendered":"http:\/\/oasisfm935.com\/site\/?p=4263"},"modified":"2020-04-20T14:20:06","modified_gmt":"2020-04-20T17:20:06","slug":"realizaran-obras-de-iluminacion-en-tres-cruces-de-rutas-provinciales","status":"publish","type":"post","link":"https:\/\/oasisfm935.com.ar\/site\/realizaran-obras-de-iluminacion-en-tres-cruces-de-rutas-provinciales\/","title":{"rendered":"Realizar\u00e1n obras de iluminaci\u00f3n en tres cruces de rutas provinciales"},"content":{"rendered":"<p>Las obras se realizar\u00e1n Ingeniero Luiggi, en el acceso a Caleuf\u00fa y sobre la Ruta Provincial N\u00b0 102 en el acceso a la Planta de Biodiesel.<\/p>\n<p>Se llev\u00f3 a cabo en la Direcci\u00f3n Provincial de Vialidad, la firma del contrato de obra para la iluminaci\u00f3n en intersecciones de Ruta Provincial N\u00b02 \u2013 Ruta Provincial N\u00b09 \u2013 Acceso a Caleuf\u00fa en Ruta Provincial N\u00ba 102 \u2013 CC Planta de Boidiesel.<\/p>\n<p>La empresa adjudicataria de la obra es Jos\u00e9 Rub\u00e9n Fern\u00e1ndez, con un monto de contrato de $12.991.737,60 y un plazo de ejecuci\u00f3n de cinco meses.<\/p>\n<p>\u201cEstas obras corresponden a una segunda etapa, que comenz\u00f3 con la iluminaci\u00f3n 13 cruces de rutas provinciales, y contin\u00faan con estas tres intersecciones\u201d, inform\u00f3 el presidente de la Direcci\u00f3n Provincial de Vialidad, Rodrigo Cadenas.<\/p>\n<p><img decoding=\"async\" src=\"https:\/\/apn.lapampa.gob.ar\/images\/multimedia\/153193_resize-of-gus_3729.jpg\" \/><\/p>\n<div class=\"oasis-despues-del-contenido\" id=\"oasis-3218093059\"><img loading=\"lazy\" decoding=\"async\" src=\"https:\/\/oasisfm935.com.ar\/site\/wp-content\/uploads\/2020\/08\/47806202-8741-49f2-a5c9-d2f930e5baa1.jpg\" alt=\"\"  srcset=\"https:\/\/oasisfm935.com.ar\/site\/wp-content\/uploads\/2020\/08\/47806202-8741-49f2-a5c9-d2f930e5baa1.jpg 1080w, https:\/\/oasisfm935.com.ar\/site\/wp-content\/uploads\/2020\/08\/47806202-8741-49f2-a5c9-d2f930e5baa1-300x300.jpg 300w, https:\/\/oasisfm935.com.ar\/site\/wp-content\/uploads\/2020\/08\/47806202-8741-49f2-a5c9-d2f930e5baa1-1024x1024.jpg 1024w, https:\/\/oasisfm935.com.ar\/site\/wp-content\/uploads\/2020\/08\/47806202-8741-49f2-a5c9-d2f930e5baa1-150x150.jpg 150w, https:\/\/oasisfm935.com.ar\/site\/wp-content\/uploads\/2020\/08\/47806202-8741-49f2-a5c9-d2f930e5baa1-768x768.jpg 768w\" sizes=\"(max-width: 1080px) 100vw, 1080px\" class=\"no-lazyload\" width=\"1080\" height=\"1080\"  style=\"display: inline-block;\" \/><\/div>","protected":false},"excerpt":{"rendered":"<p>Las obras se realizar\u00e1n Ingeniero Luiggi, en el acceso a Caleuf\u00fa y sobre la Ruta Provincial N\u00b0 102 en el acceso a<\/p>\n","protected":false},"author":4,"featured_media":4264,"comment_status":"closed","ping_status":"open","sticky":false,"template":"","format":"standard","meta":{"colormag_page_layout":"default_layout","footnotes":""},"categories":[2],"tags":[],"class_list":["post-4263","post","type-post","status-publish","format-standard","has-post-thumbnail","hentry","category-noticias"],"_links":{"self":[{"href":"https:\/\/oasisfm935.com.ar\/site\/wp-json\/wp\/v2\/posts\/4263","targetHints":{"allow":["GET"]}}],"collection":[{"href":"https:\/\/oasisfm935.com.ar\/site\/wp-json\/wp\/v2\/posts"}],"about":[{"href":"https:\/\/oasisfm935.com.ar\/site\/wp-json\/wp\/v2\/types\/post"}],"author":[{"embeddable":true,"href":"https:\/\/oasisfm935.com.ar\/site\/wp-json\/wp\/v2\/users\/4"}],"replies":[{"embeddable":true,"href":"https:\/\/oasisfm935.com.ar\/site\/wp-json\/wp\/v2\/comments?post=4263"}],"version-history":[{"count":1,"href":"https:\/\/oasisfm935.com.ar\/site\/wp-json\/wp\/v2\/posts\/4263\/revisions"}],"predecessor-version":[{"id":4265,"href":"https:\/\/oasisfm935.com.ar\/site\/wp-json\/wp\/v2\/posts\/4263\/revisions\/4265"}],"wp:featuredmedia":[{"embeddable":true,"href":"https:\/\/oasisfm935.com.ar\/site\/wp-json\/wp\/v2\/media\/4264"}],"wp:attachment":[{"href":"https:\/\/oasisfm935.com.ar\/site\/wp-json\/wp\/v2\/media?parent=4263"}],"wp:term":[{"taxonomy":"category","embeddable":true,"href":"https:\/\/oasisfm935.com.ar\/site\/wp-json\/wp\/v2\/categories?post=4263"},{"taxonomy":"post_tag","embeddable":true,"href":"https:\/\/oasisfm935.com.ar\/site\/wp-json\/wp\/v2\/tags?post=4263"}],"curies":[{"name":"wp","href":"https:\/\/api.w.org\/{rel}","templated":true}]}}