{"id":4266,"date":"2020-04-20T14:27:13","date_gmt":"2020-04-20T17:27:13","guid":{"rendered":"http:\/\/oasisfm935.com\/site\/?p=4266"},"modified":"2020-04-20T14:27:13","modified_gmt":"2020-04-20T17:27:13","slug":"detienen-financista-de-quemu-por-una-presunta-estafa-millonaria","status":"publish","type":"post","link":"https:\/\/oasisfm935.com.ar\/site\/detienen-financista-de-quemu-por-una-presunta-estafa-millonaria\/","title":{"rendered":"Detienen financista de Quem\u00fa por una presunta \u00abestafa\u00bb millonaria"},"content":{"rendered":"<p>La localidad est\u00e1 convulsionada. Seg\u00fan confirm\u00f3 el fiscal Armando Ag\u00fcero (foto) hasta ahora hay 6 denuncias por 25 millones de pesos.\u00a0<strong>Dicen que la suma podr\u00eda escalar hasta los 500 millones de pesos<\/strong>\u00a0.<\/p>\n<p>Vecinos de Quem\u00fa Quemu empezaron a desfiar ante la justicia en General Pico por una presunta estafa de parte de la financiera\u00a0<strong>\u201cPr\u00e9stamo Efectivo\u201d, propiedad del empresario Cristian Hecker<\/strong>.<\/p>\n<p><img decoding=\"async\" src=\"https:\/\/www.eldiariodelapampa.com.ar\/images\/2020\/Abril_2020\/20-04-2020\/prestamista.jpg\" alt=\"prestamista\" \/><\/p>\n<p>&nbsp;<\/p>\n<p><em><strong>El ascusado y detenido este lunes por la presenta \u00abestafa\u00bb, Cristian Hecker<\/strong>.<\/em><\/p>\n<p>Hasta el momento hay radicadas 6 denuncias por casi 25 millones de pesos, pero en la localidad se habla de dos situaciones en este tema: que la suma total rondar\u00eda los 500 millones de pesos y que el empresario no tendr\u00eda forma de pagar. Ni siquiera con el plan de pagos que est\u00e1 ofreciendo a los inversores con quienes se est\u00e1 reuniendo.<\/p>\n<p>La localidad est\u00e1 convulsionada hace d\u00edas pero hab\u00eda un tenso silencio, fundamentalmente por quienes son las principales v\u00edctimas de las estafas: jubilados e instituciones de la localidad que pusieron su dinero en la financiera para generar un inter\u00e9s y poder cumplir con el objetivo previsto. Entre ellas ha y entidades deportivas, grupo de boy scouts, entre otras adem\u00e1s de particulares.<\/p>\n<p>El fiscal Armando Ag\u00fcero confirm\u00f3 este lunes a\u00a0<strong>El Diario<\/strong>\u00a0que, hasta la ma\u00f1ana de hoy hab\u00eda 6 denuncias, por 25 millones de pesos contra al financiera. El propietario de la financiera ha enviado a los damnificados un escrito sobre las posibles formas de pago y est\u00e1n siendo citados para \u201cexplicar \u201cla situaci\u00f3n y la forma en que Hecker intentar\u00e1 pagar.<\/p>\n<p>La duda surge ante el planteo del propio Hecker, quien indic\u00f3 en su propuesta que\u00a0a\u00fan vendiendo sus empresas (tiene una f\u00e1brica de tanques, otra de mangueras y una de piletas en Trenque Lauquen m\u00e1s parte de una sociedad en una empresa de c\u00e1maras de vigilancia) y las de su madre no se alcanzar\u00eda cubrir ni una m\u00ednima parte de lo adeudado.<\/p>\n<p>La posibilidad es que lleguen a un acuerdo para seguir trabajando y que la facturaci\u00f3n de esas empresas le permita ir cumpliendo con los ahorristas. Esto genera \u00e1un m\u00e1s dudas entre los damnificados que a\u00fan no se reunieron con Hecker para saber si podr\u00e1n o no cobrar.<\/p>\n<div class=\"oasis-despues-del-contenido\" id=\"oasis-4181246901\"><img loading=\"lazy\" decoding=\"async\" src=\"https:\/\/oasisfm935.com.ar\/site\/wp-content\/uploads\/2020\/08\/47806202-8741-49f2-a5c9-d2f930e5baa1.jpg\" alt=\"\"  srcset=\"https:\/\/oasisfm935.com.ar\/site\/wp-content\/uploads\/2020\/08\/47806202-8741-49f2-a5c9-d2f930e5baa1.jpg 1080w, https:\/\/oasisfm935.com.ar\/site\/wp-content\/uploads\/2020\/08\/47806202-8741-49f2-a5c9-d2f930e5baa1-300x300.jpg 300w, https:\/\/oasisfm935.com.ar\/site\/wp-content\/uploads\/2020\/08\/47806202-8741-49f2-a5c9-d2f930e5baa1-1024x1024.jpg 1024w, https:\/\/oasisfm935.com.ar\/site\/wp-content\/uploads\/2020\/08\/47806202-8741-49f2-a5c9-d2f930e5baa1-150x150.jpg 150w, https:\/\/oasisfm935.com.ar\/site\/wp-content\/uploads\/2020\/08\/47806202-8741-49f2-a5c9-d2f930e5baa1-768x768.jpg 768w\" sizes=\"(max-width: 1080px) 100vw, 1080px\" class=\"no-lazyload\" width=\"1080\" height=\"1080\"  style=\"display: inline-block;\" \/><\/div>","protected":false},"excerpt":{"rendered":"<p>La localidad est\u00e1 convulsionada. Seg\u00fan confirm\u00f3 el fiscal Armando Ag\u00fcero (foto) hasta ahora hay 6 denuncias por 25 millones de pesos.\u00a0Dicen que<\/p>\n","protected":false},"author":4,"featured_media":4267,"comment_status":"closed","ping_status":"open","sticky":false,"template":"","format":"standard","meta":{"colormag_page_layout":"default_layout","footnotes":""},"categories":[2],"tags":[],"class_list":["post-4266","post","type-post","status-publish","format-standard","has-post-thumbnail","hentry","category-noticias"],"_links":{"self":[{"href":"https:\/\/oasisfm935.com.ar\/site\/wp-json\/wp\/v2\/posts\/4266","targetHints":{"allow":["GET"]}}],"collection":[{"href":"https:\/\/oasisfm935.com.ar\/site\/wp-json\/wp\/v2\/posts"}],"about":[{"href":"https:\/\/oasisfm935.com.ar\/site\/wp-json\/wp\/v2\/types\/post"}],"author":[{"embeddable":true,"href":"https:\/\/oasisfm935.com.ar\/site\/wp-json\/wp\/v2\/users\/4"}],"replies":[{"embeddable":true,"href":"https:\/\/oasisfm935.com.ar\/site\/wp-json\/wp\/v2\/comments?post=4266"}],"version-history":[{"count":1,"href":"https:\/\/oasisfm935.com.ar\/site\/wp-json\/wp\/v2\/posts\/4266\/revisions"}],"predecessor-version":[{"id":4268,"href":"https:\/\/oasisfm935.com.ar\/site\/wp-json\/wp\/v2\/posts\/4266\/revisions\/4268"}],"wp:featuredmedia":[{"embeddable":true,"href":"https:\/\/oasisfm935.com.ar\/site\/wp-json\/wp\/v2\/media\/4267"}],"wp:attachment":[{"href":"https:\/\/oasisfm935.com.ar\/site\/wp-json\/wp\/v2\/media?parent=4266"}],"wp:term":[{"taxonomy":"category","embeddable":true,"href":"https:\/\/oasisfm935.com.ar\/site\/wp-json\/wp\/v2\/categories?post=4266"},{"taxonomy":"post_tag","embeddable":true,"href":"https:\/\/oasisfm935.com.ar\/site\/wp-json\/wp\/v2\/tags?post=4266"}],"curies":[{"name":"wp","href":"https:\/\/api.w.org\/{rel}","templated":true}]}}