{"id":4281,"date":"2020-04-21T13:14:53","date_gmt":"2020-04-21T16:14:53","guid":{"rendered":"http:\/\/oasisfm935.com\/site\/?p=4281"},"modified":"2020-04-21T13:14:53","modified_gmt":"2020-04-21T16:14:53","slug":"caleufu-tragico-fallecimiento-de-un-trabajador","status":"publish","type":"post","link":"https:\/\/oasisfm935.com.ar\/site\/caleufu-tragico-fallecimiento-de-un-trabajador\/","title":{"rendered":"Caleuf\u00fa:  Tr\u00e1gico fallecimiento de un trabajador"},"content":{"rendered":"<p>El hecho ocurri\u00f3 este martes en una firma cerealera de Caleuf\u00fa.\u00a0La v\u00edctima -aplastada por un chimango- fue identificada como<strong>\u00a0Alejandro Romero, de 47 a\u00f1os<\/strong>.<\/p>\n<p>Un tr\u00e1gico accidente laboral ocurri\u00f3 este martes, poco antes de las 9 de la ma\u00f1ana, en la zona suburbana de la localidad de Caleuf\u00fa. Seg\u00fan pudo saber\u00a0<strong>El Diario<\/strong>\u00a0de fuentes policiales, un trabajador perdi\u00f3 la vida aplastado por un chimango.<\/p>\n<p>El hecho ocurri\u00f3 en la firma cerealera propiedad de Walter Nieto. La v\u00edctima fue identificada como Alejandro Romero, de 47 a\u00f1os de edad.<\/p>\n<p>Con la maquinaria agr\u00edcola trabajaban otros dos operarios.\u00a0<strong>\u00abPor lo que sabemos, los tres empleados estaban moviendo un chimango de lugar&#8230;esta persona estaba en la parte de arriba de la maquinaria, que de pronto se vino a pique y se le cay\u00f3 encima\u00bb<\/strong>, cont\u00f3 la fuente que habl\u00f3 con este diario.<\/p>\n<p>&nbsp;<\/p>\n<p>Diario de la Pampa<\/p>\n<div class=\"oasis-despues-del-contenido\" id=\"oasis-364832050\"><img loading=\"lazy\" decoding=\"async\" src=\"https:\/\/oasisfm935.com.ar\/site\/wp-content\/uploads\/2020\/08\/47806202-8741-49f2-a5c9-d2f930e5baa1.jpg\" alt=\"\"  srcset=\"https:\/\/oasisfm935.com.ar\/site\/wp-content\/uploads\/2020\/08\/47806202-8741-49f2-a5c9-d2f930e5baa1.jpg 1080w, https:\/\/oasisfm935.com.ar\/site\/wp-content\/uploads\/2020\/08\/47806202-8741-49f2-a5c9-d2f930e5baa1-300x300.jpg 300w, https:\/\/oasisfm935.com.ar\/site\/wp-content\/uploads\/2020\/08\/47806202-8741-49f2-a5c9-d2f930e5baa1-1024x1024.jpg 1024w, https:\/\/oasisfm935.com.ar\/site\/wp-content\/uploads\/2020\/08\/47806202-8741-49f2-a5c9-d2f930e5baa1-150x150.jpg 150w, https:\/\/oasisfm935.com.ar\/site\/wp-content\/uploads\/2020\/08\/47806202-8741-49f2-a5c9-d2f930e5baa1-768x768.jpg 768w\" sizes=\"(max-width: 1080px) 100vw, 1080px\" class=\"no-lazyload\" width=\"1080\" height=\"1080\"  style=\"display: inline-block;\" \/><\/div>","protected":false},"excerpt":{"rendered":"<p>El hecho ocurri\u00f3 este martes en una firma cerealera de Caleuf\u00fa.\u00a0La v\u00edctima -aplastada por un chimango- fue identificada como\u00a0Alejandro Romero, de 47<\/p>\n","protected":false},"author":4,"featured_media":4282,"comment_status":"closed","ping_status":"open","sticky":false,"template":"","format":"standard","meta":{"colormag_page_layout":"default_layout","footnotes":""},"categories":[2],"tags":[],"class_list":["post-4281","post","type-post","status-publish","format-standard","has-post-thumbnail","hentry","category-noticias"],"_links":{"self":[{"href":"https:\/\/oasisfm935.com.ar\/site\/wp-json\/wp\/v2\/posts\/4281","targetHints":{"allow":["GET"]}}],"collection":[{"href":"https:\/\/oasisfm935.com.ar\/site\/wp-json\/wp\/v2\/posts"}],"about":[{"href":"https:\/\/oasisfm935.com.ar\/site\/wp-json\/wp\/v2\/types\/post"}],"author":[{"embeddable":true,"href":"https:\/\/oasisfm935.com.ar\/site\/wp-json\/wp\/v2\/users\/4"}],"replies":[{"embeddable":true,"href":"https:\/\/oasisfm935.com.ar\/site\/wp-json\/wp\/v2\/comments?post=4281"}],"version-history":[{"count":1,"href":"https:\/\/oasisfm935.com.ar\/site\/wp-json\/wp\/v2\/posts\/4281\/revisions"}],"predecessor-version":[{"id":4283,"href":"https:\/\/oasisfm935.com.ar\/site\/wp-json\/wp\/v2\/posts\/4281\/revisions\/4283"}],"wp:featuredmedia":[{"embeddable":true,"href":"https:\/\/oasisfm935.com.ar\/site\/wp-json\/wp\/v2\/media\/4282"}],"wp:attachment":[{"href":"https:\/\/oasisfm935.com.ar\/site\/wp-json\/wp\/v2\/media?parent=4281"}],"wp:term":[{"taxonomy":"category","embeddable":true,"href":"https:\/\/oasisfm935.com.ar\/site\/wp-json\/wp\/v2\/categories?post=4281"},{"taxonomy":"post_tag","embeddable":true,"href":"https:\/\/oasisfm935.com.ar\/site\/wp-json\/wp\/v2\/tags?post=4281"}],"curies":[{"name":"wp","href":"https:\/\/api.w.org\/{rel}","templated":true}]}}